{"id":298821,"date":"2025-08-05T20:04:12","date_gmt":"2025-08-05T20:04:12","guid":{"rendered":"https:\/\/www.europesays.com\/fr\/298821\/"},"modified":"2025-08-05T20:04:12","modified_gmt":"2025-08-05T20:04:12","slug":"le-fabulous-festival-3-jours-de-fete-en-chateau-pres-de-toulouse","status":"publish","type":"post","link":"https:\/\/www.europesays.com\/fr\/298821\/","title":{"rendered":"Le Fabulous Festival, 3 jours de f\u00eate en ch\u00e2teau pr\u00e8s de Toulouse"},"content":{"rendered":"<p>Du <strong>22 au 24 ao\u00fbt,<\/strong> le <strong>Fabulous Festival<\/strong> revient pour <a href=\"https:\/\/fabulous-festival.fr\/\" rel=\"nofollow noopener\" target=\"_blank\">une 6e \u00e9dition<\/a> \u00e0 30 minutes de Toulouse. Plus pr\u00e9cis\u00e9ment, au Ch\u00e2teau de la Garrigue \u00e0 Villemur-sur-Tarn. Trois jours de musiques \u00e9lectroniques au programme, avec plus de 30 artistes ! Ceux-ci seront r\u00e9partis sur deux sc\u00e8nes pour 30 heures de f\u00eate, dans un cadre toujours aussi singulier.<\/p>\n<p>Un ch\u00e2teau transform\u00e9 en terrain de jeu \u00e9lectronique<\/p>\n<p>Install\u00e9 depuis ses d\u00e9buts dans le parc du Ch\u00e2teau de la Garrigue, le festival propose un format \u00e0 taille humaine. Mais cela dans un lieu pour le moins atypique : lac artificiel, piscine en forme de violon, salle de concert en forme de piano, et un parc arbor\u00e9 am\u00e9nag\u00e9 pour accueillir les festivaliers.<\/p>\n<p>Deux sc\u00e8nes seront \u00e0 nouveau propos\u00e9es cette ann\u00e9e :<\/p>\n<ul class=\"wp-block-list\">\n<li>une <strong>sc\u00e8ne Ch\u00e2teau<\/strong> en open air, active de jour comme de nuit<\/li>\n<li>une <strong>warehouse<\/strong> en configuration 360\u00b0, pens\u00e9e pour des sets plus immersifs, au plus proche des artistes<\/li>\n<\/ul>\n<p><img loading=\"lazy\" data-lazyloaded=\"1\" decoding=\"async\" width=\"819\" height=\"1024\" src=\"https:\/\/www.europesays.com\/fr\/wp-content\/uploads\/2025\/08\/credit-Adrien-Ulis-819x1024.jpg\" alt=\"Photo du Fabulous Festival\" class=\"wp-image-160485\"  data-\/>Adrien Ulis<\/p>\n<p>C\u00f4t\u00e9 confort, l\u2019organisation mise sur des basiques solides. Accueil 24h\/24, camping ombrag\u00e9, douches et sanitaires propres, mais aussi syst\u00e8me son L-Acoustics sur chaque sc\u00e8ne. A noter que le parking est gratuit et le covoiturage vivement recommand\u00e9.<\/p>\n<p>Fabulous Festival, une programmation entre Techno, Trance, Acid et House<\/p>\n<p>Cette sixi\u00e8me \u00e9dition affiche une programmation \u00e9clectique, toujours orient\u00e9e musiques \u00e9lectroniques, avec une dominante Techno et Hard Techno. On retrouvera aussi des sonorit\u00e9s plus housy ou trancy selon les moments de la journ\u00e9e.<\/p>\n<p>Parmi les noms annonc\u00e9s : <strong>Perceval, Creeds, The Rocketman, DJ Schnake, ASY*S b2b T78, Sk\u00f6ne &amp; Protokseed, Emma Ollivary, Canelle Doublekick, Leblanc<\/strong> ou encore <strong>FLKN<\/strong>. En tout, plus de <strong>30 artistes europ\u00e9ens<\/strong> se succ\u00e9deront entre vendredi et dimanche. La journ\u00e9e du dimanche proposera un format r\u00e9duit jusqu\u2019\u00e0 21h, dans une ambiance plus chill en guise de cl\u00f4ture. Alors <a href=\"https:\/\/shotgun.live\/fr\/festivals\/fabulous-festival-2025\" target=\"_blank\" rel=\"noreferrer noopener nofollow\">n\u2019attendez plus pour prendre vos billets !<\/a><\/p>\n","protected":false},"excerpt":{"rendered":"Du 22 au 24 ao\u00fbt, le Fabulous Festival revient pour une 6e \u00e9dition \u00e0 30 minutes de Toulouse.&hellip;\n","protected":false},"author":2,"featured_media":298822,"comment_status":"","ping_status":"","sticky":false,"template":"","format":"standard","meta":{"footnotes":""},"categories":[2816],"tags":[1111,11,18587,1777,674,1011,27,43881,12,2680,43882,25,2312],"class_list":{"0":"post-298821","1":"post","2":"type-post","3":"status-publish","4":"format-standard","5":"has-post-thumbnail","7":"category-toulouse","8":"tag-actu","9":"tag-actualites","10":"tag-creeds","11":"tag-eu","12":"tag-europe","13":"tag-fr","14":"tag-france","15":"tag-leblanc","16":"tag-news","17":"tag-occitanie","18":"tag-perceval","19":"tag-republique-francaise","20":"tag-toulouse"},"share_on_mastodon":{"url":"https:\/\/pubeurope.com\/@fr\/114977955122762187","error":""},"_links":{"self":[{"href":"https:\/\/www.europesays.com\/fr\/wp-json\/wp\/v2\/posts\/298821","targetHints":{"allow":["GET"]}}],"collection":[{"href":"https:\/\/www.europesays.com\/fr\/wp-json\/wp\/v2\/posts"}],"about":[{"href":"https:\/\/www.europesays.com\/fr\/wp-json\/wp\/v2\/types\/post"}],"author":[{"embeddable":true,"href":"https:\/\/www.europesays.com\/fr\/wp-json\/wp\/v2\/users\/2"}],"replies":[{"embeddable":true,"href":"https:\/\/www.europesays.com\/fr\/wp-json\/wp\/v2\/comments?post=298821"}],"version-history":[{"count":0,"href":"https:\/\/www.europesays.com\/fr\/wp-json\/wp\/v2\/posts\/298821\/revisions"}],"wp:featuredmedia":[{"embeddable":true,"href":"https:\/\/www.europesays.com\/fr\/wp-json\/wp\/v2\/media\/298822"}],"wp:attachment":[{"href":"https:\/\/www.europesays.com\/fr\/wp-json\/wp\/v2\/media?parent=298821"}],"wp:term":[{"taxonomy":"category","embeddable":true,"href":"https:\/\/www.europesays.com\/fr\/wp-json\/wp\/v2\/categories?post=298821"},{"taxonomy":"post_tag","embeddable":true,"href":"https:\/\/www.europesays.com\/fr\/wp-json\/wp\/v2\/tags?post=298821"}],"curies":[{"name":"wp","href":"https:\/\/api.w.org\/{rel}","templated":true}]}}