{"id":298826,"date":"2025-08-05T20:08:13","date_gmt":"2025-08-05T20:08:13","guid":{"rendered":"https:\/\/www.europesays.com\/fr\/298826\/"},"modified":"2025-08-05T20:08:13","modified_gmt":"2025-08-05T20:08:13","slug":"lolympique-de-marseille-recrute-un-nouveau-directeur-de-la-restauration","status":"publish","type":"post","link":"https:\/\/www.europesays.com\/fr\/298826\/","title":{"rendered":"L&rsquo;Olympique de Marseille recrute un nouveau directeur de la restauration"},"content":{"rendered":"<p><img fetchpriority=\"high\" decoding=\"async\" width=\"620\" height=\"413\" src=\"https:\/\/www.europesays.com\/fr\/wp-content\/uploads\/2025\/07\/OM-Olympique-de-Marseille-illustration-620x413.jpg\" alt=\"OM : L'Olympique de Marseille recrute un nouveau directeur de la restauration\" class=\"wp-image-337570\"  \/>L\u2019Olympique de Marseille se renforce, autrement que sur le rectangle vert.<\/p>\n<p>L\u2019<a href=\"https:\/\/sportune.20minutes.fr\/olympique-de-marseille-om\" rel=\"nofollow noopener\" target=\"_blank\">Olympique de Marseille<\/a> a nomm\u00e9 Amar Lacidi au poste de directeur de la restauration pour l\u2019\u00e9quipe professionnelle. Le concern\u00e9 a annonc\u00e9 sa prise de fonction via sa page Linkedin, ce mardi. Le nouveau directeur de la restauration aura pour mission de superviser l\u2019alimentation de l\u2019\u00e9quipe premi\u00e8re de l\u2019<a href=\"https:\/\/sportune.20minutes.fr\/olympique-de-marseille-om\" rel=\"nofollow noopener\" target=\"_blank\">OM<\/a>, un aspect crucial de la pr\u00e9paration des joueurs professionnels.<\/p>\n<p>Amar Lacidi rejoint l\u2019<a href=\"https:\/\/sportune.20minutes.fr\/olympique-de-marseille-om\" rel=\"nofollow noopener\" target=\"_blank\">OM<\/a> apr\u00e8s une carri\u00e8re de plusieurs ann\u00e9es dans le secteur de la restauration. Tel qu\u2019il le rapporte dans son parcours professionnel personnel, il occupait depuis octobre 2021 le poste de chef de secteur chez API Restauration, soci\u00e9t\u00e9 bas\u00e9e \u00e0 Meyreuil dans les Bouches-du-Rh\u00f4ne. Son CV inclut \u00e9galement un passage de huit ans et neuf mois comme responsable des op\u00e9rations chez Acsent.<\/p>\n<p>Dans son message Linkedin, Amar Lacidi pr\u00e9sente cette nomination comme un \u00ab\u00a0retour aux sources\u00a0\u00bb apr\u00e8s ses ann\u00e9es en tant que responsable de secteur. Il exprime sa volont\u00e9 de renouer avec le terrain op\u00e9rationnel et le contact direct avec les \u00e9quipes de cuisine. Le nouveau directeur de la restauration souligne l\u2019honneur que repr\u00e9sente cette mission au service du club phoc\u00e9en. Il d\u00e9crit ce poste comme \u00ab\u00a0une responsabilit\u00e9, un engagement, et une immense fiert\u00e9\u00a0\u00bb.<\/p><\/p>\n","protected":false},"excerpt":{"rendered":"L\u2019Olympique de Marseille se renforce, autrement que sur le rectangle vert. L\u2019Olympique de Marseille a nomm\u00e9 Amar Lacidi&hellip;\n","protected":false},"author":2,"featured_media":252240,"comment_status":"","ping_status":"","sticky":false,"template":"","format":"standard","meta":{"footnotes":""},"categories":[2814],"tags":[1111,11,1777,674,1011,27,884,12,149,882,25,969],"class_list":{"0":"post-298826","1":"post","2":"type-post","3":"status-publish","4":"format-standard","5":"has-post-thumbnail","7":"category-marseille","8":"tag-actu","9":"tag-actualites","10":"tag-eu","11":"tag-europe","12":"tag-fr","13":"tag-france","14":"tag-marseille","15":"tag-news","16":"tag-om","17":"tag-provence-alpes-cote-dazur","18":"tag-republique-francaise","19":"tag-transfert"},"share_on_mastodon":{"url":"https:\/\/pubeurope.com\/@fr\/114977970940221306","error":""},"_links":{"self":[{"href":"https:\/\/www.europesays.com\/fr\/wp-json\/wp\/v2\/posts\/298826","targetHints":{"allow":["GET"]}}],"collection":[{"href":"https:\/\/www.europesays.com\/fr\/wp-json\/wp\/v2\/posts"}],"about":[{"href":"https:\/\/www.europesays.com\/fr\/wp-json\/wp\/v2\/types\/post"}],"author":[{"embeddable":true,"href":"https:\/\/www.europesays.com\/fr\/wp-json\/wp\/v2\/users\/2"}],"replies":[{"embeddable":true,"href":"https:\/\/www.europesays.com\/fr\/wp-json\/wp\/v2\/comments?post=298826"}],"version-history":[{"count":0,"href":"https:\/\/www.europesays.com\/fr\/wp-json\/wp\/v2\/posts\/298826\/revisions"}],"wp:featuredmedia":[{"embeddable":true,"href":"https:\/\/www.europesays.com\/fr\/wp-json\/wp\/v2\/media\/252240"}],"wp:attachment":[{"href":"https:\/\/www.europesays.com\/fr\/wp-json\/wp\/v2\/media?parent=298826"}],"wp:term":[{"taxonomy":"category","embeddable":true,"href":"https:\/\/www.europesays.com\/fr\/wp-json\/wp\/v2\/categories?post=298826"},{"taxonomy":"post_tag","embeddable":true,"href":"https:\/\/www.europesays.com\/fr\/wp-json\/wp\/v2\/tags?post=298826"}],"curies":[{"name":"wp","href":"https:\/\/api.w.org\/{rel}","templated":true}]}}