{"id":298827,"date":"2025-08-05T20:09:14","date_gmt":"2025-08-05T20:09:14","guid":{"rendered":"https:\/\/www.europesays.com\/fr\/298827\/"},"modified":"2025-08-05T20:09:14","modified_gmt":"2025-08-05T20:09:14","slug":"la-fete-de-la-science-2025-se-prepare-en-auvergne-rhone-alpes","status":"publish","type":"post","link":"https:\/\/www.europesays.com\/fr\/298827\/","title":{"rendered":"La F\u00eate de la Science 2025 se pr\u00e9pare en Auvergne-Rh\u00f4ne-Alpes"},"content":{"rendered":"<p>C\u2019est un \u00e9v\u00e9nement qui fait la passerelle entre le milieu scientifique et la population\u2026 La F\u00eate de la Science posera ses valises partout en France pour sa 35\u00e8me \u00e9dition en octobre prochain.<\/p>\n<p>Lanc\u00e9 en 1991 \u00e0 l\u2019initiative du <strong>minist\u00e8re de l\u2019Enseignement sup\u00e9rieur et de la Recherche<\/strong>, la <strong>F\u00eate de la Science<\/strong>, est \u201cune <strong><a href=\"https:\/\/www.fetedelascience.fr\/\" target=\"_blank\" rel=\"noreferrer noopener\">manifestation populaire et gratuite<\/a><\/strong> qui c\u00e9l\u00e8bre <strong>les sciences, les techniques et les innovations<\/strong>.\u201d <strong>Catherine Lenne, ambassadrice de la F\u00eate de la Science 2025 en <a href=\"https:\/\/www.fetedelascience-aura.com\/\" target=\"_blank\" rel=\"noreferrer noopener\">Auvergne-Rh\u00f4ne-Alpes<\/a><\/strong> donne quelques pr\u00e9cisions.<\/p>\n<p>Ecoutez le podcast<\/p>\n<p>F\u00eate de la Science 2025<\/p>\n<p>Cette ann\u00e9e, le th\u00e8me c\u2019est l\u2019<strong>intelligence<\/strong>. <strong>Catherine Lenne<\/strong> nous explique pourquoi <\/p>\n<p>\u201cParce qu\u2019actuellement, on parle beaucoup d\u2019<strong>intelligence artificielle<\/strong> et qu\u2019on compare \u00e0 l\u2019<strong>intelligence humaine<\/strong>. Et donc on a des inqui\u00e9tudes, des r\u00eaves, des espoirs sur cette <strong>intelligence artificielle<\/strong>. C\u2019est une th\u00e9matique qui est tr\u00e8s porteuse. On a une esp\u00e8ce de peur qui est n\u00e9e, une inqui\u00e9tude qui est n\u00e9e de la soci\u00e9t\u00e9 vis-\u00e0-vis de ces <strong>intelligences artificielles<\/strong>. Et la <strong>F\u00eate de la Science 2025 <\/strong>autour de cette th\u00e9matique, c\u2019est peut-\u00eatre l\u2019occasion de s\u2019arr\u00eater un peu et de se poser la question. Qu\u2019est-ce que c\u2019est que cette <strong>intelligence artificielle<\/strong> ? Quelles sont les formes de ces intelligences ? Parce qu\u2019il y a <strong>diff\u00e9rentes formes<\/strong>. Et est-ce qu\u2019elles vont commander ma vie ? Est-ce que moi en tant que citoyen, je peux me faire une id\u00e9e des <strong>limites de cette intelligence artificielle<\/strong> ? Je pense que c\u2019est un <strong>bel exercice d\u2019esprit critique<\/strong> qui nous est offert avec cette <strong>th\u00e9matique autour de l\u2019intelligence<\/strong>\u00ab\u00a0.\u00a0<\/p>\n<p>Ecoutez aussi <\/p>\n<p>I<a href=\"https:\/\/www.lyondemain.fr\/industrie-et-ia-intelligence-artificielle\/\" target=\"_blank\" rel=\"noreferrer noopener\">ndustrie et IA : \u00ab\u00a0Des assistants \u00e0 des super experts\u00a0\u00bb<\/a><\/p>\n<p><img fetchpriority=\"high\" decoding=\"async\" width=\"1200\" height=\"675\" src=\"https:\/\/www.europesays.com\/fr\/wp-content\/uploads\/2025\/08\/Fete-de-la-Science-2025-Catherine-Lenne.png\" alt=\"Catherine Lenne\" class=\"wp-image-250863\"  \/>Catherine Lenne<\/p>\n<p>Un programme bien rempli <\/p>\n<p>En <strong>Auvergne-Rh\u00f4ne-Alpes<\/strong>, pendant les dix jours de l\u2019\u00e9v\u00e9nement, on retrouvera des animations <strong>de Bourg-en-Bresse \u00e0 Grenoble<\/strong>, en passant par les <strong>Monts du Lyonnais<\/strong>, <strong>Saint-\u00c9tienne<\/strong> et bien s\u00fbr \u00e0 <strong>Lyon<\/strong>. <strong>Catherine Lenne<\/strong> revient sur les activit\u00e9s qui y seront propos\u00e9es :<\/p>\n<p>\u201cOn va retrouver d\u00e9j\u00e0 des personnes, des individus, des collectifs. Ces personnes, ces individus, ces collectifs, ce sont les <strong>chercheurs et chercheuses<\/strong>, les <strong>enseignants-chercheurs et enseignantes-chercheuses<\/strong> comme moi. Je dirais que ce sont des rencontres du monde de la science vivante. Celles et ceux qui font cette science, qui la fabriquent dans les labos\u2026 Et ceux qui, finalement, la financent. C\u2019est-\u00e0-dire, vous et moi, nos imp\u00f4ts. Puisque notre recherche est fortement soutenue et financ\u00e9e par de l\u2019argent public. Et donc, c\u2019est aussi un moyen de se rendre compte de ce qui se passe dans les <strong>labos<\/strong>, dans mon pays. Est-ce que mon pays est un <strong>pays de chercheurs et de chercheuses<\/strong> ? Et se rendre compte des avanc\u00e9es qui sont faites dans nos <strong>laboratoires<\/strong>\u00a0\u00bb conclut <strong>Catherine Lenne<\/strong>.<\/p>\n<blockquote class=\"instagram-media\" data-instgrm-captioned=\"\" data-instgrm-permalink=\"https:\/\/www.instagram.com\/reel\/DLXkjU1Kqoa\/?utm_source=ig_embed&amp;utm_campaign=loading\" data-instgrm-version=\"14\" style=\" background:#FFF; border:0; border-radius:3px; box-shadow:0 0 1px 0 rgba(0,0,0,0.5),0 1px 10px 0 rgba(0,0,0,0.15); margin: 1px; max-width:540px; min-width:326px; padding:0; width:99.375%; width:-webkit-calc(100% - 2px); width:calc(100% - 2px);\"\/>\n<p>Ecoutez aussi <\/p>\n<p><a href=\"https:\/\/www.lyondemain.fr\/nuits-des-etoiles-2025-cala-lyon\/\" target=\"_blank\" rel=\"noreferrer noopener\">Nuits des Etoiles 2025 : le CALA vous promet la Lune et bien plus<\/a><\/p>\n<p><img loading=\"lazy\" decoding=\"async\" width=\"1200\" height=\"675\" src=\"https:\/\/www.europesays.com\/fr\/wp-content\/uploads\/2025\/08\/Fete-de-la-Science-2025.jpg\" alt=\"F\u00eate de la Science 2025\" class=\"wp-image-250864\"  \/><br \/>\nJ\u2019aime \u00e7a\u00a0:<\/p>\n<p>J\u2019aime chargement\u2026<\/p>\n<p><a class=\"sd-link-color\"\/><\/p>\n<p>\n\tArticles similaires\n<\/p>\n<p>\t\t\t\t<img decoding=\"async\" src=\"https:\/\/www.europesays.com\/fr\/wp-content\/uploads\/2025\/08\/1754424554_940_7866158698e17e8ed633c05e8f8e7fe5d9e057ad78661c4dc34e413abb6b9f19\" alt=\"G\u00e9rald Bouchon\"\/><\/p>\n<p>Pionnier des radios libres, passionn\u00e9 de radio, journaliste et dirigeant de m\u00e9dias \u00e9co-responsables..<\/p>\n<p>\t\t\t<script async src=\"\/\/www.instagram.com\/embed.js\"><\/script><\/p>\n","protected":false},"excerpt":{"rendered":"C\u2019est un \u00e9v\u00e9nement qui fait la passerelle entre le milieu scientifique et la population\u2026 La F\u00eate de la&hellip;\n","protected":false},"author":2,"featured_media":298828,"comment_status":"","ping_status":"","sticky":false,"template":"","format":"standard","meta":{"footnotes":""},"categories":[1889],"tags":[1111,11,2430,43883,7079,1777,674,43884,1011,27,5701,223,2428,12,959,25],"class_list":{"0":"post-298827","1":"post","2":"type-post","3":"status-publish","4":"format-standard","5":"has-post-thumbnail","7":"category-lyon","8":"tag-actu","9":"tag-actualites","10":"tag-auvergne-rhone-alpes","11":"tag-catherine-lenne","12":"tag-chercheurs","13":"tag-eu","14":"tag-europe","15":"tag-fete-de-la-science","16":"tag-fr","17":"tag-france","18":"tag-innovation","19":"tag-intelligence-artificielle","20":"tag-lyon","21":"tag-news","22":"tag-recherche","23":"tag-republique-francaise"},"share_on_mastodon":{"url":"https:\/\/pubeurope.com\/@fr\/114977974799966488","error":""},"_links":{"self":[{"href":"https:\/\/www.europesays.com\/fr\/wp-json\/wp\/v2\/posts\/298827","targetHints":{"allow":["GET"]}}],"collection":[{"href":"https:\/\/www.europesays.com\/fr\/wp-json\/wp\/v2\/posts"}],"about":[{"href":"https:\/\/www.europesays.com\/fr\/wp-json\/wp\/v2\/types\/post"}],"author":[{"embeddable":true,"href":"https:\/\/www.europesays.com\/fr\/wp-json\/wp\/v2\/users\/2"}],"replies":[{"embeddable":true,"href":"https:\/\/www.europesays.com\/fr\/wp-json\/wp\/v2\/comments?post=298827"}],"version-history":[{"count":0,"href":"https:\/\/www.europesays.com\/fr\/wp-json\/wp\/v2\/posts\/298827\/revisions"}],"wp:featuredmedia":[{"embeddable":true,"href":"https:\/\/www.europesays.com\/fr\/wp-json\/wp\/v2\/media\/298828"}],"wp:attachment":[{"href":"https:\/\/www.europesays.com\/fr\/wp-json\/wp\/v2\/media?parent=298827"}],"wp:term":[{"taxonomy":"category","embeddable":true,"href":"https:\/\/www.europesays.com\/fr\/wp-json\/wp\/v2\/categories?post=298827"},{"taxonomy":"post_tag","embeddable":true,"href":"https:\/\/www.europesays.com\/fr\/wp-json\/wp\/v2\/tags?post=298827"}],"curies":[{"name":"wp","href":"https:\/\/api.w.org\/{rel}","templated":true}]}}