{"id":298832,"date":"2025-08-05T20:13:13","date_gmt":"2025-08-05T20:13:13","guid":{"rendered":"https:\/\/www.europesays.com\/fr\/298832\/"},"modified":"2025-08-05T20:13:13","modified_gmt":"2025-08-05T20:13:13","slug":"le-rwanda-accepte-daccueillir-jusqua-250-migrants-expulses-des-etats-unis","status":"publish","type":"post","link":"https:\/\/www.europesays.com\/fr\/298832\/","title":{"rendered":"Le Rwanda accepte d&rsquo;accueillir jusqu&rsquo;\u00e0 250 migrants expuls\u00e9s des Etats-Unis"},"content":{"rendered":"<p class=\"c-chapo \">\n  Le gouvernement rwandais a justifi\u00e9 cette d\u00e9cision \u00ab\u00a0parce que presque toutes les familles rwandaises ont connu les difficult\u00e9s du d\u00e9placement et que nos valeurs soci\u00e9tales reposent sur la r\u00e9int\u00e9gration et la r\u00e9habilitation\u00a0\u00bb.\n<\/p>\n<p>            lire plus tard<\/p>\n<p id=\"dialog__title\" class=\"dialog__title\">Pour sauvegarder cet article, connectez-vous ou cr\u00e9ez un compte franceinfo<\/p>\n<p class=\"dialog__description\">Sans paiement. Sans abonnement.<\/p>\n<p>        Fermer la fen\u00eatre d\u2019activation des notifications France Info<\/p>\n<p>            cr\u00e9er votre compte<\/p>\n<p>            se connecter<\/p>\n<p>        Fermer la fen\u00eatre de pr\u00e9sentation<\/p>\n<p>    <img loading=\"lazy\" decoding=\"async\" class=\"signature__image lazyload\" width=\"100\" height=\"100\" data- alt=\"\" src=\"https:\/\/www.europesays.com\/fr\/wp-content\/uploads\/2025\/05\/64a68815cd1a7_placeholder-36b69ec8.png\"\/><\/p>\n<p>    Publi\u00e9 le 05\/08\/2025 18:07<\/p>\n<p>        Temps de lecture : 1min<\/p>\n<p>    <img decoding=\"async\"  alt=\"Le ministre des Affaires \u00e9trang\u00e8res rwandais, Olivier Nduhungirehe (\u00e0 gauche), et le pr\u00e9sident am\u00e9ricain, Donald Trump (\u00e0 droite), le 27 juin 2025 \u00e0 Washington (Etats-Unis). (ANDREW CABALLERO-REYNOLDS \/ AFP)\" width=\"432\" height=\"243\" src=\"https:\/\/www.europesays.com\/fr\/wp-content\/uploads\/2025\/08\/000-644a23f-68922beab0e05224773861.jpg\" fetchpriority=\"high\"\/><\/p>\n<p>      Le ministre des Affaires \u00e9trang\u00e8res rwandais, Olivier Nduhungirehe (\u00e0 gauche), et le pr\u00e9sident am\u00e9ricain, Donald Trump (\u00e0 droite), le 27 juin 2025 \u00e0 Washington (Etats-Unis). (ANDREW CABALLERO-REYNOLDS \/ AFP)<\/p>\n<p>Le gouvernement rwandais a annonc\u00e9, mardi 5\u00a0ao\u00fbt \u00e0 l&rsquo;AFP, qu&rsquo;il accueillera jusqu&rsquo;\u00e0 250\u00a0migrants expuls\u00e9s des Etats-Unis dans le cadre d&rsquo;un accord conclu avec Washington. Ces derniers mois, Donald Trump <a href=\"https:\/\/www.franceinfo.fr\/monde\/usa\/la-cour-supreme-americaine-suspend-les-expulsions-de-migrants-venezueliens-decidees-par-l-administration-trump_7198686.html\" rel=\"nofollow noopener\" target=\"_blank\">a lanc\u00e9 une vaste campagne d&rsquo;expulsions<\/a>, n\u00e9gociant des arrangements tr\u00e8s controvers\u00e9s pour envoyer des migrants pr\u00e9sents sur le sol am\u00e9ricain vers des pays tiers.<\/p>\n<p>\u00ab\u00a0Le Rwanda a convenu avec les Etats-Unis d&rsquo;accueillir jusqu&rsquo;\u00e0 250\u00a0migrants. Notamment parce que presque toutes les familles rwandaises ont connu les difficult\u00e9s du d\u00e9placement et que nos valeurs soci\u00e9tales reposent sur la r\u00e9int\u00e9gration et la r\u00e9habilitation\u00a0\u00bb, a expliqu\u00e9 sa porte-parole Yolande Makolo.<\/p>\n<p>\u00ab\u00a0En vertu de cet accord, le Rwanda a la possibilit\u00e9 d&rsquo;approuver chaque personne propos\u00e9e pour la r\u00e9installation\u00a0\u00bb, a-t-elle ajout\u00e9, sans d\u00e9tailler de calendrier, ni les nationalit\u00e9s des individus en question, ni ce que le Rwanda recevra en contrepartie. \u00ab\u00a0Je fournirai plus de d\u00e9tails une fois que ceux-ci auront \u00e9t\u00e9 \u00e9labor\u00e9s\u00a0\u00bb, a-t-elle d\u00e9clar\u00e9 dans une r\u00e9ponse \u00e9crite \u00e0 l&rsquo;AFP.<\/p>\n<p>Le Rwanda avait sign\u00e9 un accord similaire <a href=\"https:\/\/www.franceinfo.fr\/monde\/afrique\/rwanda\/royaume-uni-sept-questions-sur-le-projet-du-gouvernement-d-expulser-des-migrants-vers-le-rwanda_5196925.html\" rel=\"nofollow noopener\" target=\"_blank\">avec le Royaume-Uni<\/a>, mais <a href=\"https:\/\/www.franceinfo.fr\/monde\/afrique\/rwanda\/royaume-uni-annulation-d-un-vol-cense-expulser-des-migrants-vers-le-rwanda_5198566.html\" rel=\"nofollow noopener\" target=\"_blank\">il avait finalement \u00e9t\u00e9 annul\u00e9 en 2024<\/a> par le gouvernement travailliste britannique \u00e0 son arriv\u00e9e au pouvoir, apr\u00e8s avoir caus\u00e9 d&rsquo;intenses pol\u00e9miques.<\/p>\n<p class=\"related-tags__title\" role=\"heading\" aria-level=\"2\">les mots-cl\u00e9s associ\u00e9s \u00e0 cet article\n    <\/p>\n","protected":false},"excerpt":{"rendered":"Le gouvernement rwandais a justifi\u00e9 cette d\u00e9cision \u00ab\u00a0parce que presque toutes les familles rwandaises ont connu les difficult\u00e9s&hellip;\n","protected":false},"author":2,"featured_media":298833,"comment_status":"","ping_status":"","sticky":false,"template":"","format":"standard","meta":{"footnotes":""},"categories":[1888],"tags":[1111,1928,11,1927,1777,674,1011,27,12,1926,626,1925,25],"class_list":{"0":"post-298832","1":"post","2":"type-post","3":"status-publish","4":"format-standard","5":"has-post-thumbnail","7":"category-paris","8":"tag-actu","9":"tag-actu-paris","10":"tag-actualites","11":"tag-actualites-paris","12":"tag-eu","13":"tag-europe","14":"tag-fr","15":"tag-france","16":"tag-news","17":"tag-news-paris","18":"tag-paris","19":"tag-paris-news","20":"tag-republique-francaise"},"share_on_mastodon":{"url":"https:\/\/pubeurope.com\/@fr\/114977990556843248","error":""},"_links":{"self":[{"href":"https:\/\/www.europesays.com\/fr\/wp-json\/wp\/v2\/posts\/298832","targetHints":{"allow":["GET"]}}],"collection":[{"href":"https:\/\/www.europesays.com\/fr\/wp-json\/wp\/v2\/posts"}],"about":[{"href":"https:\/\/www.europesays.com\/fr\/wp-json\/wp\/v2\/types\/post"}],"author":[{"embeddable":true,"href":"https:\/\/www.europesays.com\/fr\/wp-json\/wp\/v2\/users\/2"}],"replies":[{"embeddable":true,"href":"https:\/\/www.europesays.com\/fr\/wp-json\/wp\/v2\/comments?post=298832"}],"version-history":[{"count":0,"href":"https:\/\/www.europesays.com\/fr\/wp-json\/wp\/v2\/posts\/298832\/revisions"}],"wp:featuredmedia":[{"embeddable":true,"href":"https:\/\/www.europesays.com\/fr\/wp-json\/wp\/v2\/media\/298833"}],"wp:attachment":[{"href":"https:\/\/www.europesays.com\/fr\/wp-json\/wp\/v2\/media?parent=298832"}],"wp:term":[{"taxonomy":"category","embeddable":true,"href":"https:\/\/www.europesays.com\/fr\/wp-json\/wp\/v2\/categories?post=298832"},{"taxonomy":"post_tag","embeddable":true,"href":"https:\/\/www.europesays.com\/fr\/wp-json\/wp\/v2\/tags?post=298832"}],"curies":[{"name":"wp","href":"https:\/\/api.w.org\/{rel}","templated":true}]}}