{"id":298834,"date":"2025-08-05T20:14:17","date_gmt":"2025-08-05T20:14:17","guid":{"rendered":"https:\/\/www.europesays.com\/fr\/298834\/"},"modified":"2025-08-05T20:14:17","modified_gmt":"2025-08-05T20:14:17","slug":"lascension-dun-comedien-valaisan-a-paris-stoppee-par-un-cancer-un-an-apres-il-relie-paris-a-avignon-a-velo","status":"publish","type":"post","link":"https:\/\/www.europesays.com\/fr\/298834\/","title":{"rendered":"L\u2019ascension d\u2019un com\u00e9dien valaisan \u00e0 Paris stopp\u00e9e par un cancer. Un an apr\u00e8s, il relie Paris \u00e0 Avignon \u00e0 v\u00e9lo"},"content":{"rendered":"\n<p>Le com\u00e9dien Dennis Mader, qui a grandi \u00e0 Crans-Montana, est en pleine ascension \u00e0 Paris lorsqu\u2019il re\u00e7oit le diagnostic de cancer. Apr\u00e8s un an et demi de traitement, il tourne la page en effectuant le trajet de Paris \u00e0 Avignon \u00e0 v\u00e9lo.<\/p>\n<p>  <a href=\"https:\/\/www.lenouvelliste.ch\/auteurs\/savioz-403498\" class=\"image-container\" target=\"_blank\" rel=\"noopener\">   <img   alt=\"SAVIOZ_CHRISTINE_NB_2\" draggable=\"false\" loading=\"lazy\" decoding=\"async\" class=\"no-class nuxt-aio-img\" data-v-5cc4a2ec=\"\"\/><\/a>      <img src=\"https:\/\/www.europesays.com\/fr\/wp-content\/uploads\/2025\/08\/mader-velo-2.jpg\"   alt=\"De passage en Valais apr\u00e8s son d\u00e9fi \u00e0 v\u00e9lo, Dennis Mader raconte avoir appris \u00e0 croquer la vie encore plus intens\u00e9ment.\" draggable=\"false\" loading=\"eager\" decoding=\"async\" class=\"no-class nuxt-aio-img nolazyLoad\" data-v-5cc4a2ec=\"\"\/> <\/p>\n<p>\n              De passage en Valais apr\u00e8s son d\u00e9fi \u00e0 v\u00e9lo, Dennis Mader raconte avoir appris \u00e0 croquer la vie encore plus intens\u00e9ment.\n            <\/p>\n<p>              Sabine Papilloud<\/p>\n","protected":false},"excerpt":{"rendered":"Le com\u00e9dien Dennis Mader, qui a grandi \u00e0 Crans-Montana, est en pleine ascension \u00e0 Paris lorsqu\u2019il re\u00e7oit le&hellip;\n","protected":false},"author":2,"featured_media":298835,"comment_status":"","ping_status":"","sticky":false,"template":"","format":"standard","meta":{"footnotes":""},"categories":[1888],"tags":[1111,1928,11,1927,43886,43885,1687,1777,674,1011,27,43887,12,1926,626,1925,25,71,16804],"class_list":{"0":"post-298834","1":"post","2":"type-post","3":"status-publish","4":"format-standard","5":"has-post-thumbnail","7":"category-paris","8":"tag-actu","9":"tag-actu-paris","10":"tag-actualites","11":"tag-actualites-paris","12":"tag-chermignon","13":"tag-crans-montana","14":"tag-culture-loisirs","15":"tag-eu","16":"tag-europe","17":"tag-fr","18":"tag-france","19":"tag-minspirer","20":"tag-news","21":"tag-news-paris","22":"tag-paris","23":"tag-paris-news","24":"tag-republique-francaise","25":"tag-sante","26":"tag-sujet-dinitiative"},"share_on_mastodon":{"url":"https:\/\/pubeurope.com\/@fr\/114977994451446985","error":""},"_links":{"self":[{"href":"https:\/\/www.europesays.com\/fr\/wp-json\/wp\/v2\/posts\/298834","targetHints":{"allow":["GET"]}}],"collection":[{"href":"https:\/\/www.europesays.com\/fr\/wp-json\/wp\/v2\/posts"}],"about":[{"href":"https:\/\/www.europesays.com\/fr\/wp-json\/wp\/v2\/types\/post"}],"author":[{"embeddable":true,"href":"https:\/\/www.europesays.com\/fr\/wp-json\/wp\/v2\/users\/2"}],"replies":[{"embeddable":true,"href":"https:\/\/www.europesays.com\/fr\/wp-json\/wp\/v2\/comments?post=298834"}],"version-history":[{"count":0,"href":"https:\/\/www.europesays.com\/fr\/wp-json\/wp\/v2\/posts\/298834\/revisions"}],"wp:featuredmedia":[{"embeddable":true,"href":"https:\/\/www.europesays.com\/fr\/wp-json\/wp\/v2\/media\/298835"}],"wp:attachment":[{"href":"https:\/\/www.europesays.com\/fr\/wp-json\/wp\/v2\/media?parent=298834"}],"wp:term":[{"taxonomy":"category","embeddable":true,"href":"https:\/\/www.europesays.com\/fr\/wp-json\/wp\/v2\/categories?post=298834"},{"taxonomy":"post_tag","embeddable":true,"href":"https:\/\/www.europesays.com\/fr\/wp-json\/wp\/v2\/tags?post=298834"}],"curies":[{"name":"wp","href":"https:\/\/api.w.org\/{rel}","templated":true}]}}