{"id":298838,"date":"2025-08-05T20:16:16","date_gmt":"2025-08-05T20:16:16","guid":{"rendered":"https:\/\/www.europesays.com\/fr\/298838\/"},"modified":"2025-08-05T20:16:16","modified_gmt":"2025-08-05T20:16:16","slug":"a-paris-un-homme-interpelle-apres-avoir-allume-sa-cigarette-avec-la-flamme-du-soldat-inconnu","status":"publish","type":"post","link":"https:\/\/www.europesays.com\/fr\/298838\/","title":{"rendered":"\u00c0 Paris, un homme interpell\u00e9 apr\u00e8s avoir allum\u00e9 sa cigarette avec la flamme du Soldat inconnu"},"content":{"rendered":"<p>Le ministre de l\u2019Int\u00e9rieur, Bruno Retailleau, a annonc\u00e9, ce mardi soir, l\u2019interpellation d\u2019un homme, suspect\u00e9 d\u2019avoir allum\u00e9 sa cigarette avec la flamme du Soldat inconnu sous l\u2019Arc de Triomphe \u00e0 Paris. Le ministre a d\u00e9nonc\u00e9 un geste \u00ab\u00a0indigne et mis\u00e9rable\u00a0\u00bb de cet homme, qui a \u00e9t\u00e9 plac\u00e9 en garde \u00e0 vue.<\/p>\n<p>\u00ab\u00a0L\u2019homme qui a profan\u00e9 la tombe du Soldat inconnu en allumant une cigarette avec la flamme du souvenir a \u00e9t\u00e9 interpell\u00e9 \u00e0 Paris pour violation de s\u00e9pulture, tombeau, urne ou monument \u00e9difi\u00e9 \u00e0 la m\u00e9moire des morts. Il a \u00e9t\u00e9 plac\u00e9 en garde \u00e0 vue et a reconnu les faits\u00a0\u00bb, a \u00e9crit Bruno Retailleau sur X.<\/p>\n<blockquote class=\"twitter-tweet\">\n<p lang=\"fr\" dir=\"ltr\">L\u2019homme qui a profan\u00e9 la tombe du Soldat inconnu en allumant une cigarette avec la flamme du souvenir a \u00e9t\u00e9 interpell\u00e9 \u00e0 Paris pour violation de s\u00e9pulture, tombeau, urne ou monument \u00e9difi\u00e9 \u00e0 la m\u00e9moire des morts. Il a \u00e9t\u00e9 plac\u00e9 en garde \u00e0 vue et a reconnu les faits. \u00c0 la suite du\u2026<\/p>\n<p>\u2014 Bruno Retailleau (@BrunoRetailleau) <a href=\"https:\/\/twitter.com\/BrunoRetailleau\/status\/1952800742001262941?ref_src=twsrc%5Etfw\" target=\"_blank\" rel=\"noopener\">August 5, 2025<\/a><\/p><\/blockquote>\n<p>\u00ab\u00a0On ne bafoue pas impun\u00e9ment la m\u00e9moire de la France\u00a0\u00bb<\/p>\n<p>Sur une vid\u00e9o relay\u00e9e, mardi, par plusieurs comptes, sur X, un homme s\u2019accroupit pr\u00e8s de la flamme du Soldat inconnu, sous l\u2019Arc de Triomphe \u00e0 Paris, pour y allumer une cigarette et repart tranquillement, sous le regard de quelques touristes. Ces images ont suscit\u00e9 l\u2019indignation sur les r\u00e9seaux sociaux.<\/p>\n<p>Les faits se sont produits lundi soir et l\u2019interpellation a eu lieu mardi apr\u00e8s-midi, a pr\u00e9cis\u00e9 \u00e0 l\u2019AFP une source polici\u00e8re.<\/p>\n<p>\u00ab\u00a0\u00c0 la suite du signalement effectu\u00e9 par le pr\u00e9fet de police\u00a0\u00bb, le mis en cause \u00ab\u00a0sera pr\u00e9sent\u00e9 \u00e0 la justice. Ce geste, indigne et mis\u00e9rable, porte atteinte \u00e0 la m\u00e9moire de ceux qui sont morts pour la France\u00a0\u00bb, a ajout\u00e9 le ministre de l\u2019Int\u00e9rieur.<\/p>\n<p>Patricia Mirall\u00e8s, ministre d\u00e9l\u00e9gu\u00e9e charg\u00e9e de la M\u00e9moire et des Anciens Combattants, a \u00e9galement saisi la justice de ces faits, selon un message qu\u2019elle a post\u00e9 sur X, d\u00e9plorant \u00ab\u00a0un geste d\u2019une ind\u00e9cence inacceptable\u00a0\u00bb. \u00ab\u00a0On ne bafoue pas impun\u00e9ment la m\u00e9moire de la France\u00a0\u00bb, a-t-elle soulign\u00e9.<\/p>\n<p>Le Figaro affirme que la sc\u00e8ne a \u00e9t\u00e9 film\u00e9e par une touriste lettone de passage \u00e0 Paris \u00ab\u00a0lundi 4 ao\u00fbt, peu avant 21 heures, et post\u00e9e pour la premi\u00e8re fois sur le r\u00e9seau social TikTok dans la foul\u00e9e, avant d\u2019\u00eatre massivement partag\u00e9e\u00a0\u00bb.<\/p>\n<p>\u00ab\u00a0Il n\u2019avait pas l\u2019air d\u2019\u00eatre alcoolis\u00e9 ou sous l\u2019emprise de la drogue. Au contraire, il \u00e9tait manifestement conscient de ce qu\u2019il faisait, et fier de l\u2019avoir fait\u00a0\u00bb, a t\u00e9moign\u00e9 celle qui se pr\u00e9sente comme l\u2019auteure de la vid\u00e9o au Figaro.<\/p>\n<p>Il s\u2019agit d\u2019une \u00ab\u00a0insulte \u00e0 nos morts, \u00e0 notre histoire, \u00e0 notre Nation\u00a0\u00bb, a d\u00e9plor\u00e9 Patricia Mirall\u00e8s.<\/p>\n<p>\u00ab\u00a0Ce n\u2019est pas une simple incivilit\u00e9\u00a0: c\u2019est un outrage \u00e0 la m\u00e9moire de ceux qui sont tomb\u00e9s pour la France\u00a0\u00bb, a-t-elle ajout\u00e9. \u00ab\u00a0Cette flamme ne chauffe pas une cigarette\u00a0: elle veille sur le sacrifice de millions de nos soldats\u00a0\u00bb, a-t-elle rappel\u00e9.<\/p>\n<p>La s\u00e9pulture du Soldat inconnu est install\u00e9e sous l\u2019Arc de Triomphe depuis le 11 novembre 1920 \u00e0 la m\u00e9moire des soldats morts pour la France lors de la Premi\u00e8re Guerre mondiale.<\/p>\n<p><script async src=\"https:\/\/platform.twitter.com\/widgets.js\" charset=\"utf-8\"><\/script><\/p>\n","protected":false},"excerpt":{"rendered":"Le ministre de l\u2019Int\u00e9rieur, Bruno Retailleau, a annonc\u00e9, ce mardi soir, l\u2019interpellation d\u2019un homme, suspect\u00e9 d\u2019avoir allum\u00e9 sa&hellip;\n","protected":false},"author":2,"featured_media":298839,"comment_status":"","ping_status":"","sticky":false,"template":"","format":"standard","meta":{"footnotes":""},"categories":[1888],"tags":[11,765,1777,674,118,1011,27,12,626,2384,25],"class_list":{"0":"post-298838","1":"post","2":"type-post","3":"status-publish","4":"format-standard","5":"has-post-thumbnail","7":"category-paris","8":"tag-actualites","9":"tag-en-continu","10":"tag-eu","11":"tag-europe","12":"tag-faits-divers","13":"tag-fr","14":"tag-france","15":"tag-news","16":"tag-paris","17":"tag-premiere-guerre-mondiale","18":"tag-republique-francaise"},"share_on_mastodon":{"url":"https:\/\/pubeurope.com\/@fr\/114978002523141592","error":""},"_links":{"self":[{"href":"https:\/\/www.europesays.com\/fr\/wp-json\/wp\/v2\/posts\/298838","targetHints":{"allow":["GET"]}}],"collection":[{"href":"https:\/\/www.europesays.com\/fr\/wp-json\/wp\/v2\/posts"}],"about":[{"href":"https:\/\/www.europesays.com\/fr\/wp-json\/wp\/v2\/types\/post"}],"author":[{"embeddable":true,"href":"https:\/\/www.europesays.com\/fr\/wp-json\/wp\/v2\/users\/2"}],"replies":[{"embeddable":true,"href":"https:\/\/www.europesays.com\/fr\/wp-json\/wp\/v2\/comments?post=298838"}],"version-history":[{"count":0,"href":"https:\/\/www.europesays.com\/fr\/wp-json\/wp\/v2\/posts\/298838\/revisions"}],"wp:featuredmedia":[{"embeddable":true,"href":"https:\/\/www.europesays.com\/fr\/wp-json\/wp\/v2\/media\/298839"}],"wp:attachment":[{"href":"https:\/\/www.europesays.com\/fr\/wp-json\/wp\/v2\/media?parent=298838"}],"wp:term":[{"taxonomy":"category","embeddable":true,"href":"https:\/\/www.europesays.com\/fr\/wp-json\/wp\/v2\/categories?post=298838"},{"taxonomy":"post_tag","embeddable":true,"href":"https:\/\/www.europesays.com\/fr\/wp-json\/wp\/v2\/tags?post=298838"}],"curies":[{"name":"wp","href":"https:\/\/api.w.org\/{rel}","templated":true}]}}