{"id":298840,"date":"2025-08-05T20:17:11","date_gmt":"2025-08-05T20:17:11","guid":{"rendered":"https:\/\/www.europesays.com\/fr\/298840\/"},"modified":"2025-08-05T20:17:11","modified_gmt":"2025-08-05T20:17:11","slug":"en-direct-guerre-en-ukraine-la-lituanie-demande-laide-de-lotan-apres-la-decouverte-dun-drone-russe-arme","status":"publish","type":"post","link":"https:\/\/www.europesays.com\/fr\/298840\/","title":{"rendered":"En direct, guerre en Ukraine \u2013 La Lituanie demande l&rsquo;aide de l\u2019OTAN apr\u00e8s la d\u00e9couverte d&rsquo;un drone russe arm\u00e9"},"content":{"rendered":"<p>        21:08<\/p>\n<p>      Steve Witkoff sera \u00e0 Moscou mercredi<\/p>\n<p>              <a tabindex=\"-1\" title=\"Le Temps avec l\u2019AFP\" href=\"https:\/\/www.letemps.ch\/profil\/le-temps-avec-l-afp\" rel=\"nofollow noopener\" target=\"_blank\"><\/p>\n<p>                    <img decoding=\"async\" src=\"https:\/\/www.europesays.com\/fr\/wp-content\/uploads\/2025\/04\/1744691829_537_small.jpeg\" class=\"lazy\" alt=\"\"\/><\/p>\n<p><\/a>        <\/p>\n<p>L\u2019\u00e9missaire sp\u00e9cial de Donald Trump, Steve Witkoff, se rendra mercredi \u00e0 Moscou pour y rencontrer les dirigeants russes, a appris mardi soir l\u2019agence de presse AFP aupr\u00e8s d\u2019une source proche, qui n\u2019a fourni aucune autre pr\u00e9cision.<\/p>\n<p>Steve Witkoff a d\u00e9j\u00e0 rencontr\u00e9 \u00e0 Moscou le pr\u00e9sident russe, Vladimir Poutine, \u00e0 plusieurs reprises, mais ce d\u00e9placement intervient alors que le pr\u00e9sident am\u00e9ricain a donn\u00e9 \u00e0 la Russie jusqu\u2019\u00e0 vendredi pour qu\u2019elle cesse son offensive en Ukraine, sous peine de nouvelles sanctions.<\/p>\n<p>        18:08<\/p>\n<p>      Des enfants ukrainiens mobilis\u00e9s contre leur pays<\/p>\n<p>              <a tabindex=\"-1\" title=\"Le Temps\" href=\"https:\/\/www.letemps.ch\/profil\/le-temps\" rel=\"nofollow noopener\" target=\"_blank\"><\/p>\n<p>                    <img decoding=\"async\" src=\"https:\/\/www.europesays.com\/fr\/wp-content\/uploads\/2025\/04\/1744691829_934_small.jpeg\" class=\"lazy\" alt=\"\"\/><\/p>\n<p><\/a>        <\/p>\n<p>Des enfants ukrainiens d\u00e9port\u00e9s en Russie ou vivant dans les r\u00e9gions occup\u00e9es subissent une r\u00e9\u00e9ducation militaire forc\u00e9e qui pourrait permettre \u00e0 Moscou de proc\u00e9der \u00e0 leur future mobilisation. Selon Kiev, des corps d\u2019adolescents ukrainiens ont d\u00e9j\u00e0 \u00e9t\u00e9 retrouv\u00e9s sur le champ de bataille.<\/p>\n<p><strong>Lire<\/strong> <a href=\"https:\/\/www.letemps.ch\/monde\/europe\/dans-les-territoires-occupes-ou-en-russie-le-kremlin-prepare-les-enfants-ukrainiens-a-combattre-leur-propre-pays\" rel=\"nofollow noopener\" target=\"_blank\">notre article \u00e0 ce propos<\/a>.<\/p>\n<p>        17:08<\/p>\n<p>      La Lituanie demande l\u2019aide de l\u2019OTAN<\/p>\n<p>              <a tabindex=\"-1\" title=\"Le Temps avec les agences\" href=\"https:\/\/www.letemps.ch\/profil\/le-temps-avec-les-agences\" rel=\"nofollow noopener\" target=\"_blank\"><\/p>\n<p>                    <img decoding=\"async\" src=\"https:\/\/www.europesays.com\/fr\/wp-content\/uploads\/2025\/04\/1744691829_537_small.jpeg\" class=\"lazy\" alt=\"\"\/><\/p>\n<p><\/a>        <\/p>\n<p>La Lituanie a demand\u00e9 ce mardi \u00e0 l\u2019OTAN de prendre des \u00abmesures imm\u00e9diates\u00bb pour renforcer sa d\u00e9fense a\u00e9rienne apr\u00e8s avoir r\u00e9v\u00e9l\u00e9 qu\u2019un drone russe retrouv\u00e9 sur son territoire la semaine derni\u00e8re transportait des explosifs.<\/p>\n<p>Le ministre des Affaires \u00e9trang\u00e8res, Kestutis Budrys, indique que lui et le ministre de la D\u00e9fense, Dovile Sakaliene, ont \u00e9crit au chef de l\u2019OTAN, Mark Rutte, pour lui demander \u00abdes mesures imm\u00e9diates afin de renforcer les capacit\u00e9s de d\u00e9fense a\u00e9rienne de la Lituanie\u00bb.<\/p>\n<p>Ce mardi apr\u00e8s-midi, Vilnius a affirm\u00e9 qu\u2019un drone de fabrication russe entr\u00e9 en Lituanie depuis l\u2019espace a\u00e9rien b\u00e9larusse, et retrouv\u00e9 dans une zone d\u2019entra\u00eenement militaire la semaine derni\u00e8re portait de deux kilogrammes d\u2019explosifs.<\/p>\n<blockquote>\n<p>Lors de l\u2019inspection de l\u2019appareil, il a \u00e9t\u00e9 constat\u00e9 qu\u2019il transportait un engin explosif, qui a \u00e9t\u00e9 neutralis\u00e9 avec succ\u00e8s sur place<\/p>\n<\/blockquote>\n<p>a indiqu\u00e9 \u00e0 la presse la procureure g\u00e9n\u00e9rale lituanienne Nida Grunskiene.<\/p>\n<p>        17:08<\/p>\n<p>      Un don de mat\u00e9riel am\u00e9ricain par la Su\u00e8de, le Danemark et la Norv\u00e8ge<\/p>\n<p>              <a tabindex=\"-1\" title=\"Le Temps avec l\u2019AFP\" href=\"https:\/\/www.letemps.ch\/profil\/le-temps-avec-l-afp\" rel=\"nofollow noopener\" target=\"_blank\"><\/p>\n<p>                    <img decoding=\"async\" src=\"https:\/\/www.europesays.com\/fr\/wp-content\/uploads\/2025\/04\/1744691829_537_small.jpeg\" class=\"lazy\" alt=\"\"\/><\/p>\n<p><\/a>        <\/p>\n<p>Le gouvernement su\u00e9dois annonce que la Su\u00e8de, le Danemark et la Norv\u00e8ge vont acheter des armes pour l&rsquo;Ukraine provenant de r\u00e9serves am\u00e9ricaines, dans le cadre d&rsquo;une r\u00e9cente initiative entre les Etats-Unis et l&rsquo;OTAN. Stockholm, Copenhague et Oslo vont faire don d&rsquo;une aide militaire d&rsquo;une valeur totale de 500 millions de dollars (environ 455 millions d&rsquo;euros), comprenant des syst\u00e8mes de d\u00e9fense a\u00e9rienne, des armes antichars, des munitions et des pi\u00e8ces d\u00e9tach\u00e9es.<\/p>\n<blockquote>\n<p>L&rsquo;Ukraine ne se bat pas seulement pour sa propre s\u00e9curit\u00e9, mais elle se bat aussi pour la n\u00f4tre<\/p>\n<\/blockquote>\n<p>souligne le ministre de la D\u00e9fense su\u00e9dois Pal Jonson, lors d&rsquo;une conf\u00e9rence de presse.<\/p>\n<p>        16:08<\/p>\n<p>      Six victimes de frappes russes ce jeudi<\/p>\n<p>              <a tabindex=\"-1\" title=\"Le Temps avec l\u2019AFP\" href=\"https:\/\/www.letemps.ch\/profil\/le-temps-avec-l-afp\" rel=\"nofollow noopener\" target=\"_blank\"><\/p>\n<p>                    <img decoding=\"async\" src=\"https:\/\/www.europesays.com\/fr\/wp-content\/uploads\/2025\/04\/1744691829_537_small.jpeg\" class=\"lazy\" alt=\"\"\/><\/p>\n<p><\/a>        <\/p>\n<p>Ce mardi, les autorit\u00e9s locales annoncent que six personnes ont \u00e9t\u00e9 tu\u00e9es, dont un cheminot dans la ville de Lozova dans la r\u00e9gion de Kharkiv, et au moins douze autres ont \u00e9t\u00e9 bless\u00e9es dans des frappes russes sur le nord-est de l&rsquo;Ukraine.<\/p>\n<p>Une attaque a notamment touch\u00e9 des infrastructures ferroviaires, dont la gare de Lozova, tuant un m\u00e9canicien et blessant quatre autres cheminots, a d\u00e9clar\u00e9 la compagnie nationale des chemins de fer Ukrzaliznytsia.<\/p>\n<p>        13:08<\/p>\n<p>      L\u2019arm\u00e9e russe revendique la prise d\u2019une nouvelle localit\u00e9<\/p>\n<p>              <a tabindex=\"-1\" title=\"Le Temps avec l\u2019AFP\" href=\"https:\/\/www.letemps.ch\/profil\/le-temps-avec-l-afp\" rel=\"nofollow noopener\" target=\"_blank\"><\/p>\n<p>                    <img decoding=\"async\" src=\"https:\/\/www.europesays.com\/fr\/wp-content\/uploads\/2025\/04\/1744691829_537_small.jpeg\" class=\"lazy\" alt=\"\"\/><\/p>\n<p><\/a>        <\/p>\n<p>L\u2019arm\u00e9e russe a affirm\u00e9 mardi avoir conquis un nouveau village dans la r\u00e9gion ukrainienne de Dnipropetrovsk (centre-est), atteinte r\u00e9cemment par ses troupes qui grignotent du terrain dans ce secteur.<\/p>\n<p>Dans un communiqu\u00e9, le minist\u00e8re russe de la D\u00e9fense a d\u00e9clar\u00e9 que des unit\u00e9s du groupement \u00abEst\u00bb avaient \u00ablib\u00e9r\u00e9\u00bb la localit\u00e9 de Sitchn\u00e9v\u00e9 (Ianvarsko\u00efe en russe) situ\u00e9e tout pr\u00e8s de la fronti\u00e8re avec la r\u00e9gion ukrainienne voisine de Donetsk.<\/p>\n<p>Il s\u2019agit du troisi\u00e8me village dont la conqu\u00eate est revendiqu\u00e9e par Moscou dans cette r\u00e9gion. L\u2019Ukraine n\u2019a pour le moment pas r\u00e9agi \u00e0 cette revendication.<\/p>\n<p>Bien que cibl\u00e9e par des attaques a\u00e9riennes, la r\u00e9gion industrielle de Dnipropetrovsk \u00e9tait jusqu\u2019alors \u00e9pargn\u00e9e des combats qui font rage sur le front.<\/p>\n<p>        12:08<\/p>\n<p>      Le Kremlin d\u00e9nonce les menaces \u00abill\u00e9gitimes\u00bb de Donald Trump de surtaxer les produits indiens<\/p>\n<p>              <a tabindex=\"-1\" title=\"Le Temps avec l\u2019AFP\" href=\"https:\/\/www.letemps.ch\/profil\/le-temps-avec-l-afp\" rel=\"nofollow noopener\" target=\"_blank\"><\/p>\n<p>                    <img decoding=\"async\" src=\"https:\/\/www.europesays.com\/fr\/wp-content\/uploads\/2025\/04\/1744691829_537_small.jpeg\" class=\"lazy\" alt=\"\"\/><\/p>\n<p><\/a>        <\/p>\n<p>Le Kremlin a d\u00e9nonc\u00e9 mardi des menaces jug\u00e9es \u00abill\u00e9gitimes\u00bb de Donald Trump visant \u00e0 surtaxer les produits en provenance d\u2019Inde, partenaire de Moscou \u00e0 qui le pr\u00e9sident am\u00e9ricain reproche d\u2019acheter du p\u00e9trole russe en \u00abgrande quantit\u00e9\u00bb.<\/p>\n<p>\u00abNous entendons beaucoup de d\u00e9clarations qui ne sont pratiquement rien d\u2019autre que des menaces et des tentatives de forcer des pays \u00e0 cesser leurs relations commerciales avec la Russie\u00bb, a d\u00e9clar\u00e9 le porte-parole du Kremlin, Dmitri Peskov, lors d\u2019un point presse auquel participe l\u2019AFP, jugeant ces d\u00e9clarations \u00abill\u00e9gitimes\u00bb. \u00abNous pensons que les pays souverains ont le droit de choisir leurs propres partenaires commerciaux\u00bb, a-t-il ajout\u00e9.<\/p>\n<p>        10:08<br \/>\n          <strong>Sur le terrain<\/strong><\/p>\n<p>      Le CICR en Ukraine: \u00abNos efforts am\u00e9liorent la situation des prisonniers et des familles.\u00a0Peut-on faire mieux? Oui\u00bb<\/p>\n<p>  <a class=\"glightbox\" href=\"https:\/\/www.letemps.ch\/placeholder.png\" data-type=\"image\" data-description=\"J\u00fcrg Eglin \u00e0 Kiev, le 7\u00a0f\u00e9vrier 2025. \u2014 \u00a9 SERGEY DOLZHENKO \/ KEYSTONE\" data- rel=\"nofollow noopener\" target=\"_blank\"><\/p>\n<p>      <img decoding=\"async\" class=\"lazy\" title=\"J\u00fcrg Eglin \u00e0 Kiev, le 7\u00a0f\u00e9vrier 2025. \u2014 \u00a9 SERGEY DOLZHENKO \/ KEYSTONE\" alt=\"J\u00fcrg Eglin \u00e0 Kiev, le 7\u00a0f\u00e9vrier 2025. \u2014 \u00a9 SERGEY DOLZHENKO \/ KEYSTONE\" src=\"https:\/\/www.europesays.com\/fr\/wp-content\/uploads\/2025\/08\/1754425031_62_medium.jpeg\"\/><\/p>\n<p>  <\/a><br \/>\n  J\u00fcrg Eglin \u00e0 Kiev, le 7\u00a0f\u00e9vrier 2025. \u2014 \u00a9 SERGEY DOLZHENKO \/ KEYSTONE<\/p>\n<p>Avant de quitter son poste fin ao\u00fbt, le chef de la d\u00e9l\u00e9gation en Ukraine du CICR, J\u00fcrg Eglin, dresse pour\u00a0Le Temps\u00a0le bilan de son action sur place depuis deux ans et demi. Extrait d\u2019interview:<\/p>\n<p><strong>Le Temps: La pr\u00e9sidence ukrainienne en voulait au CICR de ne pas renoncer \u00e0 sa neutralit\u00e9 alors que le pays subissait une agression ill\u00e9gale\u2026<\/strong><\/p>\n<p><strong>J\u00fcrg Eglin:<\/strong> Ce reproche n\u2019a pas disparu et touche \u00e0 un point fondamental. En tant qu\u2019organisation, le CICR observe la conduite de la guerre, pas ses conditions de d\u00e9clenchement. Ce principe strict est souvent difficile \u00e0 accepter, m\u00eame pour nous. Notre r\u00f4le n\u2019est pas de juger les parties au conflit, surtout pas publiquement. Notre dialogue confidentiel compte \u00e9norm\u00e9ment pour assurer notre pr\u00e9sence des deux c\u00f4t\u00e9s. Nous sommes la seule organisation internationale active ici, en Russie et dans les r\u00e9gions de Lougansk et Donetsk [occup\u00e9es partiellement depuis 2014, ndlr]. C\u2019est possible gr\u00e2ce \u00e0 notre neutralit\u00e9 et \u00e0 notre discr\u00e9tion. Si nous faisions des d\u00e9nonciations publiques, tous nos efforts risqueraient d\u2019\u00eatre mis \u00e0 mal. Ce principe s\u2019applique partout dans le monde. Ce qui compte, c\u2019est l\u2019acc\u00e8s aux victimes et aux dirigeants. Aujourd\u2019hui, on s\u2019est mis d\u2019accord pour ne pas \u00eatre d\u2019accord sur ce point avec les autorit\u00e9s ukrainiennes.<\/p>\n<p>\u27a4 <a href=\"https:\/\/www.letemps.ch\/monde\/europe\/le-cicr-en-ukraine-nos-efforts-ameliorent-la-situation-des-prisonniers-et-des-familles-peut-on-faire-mieux-oui\" rel=\"nofollow noopener\" target=\"_blank\">La suite de l\u2019interview<\/a><\/p>\n<p>        10:08<\/p>\n<p>      Les Pays-Bas ach\u00e8tent des armes am\u00e9ricaines pour l\u2019Ukraine<\/p>\n<p>              <a tabindex=\"-1\" title=\"Le Temps avec l\u2019ATS\" href=\"https:\/\/www.letemps.ch\/profil\/le-temps-avec-l-ats\" rel=\"nofollow noopener\" target=\"_blank\"><\/p>\n<p>                    <img decoding=\"async\" src=\"https:\/\/www.europesays.com\/fr\/wp-content\/uploads\/2025\/04\/1744691829_537_small.jpeg\" class=\"lazy\" alt=\"\"\/><\/p>\n<p><\/a>        <\/p>\n<p>Les Pays-Bas ont achet\u00e9 des armes pour l\u2019Ukraine provenant de r\u00e9serves am\u00e9ricaines, dans le cadre d\u2019une r\u00e9cente initiative entre les Etats-Unis et l\u2019OTAN, a annonc\u00e9 lundi soir le minist\u00e8re n\u00e9erlandais de la D\u00e9fense.<\/p>\n<p>La\u00a0Haye fait don d\u2019une aide militaire de 500\u00a0millions d\u2019euros, qui comprend entre autres du mat\u00e9riel de d\u00e9fense a\u00e9rienne, des munitions et d\u2019autres fournitures essentielles \u00abadapt\u00e9s aux besoins de l\u2019Ukraine\u00bb, selon un communiqu\u00e9 du minist\u00e8re.<\/p>\n<p>Les Pays-Bas sont ainsi le premier pays de l\u2019OTAN \u00e0 acheter des armes aux Etats-Unis dans le cadre de ce projet. \u00abLes attaques quotidiennes de la Russie sont de la pure terreur, visant \u00e0 briser l\u2019Ukraine. Nous, les Pays-Bas, ne voulons pas que cela se produise et contribuons donc \u00e0 ces programmes d\u2019aide am\u00e9ricains\u00bb, a d\u00e9clar\u00e9 le ministre de la D\u00e9fense Ruben Brekelmans dans un communiqu\u00e9.<\/p>\n<p>        07:08<\/p>\n<p>      Un cheminot tu\u00e9 dans des frappes russes sur la r\u00e9gion de Kharkiv<\/p>\n<p>              <a tabindex=\"-1\" title=\"Le Temps avec l\u2019AFP\" href=\"https:\/\/www.letemps.ch\/profil\/le-temps-avec-l-afp\" rel=\"nofollow noopener\" target=\"_blank\"><\/p>\n<p>                    <img decoding=\"async\" src=\"https:\/\/www.europesays.com\/fr\/wp-content\/uploads\/2025\/04\/1744691829_537_small.jpeg\" class=\"lazy\" alt=\"\"\/><\/p>\n<p><\/a>        <\/p>\n<p>Un cheminot a \u00e9t\u00e9 tu\u00e9 et quatre autres bless\u00e9s dans des frappes russes sur la ville de Lozova pr\u00e8s de Kharkiv, dans l\u2019est de l\u2019Ukraine, o\u00f9 deux enfants ont \u00e9galement \u00e9t\u00e9 bless\u00e9s, selon les autorit\u00e9s mardi.<\/p>\n<p>L\u2019attaque a notamment touch\u00e9 des infrastructures ferroviaires dont la gare de la localit\u00e9, tuant un m\u00e9canicien et blessant quatre autres cheminots, a annonc\u00e9 la compagnie nationale des chemins de fer Ukrzaliznytsia.<\/p>\n<p>Des immeubles ainsi que des quartiers r\u00e9sidentiels ont \u00e9galement \u00e9t\u00e9 touch\u00e9s, a indiqu\u00e9 le maire Sergiy Zelensky, qui a fait \u00e9tat de deux enfants bless\u00e9s.<\/p>\n<p>        04:08<\/p>\n<p>      Zelensky d\u00e9nonce la pr\u00e9sence de mercenaires chinois et africains en Ukraine<\/p>\n<p>              <a tabindex=\"-1\" title=\"Le Temps avec l\u2019AFP\" href=\"https:\/\/www.letemps.ch\/profil\/le-temps-avec-l-afp\" rel=\"nofollow noopener\" target=\"_blank\"><\/p>\n<p>                    <img decoding=\"async\" src=\"https:\/\/www.europesays.com\/fr\/wp-content\/uploads\/2025\/04\/1744691829_537_small.jpeg\" class=\"lazy\" alt=\"\"\/><\/p>\n<p><\/a>        <\/p>\n<p>Le pr\u00e9sident ukrainien Volodymyr Zelensky a d\u00e9nonc\u00e9 lundi la pr\u00e9sence de nombreux mercenaires chinois et africains aux c\u00f4t\u00e9s des forces russes sur la ligne de front.<\/p>\n<p>Ces mercenaires sont originaires de Chine, mais aussi du Tadjikistan, d\u2019Ouzb\u00e9kistan, du Pakistan et de plusieurs pays africains, selon Volodymyr Zelensky, qui s\u2019appuie sur le constat des militaires ukrainiens dans la r\u00e9gion de Kharkiv o\u00f9 il a effectu\u00e9 lundi une visite. \u00abNous allons y r\u00e9agir\u00bb, a assur\u00e9 le pr\u00e9sident ukrainien.<\/p>\n<p>        04:08<\/p>\n<p>      Trump menace d\u2019augmenter la surtaxe sur les produits indiens en raison des achats de p\u00e9trole russe<\/p>\n<p>              <a tabindex=\"-1\" title=\"Le Temps avec l\u2019AFP\" href=\"https:\/\/www.letemps.ch\/profil\/le-temps-avec-l-afp\" rel=\"nofollow noopener\" target=\"_blank\"><\/p>\n<p>                    <img decoding=\"async\" src=\"https:\/\/www.europesays.com\/fr\/wp-content\/uploads\/2025\/04\/1744691829_537_small.jpeg\" class=\"lazy\" alt=\"\"\/><\/p>\n<p><\/a>        <\/p>\n<p>Le pr\u00e9sident am\u00e9ricain Donald Trump a menac\u00e9 lundi d\u2019augmenter \u00absignificativement\u00bb la surtaxe de 25% qu\u2019il pr\u00e9voit de mettre en place sur les produits en provenance d\u2019Inde, pays auquel il reproche d\u2019acheter de \u00abgrandes quantit\u00e9s de p\u00e9trole russe\u00bb. Les Indiens \u00abne se soucient pas du nombre de personnes qui sont tu\u00e9es en Ukraine par la machine de guerre russe\u00bb, affirme le chef de l\u2019Etat dans un message sur sa plateforme Truth Social.<\/p>\n<p>        04 ao\u00fbt \u00e0 16:45<\/p>\n<p>      Volodymyr Zelensky a rendu visite \u00e0 des troupes ukrainiennes pr\u00e8s de Kharkiv<\/p>\n<p>              <a tabindex=\"-1\" title=\"Le Temps avec l\u2019AFP\" href=\"https:\/\/www.letemps.ch\/profil\/le-temps-avec-l-afp\" rel=\"nofollow noopener\" target=\"_blank\"><\/p>\n<p>                    <img decoding=\"async\" src=\"https:\/\/www.europesays.com\/fr\/wp-content\/uploads\/2025\/04\/1744691829_537_small.jpeg\" class=\"lazy\" alt=\"\"\/><\/p>\n<p><\/a>        <\/p>\n<p>Le pr\u00e9sident ukrainien Volodymyr Zelensky a annonc\u00e9 lundi avoir rendu visite \u00e0 ses troupes sur la ligne de front dans le secteur de la ville de Vovtchansk, dans la r\u00e9gion de Kharkiv (nord-est).<\/p>\n<p>Sur les r\u00e9seaux sociaux, il a pr\u00e9cis\u00e9 avoir rencontr\u00e9 des unit\u00e9s d\u00e9ploy\u00e9es pr\u00e8s de Vovtchansk, situ\u00e9e \u00e0 cinq kilom\u00e8tres de la fronti\u00e8re russe et quasiment ras\u00e9e par les bombardements de l\u2019arm\u00e9e russe depuis son offensive dans cette zone en mai 2024.<\/p>\n<blockquote class=\"twitter-tweet\" data-dnt=\"true\" align=\"center\">\n<p lang=\"en\" dir=\"ltr\">Today, I was with those defending our country in the Vovchansk direction \u2013 the warriors of the 17th Separate Motorized Infantry Battalion of the 57th Brigade named after Kish Otaman Kost Hordiienko.<\/p>\n<p>We spoke with commanders about the frontline situation, the defense of\u2026 <a href=\"https:\/\/t.co\/40XsGHZU0T\" rel=\"nofollow\">pic.twitter.com\/40XsGHZU0T<\/a><\/p>\n<p>\u2014 Volodymyr Zelenskyy \/ \u0412\u043e\u043b\u043e\u0434\u0438\u043c\u0438\u0440 \u0417\u0435\u043b\u0435\u043d\u0441\u044c\u043a\u0438\u0439 (@ZelenskyyUa) <a href=\"https:\/\/twitter.com\/ZelenskyyUa\/status\/1952367492388585542?ref_src=twsrc%5Etfw\" rel=\"nofollow noopener\" target=\"_blank\">August 4, 2025<\/a>\n<\/p><\/blockquote>\n<p>        04 ao\u00fbt \u00e0 13:43<\/p>\n<p>      L\u2019Ukraine confirme une attaque de drone contre un d\u00e9p\u00f4t de carburant \u00e0 l\u2019a\u00e9roport de Sotchi en Russie<\/p>\n<p>              <a tabindex=\"-1\" title=\"Le Temps\" href=\"https:\/\/www.letemps.ch\/profil\/le-temps\" rel=\"nofollow noopener\" target=\"_blank\"><\/p>\n<p>                    <img decoding=\"async\" src=\"https:\/\/www.europesays.com\/fr\/wp-content\/uploads\/2025\/04\/1744691829_934_small.jpeg\" class=\"lazy\" alt=\"\"\/><\/p>\n<p><\/a>        <\/p>\n<p>Des drones ukrainiens ont r\u00e9ussi \u00e0 frapper un d\u00e9p\u00f4t de carburant de l\u2019a\u00e9roport de la station baln\u00e9aire russe de Sotchi le 3\u00a0ao\u00fbt, a rapport\u00e9 l\u2019\u00e9tat-major ukrainien sur <a href=\"https:\/\/t.me\/GeneralStaffZSU\/27386\" rel=\"nofollow noopener\" target=\"_blank\">Telegram<\/a>.  <\/p>\n<p>\u00abUn violent incendie s\u2019est d\u00e9clar\u00e9 pr\u00e8s de l\u2019installation. On sait que l\u2019aviation militaire des envahisseurs russes \u00e9tait \u00e9galement stationn\u00e9e \u00e0 l\u2019a\u00e9roport\u00bb, peut-on lire dans le m\u00eame message sur Telegram.<\/p>\n<p>Des vid\u00e9os de l\u2019attaque circulaient sur les r\u00e9seaux sociaux depuis dimanche.<\/p>\n<blockquote class=\"twitter-tweet\" data-dnt=\"true\" align=\"center\">\n<p lang=\"en\" dir=\"ltr\">Today, passengers of planes landing at Sochi (Adler) airport saw this, the war on their doorstep. <a href=\"https:\/\/t.co\/KVWFUSdP4v\" rel=\"nofollow\">pic.twitter.com\/KVWFUSdP4v<\/a><\/p>\n<p>\u2014 Shaun Pinner (@olddog100ua) <a href=\"https:\/\/twitter.com\/olddog100ua\/status\/1952085288546689342?ref_src=twsrc%5Etfw\" rel=\"nofollow noopener\" target=\"_blank\">August 3, 2025<\/a>\n<\/p><\/blockquote>\n<p>        04 ao\u00fbt \u00e0 11:45<\/p>\n<p>      La visite de l\u2019\u00e9missaire de Trump en Russie cette semaine sera \u00abimportante et utile\u00bb juge Moscou<\/p>\n<p>              <a tabindex=\"-1\" title=\"Le Temps avec l\u2019AFP\" href=\"https:\/\/www.letemps.ch\/profil\/le-temps-avec-l-afp\" rel=\"nofollow noopener\" target=\"_blank\"><\/p>\n<p>                    <img decoding=\"async\" src=\"https:\/\/www.europesays.com\/fr\/wp-content\/uploads\/2025\/04\/1744691829_537_small.jpeg\" class=\"lazy\" alt=\"\"\/><\/p>\n<p><\/a>        <\/p>\n<p>La visite de l\u2019\u00e9missaire de Donald Trump, Steve Witkoff, attendu en Russie cette semaine, \u00e0 quelques jours de l\u2019expiration de l\u2019ultimatum pos\u00e9 par le pr\u00e9sident am\u00e9ricain \u00e0 son homologue russe Vladimir Poutine pour qu\u2019il arr\u00eate son offensive en Ukraine, sera \u00abimportante et utile\u00bb, a estim\u00e9 lundi le Kremlin.<\/p>\n<p>\u00abNous sommes toujours heureux de voir Steve Witkoff \u00e0 Moscou et toujours ravis d\u2019\u00eatre en contact avec lui. Nous pensons que ces contacts sont importants, constructifs et utiles\u00bb, a d\u00e9clar\u00e9 le porte-parole de la pr\u00e9sidence russe, Dmitri Peskov, lors d\u2019un briefing \u00e0 la presse, ajoutant qu\u2019une rencontre avec Vladimir Poutine n\u2019\u00e9tait \u00abpas exclue\u00bb.<\/p>\n<p>        04 ao\u00fbt \u00e0 11:24<\/p>\n<p>      Le Kremlin appelle \u00e0 la \u00abprudence\u00bb dans la rh\u00e9torique nucl\u00e9aire apr\u00e8s le d\u00e9ploiement vendredi de deux sous-marins am\u00e9ricains<\/p>\n<p>              <a tabindex=\"-1\" title=\"Le Temps avec l\u2019AFP\" href=\"https:\/\/www.letemps.ch\/profil\/le-temps-avec-l-afp\" rel=\"nofollow noopener\" target=\"_blank\"><\/p>\n<p>                    <img decoding=\"async\" src=\"https:\/\/www.europesays.com\/fr\/wp-content\/uploads\/2025\/04\/1744691829_537_small.jpeg\" class=\"lazy\" alt=\"\"\/><\/p>\n<p><\/a>        <\/p>\n<p>Le Kremlin a appel\u00e9 lundi \u00e0 faire preuve d\u2019une \u00abgrande prudence\u00bb dans les menaces nucl\u00e9aires apr\u00e8s le d\u00e9ploiement vendredi par le pr\u00e9sident am\u00e9ricain Donald Trump de deux sous-marins, en r\u00e9action \u00e0 des commentaires de l\u2019ex-pr\u00e9sident russe Dmitri Medvedev.<\/p>\n<p>\u00abNous pensons que tout le monde doit faire preuve d\u2019une grande prudence dans ses d\u00e9clarations sur le nucl\u00e9aire\u00bb, a d\u00e9clar\u00e9 le porte-parole de la pr\u00e9sidence russe, Dmitri Peskov, lors d\u2019un briefing devant la presse.<\/p>\n<p>        04 ao\u00fbt \u00e0 07:52<\/p>\n<p>      Un mort et 11 bless\u00e9s en Russie dans une collision entre un train et un bus touristique<\/p>\n<p>              <a tabindex=\"-1\" title=\"Le Temps avec l\u2019AFP\" href=\"https:\/\/www.letemps.ch\/profil\/le-temps-avec-l-afp\" rel=\"nofollow noopener\" target=\"_blank\"><\/p>\n<p>                    <img decoding=\"async\" src=\"https:\/\/www.europesays.com\/fr\/wp-content\/uploads\/2025\/04\/1744691829_537_small.jpeg\" class=\"lazy\" alt=\"\"\/><\/p>\n<p><\/a>        <\/p>\n<p>Une personne a \u00e9t\u00e9 tu\u00e9e et onze autres ont \u00e9t\u00e9 bless\u00e9es lundi dans une collision entre un train de marchandises et un bus touristique dans la r\u00e9gion de Leningrad, pr\u00e8s de Saint-P\u00e9tersbourg, dans le nord-ouest de la Russie, ont indiqu\u00e9 les autorit\u00e9s.<\/p>\n<p>L\u2019accident s\u2019est produit peu apr\u00e8s 03H00 GMT (5h heure suisse), selon un communiqu\u00e9 de l\u2019antenne locale des chemins de fer russe.<\/p>\n<p>Le bus est sorti sur la voie ferroviaire juste devant le train qui s\u2019approchait \u00e0 pleine vitesse, entre les stations de Lode\u00efno\u00efe pole et Olonets, explique le communiqu\u00e9. Le conducteur du train a tent\u00e9 de freiner, \u00abmais la distance \u00e9tait trop petite, et on n\u2019a pas pu \u00e9viter une collision\u00bb, selon la m\u00eame source.<\/p>\n<p>\u00abSelon de premi\u00e8res informations, 12 passagers du bus ont \u00e9t\u00e9 bless\u00e9s, dont un est d\u00e9c\u00e9d\u00e9\u00bb, pr\u00e9cise le communiqu\u00e9. Les violations des r\u00e8gles de s\u00e9curit\u00e9 routi\u00e8re sont fr\u00e9quentes en Russie o\u00f9 plusieurs accidents de car meurtriers se sont produits ces derni\u00e8res ann\u00e9es.<\/p>\n<p>        04 ao\u00fbt \u00e0 06:58<\/p>\n<p>      61 drones ukrainiens intercept\u00e9s par la Russie<\/p>\n<p>              <a tabindex=\"-1\" title=\"Le Temps avec l\u2019AFP\" href=\"https:\/\/www.letemps.ch\/profil\/le-temps-avec-l-afp\" rel=\"nofollow noopener\" target=\"_blank\"><\/p>\n<p>                    <img decoding=\"async\" src=\"https:\/\/www.europesays.com\/fr\/wp-content\/uploads\/2025\/04\/1744691829_537_small.jpeg\" class=\"lazy\" alt=\"\"\/><\/p>\n<p><\/a>        <\/p>\n<p>Le minist\u00e8re russe de la D\u00e9fense a fait \u00e9tat de 61 interceptions de drones ukrainiens dans la nuit de dimanche \u00e0 lundi. L\u2019attaque ukrainienne a provoqu\u00e9 un incendie dans un d\u00e9p\u00f4t p\u00e9trolier \u00e0 Sotchi. Kiev a annonc\u00e9 son intension d\u2019intensifier ses frappes a\u00e9riennes.<\/p>\n<p>        04 ao\u00fbt \u00e0 06:47<br \/>\n          <strong>Explication<\/strong><\/p>\n<p>      Les exigences de Kiev et Moscou pour un \u00e9ventuel cessez-le-feu<\/p>\n<p>              <a tabindex=\"-1\" title=\"Le Temps avec l\u2019ATS\" href=\"https:\/\/www.letemps.ch\/profil\/le-temps-avec-l-ats\" rel=\"nofollow noopener\" target=\"_blank\"><\/p>\n<p>                    <img decoding=\"async\" src=\"https:\/\/www.europesays.com\/fr\/wp-content\/uploads\/2025\/04\/1744691829_537_small.jpeg\" class=\"lazy\" alt=\"\"\/><\/p>\n<p><\/a>        <\/p>\n<p>Moscou exige que l\u2019Ukraine lui c\u00e8de formellement <strong>quatre r\u00e9gions ukrainiennes que l\u2019arm\u00e9e russe contr\u00f4le partiellement<\/strong> (Donetsk, Lougansk, Zaporijjia, Kherson) ainsi que la p\u00e9ninsule ukrainienne de Crim\u00e9e annex\u00e9e en 2014. En plus de ces annexions, le Kremlin souhaite que Kiev renonce aux <strong>livraisons d\u2019armes occidentales<\/strong> et \u00e0 toute <strong>adh\u00e9sion \u00e0 l\u2019Otan<\/strong>.<\/p>\n<p>\u27a4 <strong>Lire aussi:<\/strong> <a href=\"https:\/\/www.letemps.ch\/monde\/dniepropetrovsk-cinquieme-region-d-ukraine-en-proie-aux-fantasmes-imperiaux-de-la-russie?srsltid=AfmBOorfPAvfEWkI1O6xa5ezg0Q71uO3FBXLMTgyK-Crd7MjQAY95EUc\" rel=\"nofollow noopener\" target=\"_blank\">Dniepropetrovsk, cinqui\u00e8me r\u00e9gion d\u2019Ukraine en proie aux fantasmes imp\u00e9riaux de la Russie<\/a><\/p>\n<p>Ces conditions sont jug\u00e9es inacceptables par Kiev, qui veut le <strong>retrait des troupes russes et des garanties de s\u00e9curit\u00e9 occidentales,<\/strong> dont la poursuite des livraisons d\u2019armes et le <strong>d\u00e9ploiement d\u2019un contingent europ\u00e9en.<\/strong><\/p>\n<p>Le pr\u00e9sident ukrainien Volodymyr Zelensky s\u2019est d\u00e9clar\u00e9 \u00e0 plusieurs reprises pr\u00eat \u00e0 rencontrer en personne Vladimir Poutine pour essayer de d\u00e9bloquer les discussions, une proposition pour l\u2019heure \u00e9cart\u00e9e par le Kremlin.<\/p>\n<p>        04 ao\u00fbt \u00e0 06:44<\/p>\n<p>      Donald Trump compte sur un accord avec Moscou<\/p>\n<p>              <a tabindex=\"-1\" title=\"Le Temps avec l\u2019AFP\" href=\"https:\/\/www.letemps.ch\/profil\/le-temps-avec-l-afp\" rel=\"nofollow noopener\" target=\"_blank\"><\/p>\n<p>                    <img decoding=\"async\" src=\"https:\/\/www.europesays.com\/fr\/wp-content\/uploads\/2025\/04\/1744691829_537_small.jpeg\" class=\"lazy\" alt=\"\"\/><\/p>\n<p><\/a>        <\/p>\n<p>Le pr\u00e9sident russe a d\u00e9j\u00e0 rencontr\u00e9 Steve Witkoff \u00e0 plusieurs reprises \u00e0 Moscou, mais les efforts de Donald Trump pour r\u00e9tablir le dialogue avec le Kremlin n\u2019ont pas port\u00e9 de fruits.<\/p>\n<p>Aux journalistes qui lui ont demand\u00e9 quel sera le message de l\u2019ambassadeur \u00e0 Moscou et s\u2019il y avait quelque chose que la Russie pouvait faire pour \u00e9viter les sanctions, le pr\u00e9sident am\u00e9ricain a r\u00e9pondu: \u00abOui, conclure un accord pour que les gens cessent d\u2019\u00eatre tu\u00e9s.\u00bb<\/p>\n<p>Il a par ailleurs menac\u00e9 d\u2019infliger des \u00abdroits de douane secondaires\u00bb aux pays qui continuent de faire commerce avec la Russie, tels que la Chine et l\u2019Inde.<\/p>\n<p>        04 ao\u00fbt \u00e0 06:30<br \/>\n          <strong>En image<\/strong><\/p>\n<p>        04 ao\u00fbt \u00e0 03:35<\/p>\n<p>      Donald Trump confirme une visite de son \u00e9missaire Steve Witkoff en Russie \u00abmercredi ou jeudi\u00bb<\/p>\n<p>              <a tabindex=\"-1\" title=\"Le Temps avec l\u2019AFP\" href=\"https:\/\/www.letemps.ch\/profil\/le-temps-avec-l-afp\" rel=\"nofollow noopener\" target=\"_blank\"><\/p>\n<p>                    <img decoding=\"async\" src=\"https:\/\/www.europesays.com\/fr\/wp-content\/uploads\/2025\/04\/1744691829_537_small.jpeg\" class=\"lazy\" alt=\"\"\/><\/p>\n<p><\/a>        <\/p>\n<p>Le pr\u00e9sident Donald Trump a confirm\u00e9 dimanche la visite de son envoy\u00e9 sp\u00e9cial Steve Witkoff en Russie \u00abmercredi ou jeudi\u00bb, apr\u00e8s avoir fix\u00e9 un ultimatum au pr\u00e9sident russe pour mettre fin \u00e0 la guerre en Ukraine.<\/p>\n<p>  <script async src=\"https:\/\/platform.twitter.com\/widgets.js\" charset=\"utf-8\"><\/script><\/p>\n","protected":false},"excerpt":{"rendered":"21:08 Steve Witkoff sera \u00e0 Moscou mercredi L\u2019\u00e9missaire sp\u00e9cial de Donald Trump, Steve Witkoff, se rendra mercredi \u00e0&hellip;\n","protected":false},"author":2,"featured_media":298841,"comment_status":"","ping_status":"","sticky":false,"template":"","format":"standard","meta":{"footnotes":""},"categories":[1591],"tags":[11,1887,4438,12,1885,1886,132,220],"class_list":{"0":"post-298840","1":"post","2":"type-post","3":"status-publish","4":"format-standard","5":"has-post-thumbnail","7":"category-russie","8":"tag-actualites","9":"tag-federation-de-russie","10":"tag-free","11":"tag-news","12":"tag-russia","13":"tag-russian-federation","14":"tag-russie","15":"tag-ukraine"},"share_on_mastodon":{"url":"https:\/\/pubeurope.com\/@fr\/114978006652464565","error":""},"_links":{"self":[{"href":"https:\/\/www.europesays.com\/fr\/wp-json\/wp\/v2\/posts\/298840","targetHints":{"allow":["GET"]}}],"collection":[{"href":"https:\/\/www.europesays.com\/fr\/wp-json\/wp\/v2\/posts"}],"about":[{"href":"https:\/\/www.europesays.com\/fr\/wp-json\/wp\/v2\/types\/post"}],"author":[{"embeddable":true,"href":"https:\/\/www.europesays.com\/fr\/wp-json\/wp\/v2\/users\/2"}],"replies":[{"embeddable":true,"href":"https:\/\/www.europesays.com\/fr\/wp-json\/wp\/v2\/comments?post=298840"}],"version-history":[{"count":0,"href":"https:\/\/www.europesays.com\/fr\/wp-json\/wp\/v2\/posts\/298840\/revisions"}],"wp:featuredmedia":[{"embeddable":true,"href":"https:\/\/www.europesays.com\/fr\/wp-json\/wp\/v2\/media\/298841"}],"wp:attachment":[{"href":"https:\/\/www.europesays.com\/fr\/wp-json\/wp\/v2\/media?parent=298840"}],"wp:term":[{"taxonomy":"category","embeddable":true,"href":"https:\/\/www.europesays.com\/fr\/wp-json\/wp\/v2\/categories?post=298840"},{"taxonomy":"post_tag","embeddable":true,"href":"https:\/\/www.europesays.com\/fr\/wp-json\/wp\/v2\/tags?post=298840"}],"curies":[{"name":"wp","href":"https:\/\/api.w.org\/{rel}","templated":true}]}}