{"id":298844,"date":"2025-08-05T20:19:10","date_gmt":"2025-08-05T20:19:10","guid":{"rendered":"https:\/\/www.europesays.com\/fr\/298844\/"},"modified":"2025-08-05T20:19:10","modified_gmt":"2025-08-05T20:19:10","slug":"le-dollar-en-suspend-face-a-donnees-economiques-americaines-peu-convaincantes","status":"publish","type":"post","link":"https:\/\/www.europesays.com\/fr\/298844\/","title":{"rendered":"Le dollar en suspend face \u00e0 donn\u00e9es \u00e9conomiques am\u00e9ricaines peu convaincantes"},"content":{"rendered":"<p class=\"fig-paragraph\">Le dollar est pratiquement stable mardi, apr\u00e8s la publication de donn\u00e9es ne rassurant pas les cambistes sur l&rsquo;\u00e9tat de<a href=\"http:\/\/www.lefigaro.fr\/flash-eco\/le-dollar-tire-vers-le-bas-par-les-chiffres-de-l-emploi-americain-20250804\" data-fig-type=\"NewsFlash\" data-gtm-custom-categorie=\"navigation\" data-gtm-custom-action=\"crossclick\" data-gtm-custom-label=\"Contextuel\" data-gtm-event=\"customEventSPE\" data-fig-domain=\"LEFIGARO\" target=\"_blank\" rel=\"noopener\">\u00a0sant\u00e9 \u00e9conomique<\/a>\u00a0des \u00c9tats-Unis. Le billet vert \u00aba connu une forte baisse vendredi\u00bb en raison d&rsquo;un rapport montrant un march\u00e9 de l&#8217;emploi atone aux\u00a0<a href=\"http:\/\/www.lefigaro.fr\/international\/etats-unis-l-interview-generee-par-ia-d-un-adolescent-mort-dans-une-fusillade-suscite-un-tolle-20250805\" data-fig-type=\"Article\" data-gtm-custom-categorie=\"navigation\" data-gtm-custom-action=\"crossclick\" data-gtm-custom-label=\"Contextuel\" data-gtm-event=\"customEventSPE\" data-fig-domain=\"LEFIGARO\" target=\"_blank\" rel=\"noopener\">\u00c9tats-Unis<\/a>\u00a0ces derniers mois, \u00abet depuis aucune publication \u00e9conomique n&rsquo;a permis\u00bb aux cambistes de reprendre leur souffle, estime aupr\u00e8s de l&rsquo;AFP Marc Chandler, de Bannockburn Capital Markets.<\/p>\n<p class=\"fig-paragraph\">Selon l&rsquo;indice publi\u00e9 mardi par la f\u00e9d\u00e9ration professionnelle ISM, l&rsquo;activit\u00e9 dans les services a recul\u00e9 au mois de juillet, \u00e0 un niveau plus faible qu&rsquo;anticip\u00e9 par les analystes, mais reste en territoire positif pour le septi\u00e8me mois d&rsquo;affil\u00e9e. \u00abLe principal enseignement \u00e0 tirer de ce rapport est qu&rsquo;il refl\u00e8te un ralentissement de la croissance du plus grand secteur du pays, accompagn\u00e9 d&rsquo;une contraction plus rapide de l&#8217;emploi et d&rsquo;une augmentation plus rapide des prix\u00bb, remarquent les analystes de Briefing.com.<\/p>\n<p>                                    <a class=\"fig-a11y-skip a11y-hidden\" href=\"#fig-a11y-skip-main-inarticle\"><br \/>\n        Passer la publicit\u00e9<br \/>\n    <\/a><\/p>\n<p>D\u00e9ficit am\u00e9ricain<\/p>\n<p class=\"fig-paragraph\">Le d\u00e9ficit commercial am\u00e9ricain a, lui, fortement recul\u00e9 au mois de juin sous l&rsquo;effet d&rsquo;une forte baisse des importations, alors que les entreprises ont constitu\u00e9 des stocks les mois pr\u00e9c\u00e9dents en pr\u00e9vision de la mise en place des droits de douane. Ces deux publications ont annihil\u00e9 les efforts de reprise du dollar observ\u00e9s en d\u00e9but de s\u00e9ance.<\/p>\n<p class=\"fig-paragraph\">Vers 19H20 GMT, le billet vert grappillait 0,02% contre l&rsquo;euro, \u00e0 1,1569 dollar, et reculait de 0,05% contre la livre britannique, \u00e0 1,3292 dollar. \u00abIl est peu probable que le prochain rapport sur le march\u00e9 du travail soit \u00e9tonnamment bon, et il est \u00e9galement douteux que les droits de douane aient un impact significatif sur l&rsquo;inflation si peu de temps apr\u00e8s leur entr\u00e9e en vigueur\u00bb, anticipe Antje Praefcke, de Commerzbank.<\/p>\n<p class=\"fig-paragraph\">Selon lui, \u00abcela rendrait les arguments en faveur d&rsquo;une baisse des taux d&rsquo;int\u00e9r\u00eat en septembre \u00e9crasants\u00bb et plombe donc la devise am\u00e9ricaine. L&rsquo;essentiel des analystes anticipent une baisse des taux de la Fed lors de sa prochaine r\u00e9union de politique mon\u00e9taire en septembre, selon l&rsquo;outil de veille de CME Group.<\/p>\n","protected":false},"excerpt":{"rendered":"Le dollar est pratiquement stable mardi, apr\u00e8s la publication de donn\u00e9es ne rassurant pas les cambistes sur l&rsquo;\u00e9tat&hellip;\n","protected":false},"author":2,"featured_media":298845,"comment_status":"","ping_status":"","sticky":false,"template":"","format":"standard","meta":{"footnotes":""},"categories":[1589],"tags":[11,7511,73,1866,12,1864,1865,1863,308],"class_list":{"0":"post-298844","1":"post","2":"type-post","3":"status-publish","4":"format-standard","5":"has-post-thumbnail","7":"category-etats-unis","8":"tag-actualites","9":"tag-dollar","10":"tag-etats-unis","11":"tag-etats-unis-damerique","12":"tag-news","13":"tag-united-states","14":"tag-united-states-of-america","15":"tag-us","16":"tag-usa"},"share_on_mastodon":{"url":"https:\/\/pubeurope.com\/@fr\/114978014149216766","error":""},"_links":{"self":[{"href":"https:\/\/www.europesays.com\/fr\/wp-json\/wp\/v2\/posts\/298844","targetHints":{"allow":["GET"]}}],"collection":[{"href":"https:\/\/www.europesays.com\/fr\/wp-json\/wp\/v2\/posts"}],"about":[{"href":"https:\/\/www.europesays.com\/fr\/wp-json\/wp\/v2\/types\/post"}],"author":[{"embeddable":true,"href":"https:\/\/www.europesays.com\/fr\/wp-json\/wp\/v2\/users\/2"}],"replies":[{"embeddable":true,"href":"https:\/\/www.europesays.com\/fr\/wp-json\/wp\/v2\/comments?post=298844"}],"version-history":[{"count":0,"href":"https:\/\/www.europesays.com\/fr\/wp-json\/wp\/v2\/posts\/298844\/revisions"}],"wp:featuredmedia":[{"embeddable":true,"href":"https:\/\/www.europesays.com\/fr\/wp-json\/wp\/v2\/media\/298845"}],"wp:attachment":[{"href":"https:\/\/www.europesays.com\/fr\/wp-json\/wp\/v2\/media?parent=298844"}],"wp:term":[{"taxonomy":"category","embeddable":true,"href":"https:\/\/www.europesays.com\/fr\/wp-json\/wp\/v2\/categories?post=298844"},{"taxonomy":"post_tag","embeddable":true,"href":"https:\/\/www.europesays.com\/fr\/wp-json\/wp\/v2\/tags?post=298844"}],"curies":[{"name":"wp","href":"https:\/\/api.w.org\/{rel}","templated":true}]}}