{"id":298846,"date":"2025-08-05T20:20:16","date_gmt":"2025-08-05T20:20:16","guid":{"rendered":"https:\/\/www.europesays.com\/fr\/298846\/"},"modified":"2025-08-05T20:20:16","modified_gmt":"2025-08-05T20:20:16","slug":"la-croissance-ralentit-dans-les-services-pmi","status":"publish","type":"post","link":"https:\/\/www.europesays.com\/fr\/298846\/","title":{"rendered":"la croissance ralentit dans les services (PMI)"},"content":{"rendered":"<p>        <img decoding=\"async\" src=\"https:\/\/www.europesays.com\/fr\/wp-content\/uploads\/2025\/04\/720-c.jpg\" alt=\"bourse Cac 40\"\/><\/p>\n<p>(Zonebourse.com) &#8211; La croissance de l&rsquo;activit\u00e9 a ralenti dans le secteur britannique des services en juillet, \u00e0 en croire les r\u00e9sultats d\u00e9finitifs de l&rsquo;enqu\u00eate PMI r\u00e9alis\u00e9e par S&amp;P Global aupr\u00e8s des directeurs d&rsquo;achat au Royaume-Uni.<\/p>\n<p>L&rsquo;indice PMI est ressorti \u00e0 51,8 dans sa version finale en juillet, toujours au-dessus du seuil des 50 points s\u00e9parant croissance et contraction de l&rsquo;activit\u00e9, mais bien en-dessous des 52,8 enregistr\u00e9s au mois de juin.<\/p>\n<p>Dans un communiqu\u00e9, S&amp;P Global met en \u00e9vidence l&rsquo;aversion au risque et le faible niveau de confiance chez les clients, mais aussi les inqui\u00e9tudes entourant la hausse des co\u00fbts salari\u00e9s qui vient p\u00e9naliser les nouvelles embauches.<\/p>\n<p>C\u00f4t\u00e9 positif, l&rsquo;optimisme des chefs d&rsquo;entreprise s&rsquo;est r\u00e9cemment renforc\u00e9 en raison de l&rsquo;accord commercial conclu avec les Etats-Unis et en perspective d&rsquo;une probable baisse des taux d&rsquo;int\u00e9r\u00eat d&rsquo;ici \u00e0 la fin de l&rsquo;ann\u00e9e, qui devrait soutenir \u00e0 la fois le moral des entreprises et la confiance des consommateurs, indique S&amp;P Global.<\/p>\n<p>Copyright \u00a9 2025 Zonebourse.com &#8211; All rights reserved.<\/p>\n<p>Vous avez aim\u00e9 cet article ? Partagez-le avec vos amis avec les boutons ci-dessous.<\/p>\n<p>        <a target=\"_blank\" title=\"Twitter\" href=\"https:\/\/twitter.com\/share?url=https:\/\/www.abcbourse.com\/marches\/royaume-uni-la-croissance-ralentit-dans-les-services-pmi_671656&amp;text=Royaume-Uni: la croissance ralentit dans les services (PMI)&amp;via=abcbourse\" rel=\"nofollow noopener\">&#13;<br \/>\n            <img decoding=\"async\" src=\"https:\/\/www.europesays.com\/fr\/wp-content\/uploads\/2025\/04\/share_twitter.png\" class=\"mr10\" alt=\"Twitter\"\/>&#13;<br \/>\n        <\/a><br \/>\n        <a target=\"_blank\" title=\"Facebook\" href=\"https:\/\/www.facebook.com\/sharer.php?u=https:\/\/www.abcbourse.com\/marches\/royaume-uni-la-croissance-ralentit-dans-les-services-pmi_671656&amp;t=Royaume-Uni: la croissance ralentit dans les services (PMI)\" rel=\"nofollow noopener\">&#13;<br \/>\n            <img decoding=\"async\" src=\"https:\/\/www.europesays.com\/fr\/wp-content\/uploads\/2025\/04\/share_fb.png\" alt=\"Facebook\" class=\"mr10\"\/>&#13;<br \/>\n        <\/a><br \/>\n        <a target=\"_blank\" title=\"Linkedin\" href=\"https:\/\/www.linkedin.com\/shareArticle?mini=true&amp;url=https:\/\/www.abcbourse.com\/marches\/royaume-uni-la-croissance-ralentit-dans-les-services-pmi_671656&amp;title=Royaume-Uni: la croissance ralentit dans les services (PMI)\" rel=\"nofollow noopener\">&#13;<br \/>\n            <img decoding=\"async\" src=\"https:\/\/www.europesays.com\/fr\/wp-content\/uploads\/2025\/04\/share_linkedin.png\" alt=\"Linkedin\" class=\"mr10\"\/>&#13;<br \/>\n        <\/a><br \/>\n        <a target=\"_blank\" title=\"Envoyer par mail\" href=\"mailto:?subject=Royaume-Uni: la croissance ralentit dans les services (PMI)&amp;body=https:\/\/www.abcbourse.com\/marches\/royaume-uni-la-croissance-ralentit-dans-les-services-pmi_671656\" rel=\"nofollow\">&#13;<br \/>\n            <img decoding=\"async\" src=\"https:\/\/www.europesays.com\/fr\/wp-content\/uploads\/2025\/04\/share_email.png\" alt=\"email\"\/>&#13;<br \/>\n        <\/a><br \/>\n    <script async src=\"https:\/\/platform.twitter.com\/widgets.js\" charset=\"utf-8\"><\/script><\/p>\n","protected":false},"excerpt":{"rendered":"(Zonebourse.com) &#8211; La croissance de l&rsquo;activit\u00e9 a ralenti dans le secteur britannique des services en juillet, \u00e0 en&hellip;\n","protected":false},"author":2,"featured_media":8962,"comment_status":"","ping_status":"","sticky":false,"template":"","format":"standard","meta":{"footnotes":""},"categories":[1588],"tags":[11,1777,674,12,473,1853,1851,1850,1852],"class_list":{"0":"post-298846","1":"post","2":"type-post","3":"status-publish","4":"format-standard","5":"has-post-thumbnail","7":"category-royaume-uni","8":"tag-actualites","9":"tag-eu","10":"tag-europe","11":"tag-news","12":"tag-royaume-uni","13":"tag-royaume-uni-de-grande-bretagne-et-dirlande-du-nord","14":"tag-uk","15":"tag-united-kingdom","16":"tag-united-kingdom-of-great-britain-and-northern-ireland"},"share_on_mastodon":{"url":"https:\/\/pubeurope.com\/@fr\/114978018140908049","error":""},"_links":{"self":[{"href":"https:\/\/www.europesays.com\/fr\/wp-json\/wp\/v2\/posts\/298846","targetHints":{"allow":["GET"]}}],"collection":[{"href":"https:\/\/www.europesays.com\/fr\/wp-json\/wp\/v2\/posts"}],"about":[{"href":"https:\/\/www.europesays.com\/fr\/wp-json\/wp\/v2\/types\/post"}],"author":[{"embeddable":true,"href":"https:\/\/www.europesays.com\/fr\/wp-json\/wp\/v2\/users\/2"}],"replies":[{"embeddable":true,"href":"https:\/\/www.europesays.com\/fr\/wp-json\/wp\/v2\/comments?post=298846"}],"version-history":[{"count":0,"href":"https:\/\/www.europesays.com\/fr\/wp-json\/wp\/v2\/posts\/298846\/revisions"}],"wp:featuredmedia":[{"embeddable":true,"href":"https:\/\/www.europesays.com\/fr\/wp-json\/wp\/v2\/media\/8962"}],"wp:attachment":[{"href":"https:\/\/www.europesays.com\/fr\/wp-json\/wp\/v2\/media?parent=298846"}],"wp:term":[{"taxonomy":"category","embeddable":true,"href":"https:\/\/www.europesays.com\/fr\/wp-json\/wp\/v2\/categories?post=298846"},{"taxonomy":"post_tag","embeddable":true,"href":"https:\/\/www.europesays.com\/fr\/wp-json\/wp\/v2\/tags?post=298846"}],"curies":[{"name":"wp","href":"https:\/\/api.w.org\/{rel}","templated":true}]}}