{"id":298847,"date":"2025-08-05T20:21:11","date_gmt":"2025-08-05T20:21:11","guid":{"rendered":"https:\/\/www.europesays.com\/fr\/298847\/"},"modified":"2025-08-05T20:21:11","modified_gmt":"2025-08-05T20:21:11","slug":"la-folle-histoire-dun-attache-parlementaire-accuse-despionnage-pour-la-chine","status":"publish","type":"post","link":"https:\/\/www.europesays.com\/fr\/298847\/","title":{"rendered":"la folle histoire d&rsquo;un attach\u00e9 parlementaire accus\u00e9 d&rsquo;espionnage pour la Chine"},"content":{"rendered":"<p class=\"article-p mdl\">L&rsquo;histoire est digne d&rsquo;une s\u00e9rie t\u00e9l\u00e9vis\u00e9e. Le proc\u00e8s d&rsquo;un attach\u00e9 parlementaire,\u00a0<strong>accus\u00e9 d&rsquo;espionnage au profit de la Chine<\/strong>, s&rsquo;est ouvert en Allemagne ce mardi 5 ao\u00fbt.\u00a0<\/p>\n<p class=\"article-p mdl\">\u00ab\u00a0L&rsquo;avenir dira si mon client est vraiment 007\u00a0\u00bb. C&rsquo;est avec cette comparaison os\u00e9e que l&rsquo;avocat de Jian Guo, ex-assistant parlementaire de l&rsquo;eurod\u00e9put\u00e9\u00a0<a class=\"link\" href=\"https:\/\/www.rtl.fr\/actu\/international\/elections-en-allemagne-l-extreme-droite-en-est-en-hausse-et-les-tensions-montent-7900475340\" target=\"_blank\" rel=\"noopener\">d&rsquo;extr\u00eame droite allemand<\/a>\u00a0Maximilian Krah, a r\u00e9sum\u00e9 sa d\u00e9fense, niant en bloc les accusations.\u00a0<\/p>\n<p class=\"article-p mdl\">Selon lui, son client s&rsquo;occupait du commerce ext\u00e9rieur et, de par ses origines chinoises et donc ses comp\u00e9tences linguistiques, ses t\u00e2ches comprenaient aussi les relations avec la Chine.\u00a0<\/p>\n<p class=\"article-p mdl\">Pourtant, le dossier est lourd contre l&rsquo;ex-assistant. Le procureur g\u00e9n\u00e9ral le soup\u00e7onne <strong>d&rsquo;avoir \u00e9t\u00e9 agent pour P\u00e9kin pendant 23 ans<\/strong>, bien avant donc d&rsquo;avoir \u00e9t\u00e9 engag\u00e9 au Parlement europ\u00e9en en 2019.<\/p>\n<p class=\"article-p mdl\">Jian Guo aurait transmis des informations confidentielles et des dossiers jug\u00e9s particuli\u00e8rement sensibles sur le Parlement europ\u00e9en, mais aussi\u00a0<a class=\"link\" href=\"https:\/\/www.rtl.fr\/actu\/international\/allemagne-le-parti-afd-classe-extremiste-de-droite-par-les-services-de-renseignement-7900500801\" target=\"_blank\" rel=\"noopener\">sur l&rsquo;AfD et ses dirigeants<\/a>. Enfin, la justice pense <strong>qu&rsquo;il espionnait des opposants chinois install\u00e9s en Allemagne<\/strong>, avec l&rsquo;aide d&rsquo;une complice, \u00e9galement accus\u00e9e au proc\u00e8s.\u00a0<\/p>\n<p class=\"article-p mdl\">Maximilian Krah, l&rsquo;eurod\u00e9put\u00e9 pour lequel il travaillait, \u00e9tait la t\u00eate de liste du parti d&rsquo;extr\u00eame droite aux \u00e9lections europ\u00e9ennes de 2024. Il pourrait \u00eatre entendu comme t\u00e9moin pendant le proc\u00e8s qui devrait durer jusqu&rsquo;\u00e0 fin septembre.<\/p>\n<p>    La r\u00e9daction vous recommande<\/p>\n<p class=\"s-newsletter__title\">\n                L\u2019actualit\u00e9 par la r\u00e9daction de RTL dans votre bo\u00eete mail.\n            <\/p>\n<p class=\"s-newsletter__subtitle\">\n                Gr\u00e2ce \u00e0 votre compte RTL abonnez-vous \u00e0 la newsletter RTL info pour suivre toute l&rsquo;actualit\u00e9 au quotidien\n            <\/p>\n<p>\n                                    Lire la suite\n                                <\/p>\n","protected":false},"excerpt":{"rendered":"L&rsquo;histoire est digne d&rsquo;une s\u00e9rie t\u00e9l\u00e9vis\u00e9e. Le proc\u00e8s d&rsquo;un attach\u00e9 parlementaire,\u00a0accus\u00e9 d&rsquo;espionnage au profit de la Chine, s&rsquo;est&hellip;\n","protected":false},"author":2,"featured_media":298848,"comment_status":"","ping_status":"","sticky":false,"template":"","format":"standard","meta":{"footnotes":""},"categories":[1587],"tags":[11,672,1804,309,1805,1803,4777,1777,674,107,1801,303,12,1050,2694,362,1802],"class_list":{"0":"post-298847","1":"post","2":"type-post","3":"status-publish","4":"format-standard","5":"has-post-thumbnail","7":"category-allemagne","8":"tag-actualites","9":"tag-allemagne","10":"tag-bundesrepublik-deutschland","11":"tag-chine","12":"tag-de","13":"tag-deutschland","14":"tag-espionnage","15":"tag-eu","16":"tag-europe","17":"tag-fil-info","18":"tag-germany","19":"tag-justice","20":"tag-news","21":"tag-parlement","22":"tag-proces","23":"tag-replay","24":"tag-republique-federale-dallemagne"},"share_on_mastodon":{"url":"https:\/\/pubeurope.com\/@fr\/114978021943849962","error":""},"_links":{"self":[{"href":"https:\/\/www.europesays.com\/fr\/wp-json\/wp\/v2\/posts\/298847","targetHints":{"allow":["GET"]}}],"collection":[{"href":"https:\/\/www.europesays.com\/fr\/wp-json\/wp\/v2\/posts"}],"about":[{"href":"https:\/\/www.europesays.com\/fr\/wp-json\/wp\/v2\/types\/post"}],"author":[{"embeddable":true,"href":"https:\/\/www.europesays.com\/fr\/wp-json\/wp\/v2\/users\/2"}],"replies":[{"embeddable":true,"href":"https:\/\/www.europesays.com\/fr\/wp-json\/wp\/v2\/comments?post=298847"}],"version-history":[{"count":0,"href":"https:\/\/www.europesays.com\/fr\/wp-json\/wp\/v2\/posts\/298847\/revisions"}],"wp:featuredmedia":[{"embeddable":true,"href":"https:\/\/www.europesays.com\/fr\/wp-json\/wp\/v2\/media\/298848"}],"wp:attachment":[{"href":"https:\/\/www.europesays.com\/fr\/wp-json\/wp\/v2\/media?parent=298847"}],"wp:term":[{"taxonomy":"category","embeddable":true,"href":"https:\/\/www.europesays.com\/fr\/wp-json\/wp\/v2\/categories?post=298847"},{"taxonomy":"post_tag","embeddable":true,"href":"https:\/\/www.europesays.com\/fr\/wp-json\/wp\/v2\/tags?post=298847"}],"curies":[{"name":"wp","href":"https:\/\/api.w.org\/{rel}","templated":true}]}}