{"id":29885,"date":"2025-04-16T20:08:11","date_gmt":"2025-04-16T20:08:11","guid":{"rendered":"https:\/\/www.europesays.com\/fr\/29885\/"},"modified":"2025-04-16T20:08:11","modified_gmt":"2025-04-16T20:08:11","slug":"en-bretagne-le-recrutement-en-repli-mais-la-filiere-energie-dope-le-marche-de-lemploi","status":"publish","type":"post","link":"https:\/\/www.europesays.com\/fr\/29885\/","title":{"rendered":"En Bretagne, le recrutement en repli mais la fili\u00e8re \u00e9nergie dope le march\u00e9 de l\u2019emploi"},"content":{"rendered":"<p>Avec le taux de ch\u00f4mage le plus bas en France (5,9\u00a0%), la Bretagne a termin\u00e9 le dernier trimestre 2024 en pole position des r\u00e9gions fran\u00e7aises, malgr\u00e9 trois indicateurs au rouge\u00a0:<a href=\"https:\/\/rennes.maville.com\/actu\/actudet_-bretagne-l-emploi-salarie-et-l-interim-en-baisse-fin-2024-_5-6737390_actu.Htm\" target=\"_blank\" rel=\"noopener\"> le repli de l\u2019emploi salari\u00e9 (- 0,2\u00a0% soit 2\u00a0800\u00a0emplois en moins), la hausse des demandeurs d\u2019emploi ( +\u00a01,4\u00a0%) et celle des d\u00e9faillances d\u2019entreprises (+\u00a016,1\u00a0% ) comparable \u00e0 celle observ\u00e9e en France (+\u00a017,4\u00a0%).<\/a><\/p>\n<p>L\u2019\u00e9conomie bretonne r\u00e9sistera-t-elle aussi bien en 2025\u00a0? <a href=\"https:\/\/www.bretagne.cci.fr\/actualite\/economie-et-territoires-tendances-emploi-bretagne-second-trimestre-2024\" target=\"_blank\" rel=\"noopener\">Les derniers chiffres publi\u00e9s par Tendance Emploi Bretagne, l\u2019outil de veille de la Chambre de commerce et d\u2019industrie (CCI) de Bretagne,<\/a> et ceux de l\u2019expert de la donn\u00e9e d\u2019entreprises Altares sont en demi-teinte. <a href=\"https:\/\/www.altares.com\/\" target=\"_blank\" rel=\"noopener\">Au premier trimestre 2025, la Bretagne recense encore 703\u00a0d\u00e9faillances d\u2019entreprises selon Altares.<\/a> Elles ont augment\u00e9 de 7,7\u00a0% par rapport au premier trimestre 2024. Avec un taux de liquidations judiciaires de 64,2\u00a0%, proche des 69,5\u00a0% de moyenne nationale, la r\u00e9gion est loin d\u2019\u00eatre dans le tierc\u00e9 gagnant des territoires (Bourgogne-Franche-Comt\u00e9, Centre-Val de Loire et Provence-Alpes-C\u00f4te d\u2019Azur) o\u00f9 les d\u00e9faillances d\u2019entreprises ont diminu\u00e9 en ce d\u00e9but d\u2019ann\u00e9e.<\/p>\n<\/p>\n<p>\u00ab\u00a0Le dynamisme de la fili\u00e8re \u00e9nergie\u00a0\u00bb<\/p>\n<p>C\u00f4t\u00e9 emploi, la CCI Bretagne estime que les intentions de recrutement des entreprises bretonnes ont baiss\u00e9 au cours du premier trimestre 2025. Elle recense un peu plus de 5\u00a0000\u00a0offres, un <strong>\u00ab\u00a0volume inf\u00e9rieur \u00e0 ceux enregistr\u00e9s sur la m\u00eame p\u00e9riode, en 2024 (8\u00a0632\u00a0offres) et en 2023 (11\u00a0023\u00a0offres)\u00a0\u00bb.<\/strong><\/p>\n<p>Les fili\u00e8res des services et de l\u2019industrie sont \u00e0 la peine. Dans la premi\u00e8re, les offres de recrutement diminuent de 23\u00a0%. La deuxi\u00e8me en perd plus de la moiti\u00e9 par rapport \u00e0 la m\u00eame p\u00e9riode en 2024. Et ce, malgr\u00e9 trois secteurs cr\u00e9ateurs d\u2019emplois\u00a0: la m\u00e9canique (le projet de nouvelle fonderie de Safran, \u00e0 Rennes (Ille-et-Vilaine) et le groupe automobile <a href=\"https:\/\/rennes.maville.com\/actu\/actudet_-automobile-apres-les-suppressions-de-postes-stellantis-retropedale-avec-250-recrutements-a-rennes-_52674-6664728_actu.Htm\" target=\"_blank\" rel=\"noopener\">Stellantis qui recrute 250\u00a0int\u00e9rimaires \u00e0 Rennes)<\/a>, l\u2019industrie agroalimentaire et l\u2019\u00e9lectricit\u00e9 \u00e9lectronique (plus de 500\u00a0projets de recrutement chacune).<\/p>\n<p><strong>Lire aussi\u00a0:<\/strong> <a href=\"https:\/\/brest.maville.com\/actu\/actudet_--la-region-continue-de-bien-resister-la-bretagne-championne-de-la-creation-d-emplois-salaries-_6-6446242_actu.Htm\" target=\"_blank\" rel=\"noopener\">\u00ab\u00a0La r\u00e9gion continue de bien r\u00e9sister\u00a0\u00bb\u00a0: la Bretagne, championne de la cr\u00e9ation d\u2019emplois salari\u00e9s<\/a><\/p>\n<p>La transition \u00e9nerg\u00e9tique est le turbo de la cr\u00e9ation d\u2019emplois en ce d\u00e9but d\u2019ann\u00e9e. Le secteur concentre 20\u00a0% des projets de recrutement, avec EDF (qui a annonc\u00e9 recruter 300\u00a0personnes), les batteries \u00e9lectriques de <a href=\"https:\/\/quimper.maville.com\/actu\/actudet_-info-ouest-france.-la-future-gigafactory-de-bollore-aura-son-site-en-bretagne-_6-6279541_actu.Htm\" target=\"_blank\" rel=\"noopener\">Blue Solutions pr\u00e8s de Quimper (Finist\u00e8re) (250\u00a0emplois annonc\u00e9s)<\/a> et <a href=\"https:\/\/lemarin.ouest-france.fr\/energie\/energies-marines\/atteindre-200-salaries-dans-18-mois-sweetch-energy-passe-a-lechelle-industrielle-9235a20c-db30-11ef-8f83-1be9a95f1bed\" target=\"_blank\" rel=\"noopener\">le d\u00e9veloppement du fabricant de g\u00e9n\u00e9rateurs Sweetch Energy, pr\u00e8s de Rennes (185)<\/a>. Ce n\u2019est pas un hasard si Jean-Pierre Rivery, pr\u00e9sident de la CCI Bretagne, salue <strong>\u00ab\u00a0le dynamisme de la fili\u00e8re \u00e9nergie\u00a0\u00bb<\/strong> et confirme <strong>\u00ab\u00a0l\u2019objectif d\u2019acc\u00e9l\u00e9rer la d\u00e9carbonation des entreprises et par l\u00e0 m\u00eame, soutenir le d\u00e9veloppement \u00e9conomique local et donc l\u2019emploi\u00a0\u00bb.<\/strong><\/p>\n<p>\u00ab\u00a0Un regain d\u2019optimisme\u00a0\u00bb chez les artisans du b\u00e2timent<\/p>\n<p>M\u00eame constat dans l\u2019artisanat du b\u00e2timent, o\u00f9 le syndicat patronal Conf\u00e9d\u00e9ration de l\u2019artisanat et des petites entreprises du b\u00e2timent (Capeb Bretagne) note un <strong>\u00ab\u00a0regain d\u2019optimisme\u00a0\u00bb<\/strong> des patrons.<\/p>\n<p>En ce d\u00e9but d\u2019ann\u00e9e, 63\u00a0% de ses adh\u00e9rents (contre 57\u00a0% fin 2024) jugent l\u2019activit\u00e9 favorable ou tr\u00e8s favorable, malgr\u00e9 des entreprises confront\u00e9es \u00e0 des difficult\u00e9s de tr\u00e9sorerie toujours plus nombreuses ( +\u00a02\u00a0%, soit 19\u00a0%). <strong>\u00ab\u00a0Il y a eu une vague de d\u00e9faillances qui a touch\u00e9 tous les secteurs, mais il n\u2019y a pas eu de catastrophe,<\/strong> note le secr\u00e9taire g\u00e9n\u00e9ral de la Capeb, Julien Zapatta. <strong>L\u2019activit\u00e9 \u00e9tait en baisse depuis un an. On craignait la m\u00eame chose d\u00e9but 2025, mais l\u2019on s\u2019est rendu compte qu\u2019elle repart \u00e0 la hausse. Le march\u00e9 de la r\u00e9novation, dont la r\u00e9novation \u00e9nerg\u00e9tique, est une source de travail pour les entreprises.\u00a0\u00bb<\/strong><\/p>\n<p>Un indicateur indiscutable\u00a0: les d\u00e9lais des carnets de commandes s\u2019allongent \u00e0 nouveau. <strong>\u00ab\u00a0Ils sont pass\u00e9s de trois mois et demi \u00e0 quatre mois et demi.\u00a0\u00bb<\/strong><\/p>\n<p>\u00a0<\/p>\n","protected":false},"excerpt":{"rendered":"Avec le taux de ch\u00f4mage le plus bas en France (5,9\u00a0%), la Bretagne a termin\u00e9 le dernier trimestre&hellip;\n","protected":false},"author":2,"featured_media":29886,"comment_status":"","ping_status":"","sticky":false,"template":"","format":"standard","meta":{"footnotes":""},"categories":[2821],"tags":[1111,11,829,10377,341,893,1777,674,6979,1011,27,2089,12,7099,584,10376,25],"class_list":{"0":"post-29885","1":"post","2":"type-post","3":"status-publish","4":"format-standard","5":"has-post-thumbnail","7":"category-rennes","8":"tag-actu","9":"tag-actualites","10":"tag-bretagne","11":"tag-dope","12":"tag-emploi","13":"tag-energie","14":"tag-eu","15":"tag-europe","16":"tag-filiere","17":"tag-fr","18":"tag-france","19":"tag-marche","20":"tag-news","21":"tag-recrutement","22":"tag-rennes","23":"tag-repli","24":"tag-republique-francaise"},"share_on_mastodon":{"url":"https:\/\/pubeurope.com\/@fr\/114349454381487144","error":""},"_links":{"self":[{"href":"https:\/\/www.europesays.com\/fr\/wp-json\/wp\/v2\/posts\/29885","targetHints":{"allow":["GET"]}}],"collection":[{"href":"https:\/\/www.europesays.com\/fr\/wp-json\/wp\/v2\/posts"}],"about":[{"href":"https:\/\/www.europesays.com\/fr\/wp-json\/wp\/v2\/types\/post"}],"author":[{"embeddable":true,"href":"https:\/\/www.europesays.com\/fr\/wp-json\/wp\/v2\/users\/2"}],"replies":[{"embeddable":true,"href":"https:\/\/www.europesays.com\/fr\/wp-json\/wp\/v2\/comments?post=29885"}],"version-history":[{"count":0,"href":"https:\/\/www.europesays.com\/fr\/wp-json\/wp\/v2\/posts\/29885\/revisions"}],"wp:featuredmedia":[{"embeddable":true,"href":"https:\/\/www.europesays.com\/fr\/wp-json\/wp\/v2\/media\/29886"}],"wp:attachment":[{"href":"https:\/\/www.europesays.com\/fr\/wp-json\/wp\/v2\/media?parent=29885"}],"wp:term":[{"taxonomy":"category","embeddable":true,"href":"https:\/\/www.europesays.com\/fr\/wp-json\/wp\/v2\/categories?post=29885"},{"taxonomy":"post_tag","embeddable":true,"href":"https:\/\/www.europesays.com\/fr\/wp-json\/wp\/v2\/tags?post=29885"}],"curies":[{"name":"wp","href":"https:\/\/api.w.org\/{rel}","templated":true}]}}