{"id":298851,"date":"2025-08-05T20:23:11","date_gmt":"2025-08-05T20:23:11","guid":{"rendered":"https:\/\/www.europesays.com\/fr\/298851\/"},"modified":"2025-08-05T20:23:11","modified_gmt":"2025-08-05T20:23:11","slug":"trump-menace-daugmenter-les-droits-de-douane-sur-lue-si-le-bloc-ninvestit-pas-600-milliards-aux-usa","status":"publish","type":"post","link":"https:\/\/www.europesays.com\/fr\/298851\/","title":{"rendered":"Trump menace d\u2019augmenter les droits de douane sur l\u2019UE si le bloc n\u2019investit pas 600 milliards $ aux USA"},"content":{"rendered":"<p style=\"text-align: justify\"><strong>Le pr\u00e9sident am\u00e9ricain Donald Trump a menac\u00e9, mardi, d\u2019augmenter les droits de douane sur les exportations en provenance de l\u2019Union europ\u00e9enne (UE) si le bloc ne tenait pas sa promesse d\u2019investir 600 milliards de dollars aux \u00c9tats-Unis.<\/strong><\/p>\n<p style=\"text-align: justify\">Bruxelles et Washington ont scell\u00e9 fin juillet un accord commercial bas\u00e9 sur des droits de douane de 15% sur les produits europ\u00e9ens qui arrivent aux \u00c9tats-Unis. En vertu de cet accord, l\u2019UE s\u2019est engag\u00e9e \u00e9galement \u00e0 acheter pour 750 milliards de dollars de produits d\u2019\u00e9nergie am\u00e9ricains et \u00e0 r\u00e9aliser des investissements suppl\u00e9mentaires de 600 milliards aux \u00c9tats-Unis.<\/p>\n<p style=\"text-align: justify\">Lors d\u2019une interview sur la cha\u00eene CNBC, le locataire de la Maison Blanche a soulign\u00e9 que l\u2019UE paierait le prix fort si elle renon\u00e7ait \u00e0 son engagement d\u2019investir aux Etats-Unis. \u00ab\u00a0Ensuite, ils paieront des droits de douane de 35 %\u00a0\u00bb, a-t-il dit.<\/p>\n<p style=\"text-align: justify\">\u00ab\u00a0Ils ont baiss\u00e9 leurs droits de douane, ils ont donc pay\u00e9 600 milliards de dollars et, gr\u00e2ce \u00e0 cela, j\u2019ai r\u00e9duit leurs droits de douane de 30% \u00e0 15%\u00a0\u00bb, a poursuivi le pr\u00e9sident am\u00e9ricain.<\/p>\n<p style=\"text-align: justify\">Peu de d\u00e9tails ont \u00e9t\u00e9 communiqu\u00e9s sur cet engagement d\u2019investir 600 milliards de dollars, notamment sur le d\u00e9boursement des fonds ou les secteurs concern\u00e9s par l\u2019investissement.<\/p>\n<p style=\"text-align: justify\">Lors de l\u2019interview, M. Trump a d\u00e9clar\u00e9 que les 600 milliards de dollars seraient investis \u00ab\u00a0dans ce que je veux\u00a0\u00bb.<\/p>\n<p style=\"text-align: justify\">L\u2019accord commercial, conclu \u00e0 l\u2019issue d\u2019une rencontre en \u00c9cosse le mois dernier entre le pr\u00e9sident Trump et la pr\u00e9sidente de la Commission europ\u00e9enne, Ursula von der Leyen, est intervenu quelques jours avant la date butoir du 1er ao\u00fbt. Les \u00c9tats-Unis avaient menac\u00e9 d\u2019imposer \u00e0 partir de cette date des droits de douane de 30% sur les produits europ\u00e9ens import\u00e9s outre-atlantique.<\/p>\n","protected":false},"excerpt":{"rendered":"Le pr\u00e9sident am\u00e9ricain Donald Trump a menac\u00e9, mardi, d\u2019augmenter les droits de douane sur les exportations en provenance&hellip;\n","protected":false},"author":2,"featured_media":298852,"comment_status":"","ping_status":"","sticky":false,"template":"","format":"standard","meta":{"footnotes":""},"categories":[1586],"tags":[11,1777,674,1779,1011,27,12,25,1778,364],"class_list":{"0":"post-298851","1":"post","2":"type-post","3":"status-publish","4":"format-standard","5":"has-post-thumbnail","7":"category-europe","8":"tag-actualites","9":"tag-eu","10":"tag-europe","11":"tag-european-union","12":"tag-fr","13":"tag-france","14":"tag-news","15":"tag-republique-francaise","16":"tag-ue","17":"tag-union-europeenne"},"share_on_mastodon":{"url":"https:\/\/pubeurope.com\/@fr\/114978029774834375","error":""},"_links":{"self":[{"href":"https:\/\/www.europesays.com\/fr\/wp-json\/wp\/v2\/posts\/298851","targetHints":{"allow":["GET"]}}],"collection":[{"href":"https:\/\/www.europesays.com\/fr\/wp-json\/wp\/v2\/posts"}],"about":[{"href":"https:\/\/www.europesays.com\/fr\/wp-json\/wp\/v2\/types\/post"}],"author":[{"embeddable":true,"href":"https:\/\/www.europesays.com\/fr\/wp-json\/wp\/v2\/users\/2"}],"replies":[{"embeddable":true,"href":"https:\/\/www.europesays.com\/fr\/wp-json\/wp\/v2\/comments?post=298851"}],"version-history":[{"count":0,"href":"https:\/\/www.europesays.com\/fr\/wp-json\/wp\/v2\/posts\/298851\/revisions"}],"wp:featuredmedia":[{"embeddable":true,"href":"https:\/\/www.europesays.com\/fr\/wp-json\/wp\/v2\/media\/298852"}],"wp:attachment":[{"href":"https:\/\/www.europesays.com\/fr\/wp-json\/wp\/v2\/media?parent=298851"}],"wp:term":[{"taxonomy":"category","embeddable":true,"href":"https:\/\/www.europesays.com\/fr\/wp-json\/wp\/v2\/categories?post=298851"},{"taxonomy":"post_tag","embeddable":true,"href":"https:\/\/www.europesays.com\/fr\/wp-json\/wp\/v2\/tags?post=298851"}],"curies":[{"name":"wp","href":"https:\/\/api.w.org\/{rel}","templated":true}]}}