{"id":298859,"date":"2025-08-05T20:27:20","date_gmt":"2025-08-05T20:27:20","guid":{"rendered":"https:\/\/www.europesays.com\/fr\/298859\/"},"modified":"2025-08-05T20:27:20","modified_gmt":"2025-08-05T20:27:20","slug":"on-parle-de-tout-sauf-de-golf-avec-tom-vaillant","status":"publish","type":"post","link":"https:\/\/www.europesays.com\/fr\/298859\/","title":{"rendered":"On parle de tout sauf de golf avec\u2026 Tom Vaillant"},"content":{"rendered":"<p><strong>S\u2019il devait y avoir un m\u00e9rite national de la com\u00e9die fran\u00e7aise, tu mettrais qui dans ton top 3 ?<\/strong><br \/>(Il r\u00e9pond sans r\u00e9fl\u00e9chir) Louis de Fun\u00e8s, Christian Clavier et Pierre Niney.<\/p>\n<p><strong>La r\u00e9ponse est venue tr\u00e8s vite !<\/strong><br \/>Parce que j\u2019adore \u00e7a. La France est, selon moi, la meilleure en com\u00e9die. Il n\u2019y a aucun film am\u00e9ricain ou anglais qui m\u2019a fait autant rire que les films et les acteurs que j\u2019ai cit\u00e9s. Les deux premiers sont des grands du genre et Pierre Niney est exceptionnel mais il lui manque encore cette com\u00e9die r\u00e9f\u00e9rence pour assoir son statut. Je parle comme un mec d\u2019Allocin\u00e9 !<\/p>\n<p><strong>Tant que tu nous fais part de tes talents de critique, est-ce que tu connais ce film d\u2019animation qui met en lumi\u00e8re un pigeon de la Seconde Guerre mondiale\u2026<\/strong><br \/>(Il coupe) Qui se nommerait\u2026 Vaillant ? On m\u2019a assez appel\u00e9 \u00ab\u00a0Vaillant le pigeon\u00a0\u00bb dans ma vie pour savoir que Monsieur Vaillant correspond aussi \u00e0 un pigeon de combat, mais malheureusement je n\u2019ai pas vu ce film. Et avant que tu ne le demandes, je n\u2019ai pas non plus vu de documentaire ou lu de BD sur le pilote <strong>Michel<\/strong> <strong>Vaillant<\/strong>. En revanche, je dois pas \u00eatre tr\u00e8s loin d\u2019\u00eatre le troisi\u00e8me Vaillant le plus connu derri\u00e8re ces deux-l\u00e0 !<\/p>\n<p><strong>Les Alpes-Maritimes et le Var, c\u2019est pareil non ?<\/strong><br \/>Non. Pas du tout. Les Alpes-Maritimes sont bien au-dessus. Nous on est capables de skier le matin et, moins d\u2019une heure plus tard, de se baigner dans la M\u00e9diterran\u00e9e sans m\u00eame quitter notre d\u00e9partement. On a un a\u00e9roport qui dessert le monde entier mais malheureusement il est squatt\u00e9 par les Varois et surtout par <strong>Martin<\/strong> <strong>Couvra<\/strong> et <strong>Kh\u00e9lil<\/strong> <strong>Baba-A\u00efssa<\/strong> (kin\u00e9sith\u00e9rapeute de l\u2019\u00e9quipe de France Messieurs). D\u2019ailleurs, vous noterez que Monsieur Martin Couvra s\u2019entra\u00eene d\u00e9sormais dans les Alpes-Maritimes et non plus dans son d\u00e9partement natal.\u00a0<\/p>\n<p><strong>Et les Mar-alpins portent tous la moustache ?<\/strong><br \/>Non mais pour moi, compte tenu de mon manque de taille, c\u2019\u00e9tait une obligation si je ne voulais avoir l\u2019apparence d\u2019un enfant toute ma vie. Et puis en plus j\u2019aime bien <strong>Fran\u00e7ois<\/strong> <strong>Civil<\/strong> donc \u00e7a me donne un peu son style, m\u00eame s\u2019il me manque tout le reste. Mais c\u2019est tout un travail la moustache : il faut qu\u2019elle soit propre, qu\u2019elle ne d\u00e9borde pas sur les l\u00e8vres, on peut lui associer un rappel au menton et assurer une belle tonte pour embellir le tout. Je ne fais pas encore de tuto moustache mais je suis pr\u00eat pour un sponsoring avec Wilkinson.<\/p>\n<p><strong>Il y a une l\u00e9gende qui raconte qu\u2019au jeu de soci\u00e9t\u00e9 Skyjo, il y a une strat\u00e9gie imparable qui est de se concentrer sur les 5\u2026<\/strong><br \/>Tu peux \u00eatre s\u00fbr que les 5 vont tomber. En partant de ce principe, tu gardes un 5 et tu feras une ligne automatiquement. Mais \u00e7a ne fonctionne que si, et seulement si, au moment o\u00f9 tu tombes sur un 5, tu dis \u00e0 haute voix : \u00ab\u00a0les 5, bordel.\u00a0\u00bb C\u2019est obligatoire. Apr\u00e8s il faut \u00eatre un peu malin, il faut \u00e9viter de jouer les cartes au-dessus de 7 voire 8 et normalement, la gagne est assur\u00e9e. Cette histoire est n\u00e9e \u00e0 l\u2019enterrement de vie de gar\u00e7on de S\u00e9bastien Gros et m\u2019a men\u00e9 \u00e0 inscrire la phrase \u00ab\u00a0les 5, bordel\u00a0\u00bb sur mes wedges.<\/p>\n","protected":false},"excerpt":{"rendered":"S\u2019il devait y avoir un m\u00e9rite national de la com\u00e9die fran\u00e7aise, tu mettrais qui dans ton top 3&hellip;\n","protected":false},"author":2,"featured_media":298860,"comment_status":"","ping_status":"","sticky":false,"template":"","format":"standard","meta":{"footnotes":""},"categories":[1418],"tags":[1011,27,1472,60],"class_list":{"0":"post-298859","1":"post","2":"type-post","3":"status-publish","4":"format-standard","5":"has-post-thumbnail","7":"category-golf","8":"tag-fr","9":"tag-france","10":"tag-golf","11":"tag-sports"},"share_on_mastodon":{"url":"https:\/\/pubeurope.com\/@fr\/114978045471520217","error":""},"_links":{"self":[{"href":"https:\/\/www.europesays.com\/fr\/wp-json\/wp\/v2\/posts\/298859","targetHints":{"allow":["GET"]}}],"collection":[{"href":"https:\/\/www.europesays.com\/fr\/wp-json\/wp\/v2\/posts"}],"about":[{"href":"https:\/\/www.europesays.com\/fr\/wp-json\/wp\/v2\/types\/post"}],"author":[{"embeddable":true,"href":"https:\/\/www.europesays.com\/fr\/wp-json\/wp\/v2\/users\/2"}],"replies":[{"embeddable":true,"href":"https:\/\/www.europesays.com\/fr\/wp-json\/wp\/v2\/comments?post=298859"}],"version-history":[{"count":0,"href":"https:\/\/www.europesays.com\/fr\/wp-json\/wp\/v2\/posts\/298859\/revisions"}],"wp:featuredmedia":[{"embeddable":true,"href":"https:\/\/www.europesays.com\/fr\/wp-json\/wp\/v2\/media\/298860"}],"wp:attachment":[{"href":"https:\/\/www.europesays.com\/fr\/wp-json\/wp\/v2\/media?parent=298859"}],"wp:term":[{"taxonomy":"category","embeddable":true,"href":"https:\/\/www.europesays.com\/fr\/wp-json\/wp\/v2\/categories?post=298859"},{"taxonomy":"post_tag","embeddable":true,"href":"https:\/\/www.europesays.com\/fr\/wp-json\/wp\/v2\/tags?post=298859"}],"curies":[{"name":"wp","href":"https:\/\/api.w.org\/{rel}","templated":true}]}}