{"id":298861,"date":"2025-08-05T20:29:12","date_gmt":"2025-08-05T20:29:12","guid":{"rendered":"https:\/\/www.europesays.com\/fr\/298861\/"},"modified":"2025-08-05T20:29:12","modified_gmt":"2025-08-05T20:29:12","slug":"un-joueur-pret-a-renverser-la-hierarchie-arrive","status":"publish","type":"post","link":"https:\/\/www.europesays.com\/fr\/298861\/","title":{"rendered":"Un joueur pr\u00eat \u00e0 renverser la hi\u00e9rarchie arrive"},"content":{"rendered":"<p>Ce joueur, qui \u00e9volue aussi bien au centre qu\u2019\u00e0 l\u2019aile, suscite un vif int\u00e9r\u00eat. Il n&rsquo;est nul autre que Teddy Thomas qui \u00e9voluait jusque-l\u00e0 au Stade Rochelais. Il y a quatre semaines que le Stade Toulousain annon\u00e7ait son arriv\u00e9e. Dans les colonnes du Midi Olympique, un journaliste passionn\u00e9 n\u2019h\u00e9site pas \u00e0 l\u2019annoncer comme \u00ab la recrue de l\u2019ann\u00e9e \u00bb, celle qui pourrait \u00ab mettre tout le monde d\u2019accord \u00bb d\u00e8s les premi\u00e8res journ\u00e9es de championnat.<\/p>\n<p>\u00a0<\/p>\n<p>Une \u00e9preuve de casse-t\u00eate pour Ugo Mola ?<\/p>\n<p>\u00a0<\/p>\n<p>Il \u00e9voque ainsi une possible red\u00e9finition des cartes dans les lignes arri\u00e8res. Le futur \u00e9ventuel choix d\u2019Ugo Mola s\u2019annonce donc \u00e9pineux. Avec Pierre-Louis Barassi, Paul Costes, Juan Cruz Mall\u00eda et Teddy Thomas, le banc toulousain regorge de profils offensifs de haut niveau. Le technicien rouge et noir pourrait devoir choisir entre rotation et r\u00e9volution. \u00ab Mola le voit comme un joueur de compl\u00e9ment\u202f? Moi, je pense qu\u2019il peut tout casser \u00bb, affirme cette m\u00eame voix du Midi.<\/p>\n<p>\u00a0<\/p>\n<p>Avec l\u2019arriv\u00e9e de Teddy Thomas, la campagne 2025-2026 pourrait d\u00e9marrer sur des bases explosives. Encore faut-il que le joueur transforme l\u2019attente en performance durable, lui qui a inscrit 7 essais en 9 titularisations en Top 14 la saison pr\u00e9c\u00e9dente. D\u2019ici l\u00e0, les supporters toulousains peuvent d\u00e9j\u00e0 se prendre \u00e0 esp\u00e9rer qu&rsquo;il soit un renfort capable de changer la donne. La confirmation viendra tr\u00e8s vite sur les pelouses de Top 14.<\/p>\n<p>Partagez cette info avec vos amis et vos proches en cliquant ici<br \/>Pour r\u00e9sumer<\/p>\n<p>Attendu \u00e0 Toulouse, Teddy Thomas intrigue par sa polyvalence et son potentiel disruptif. Sa future int\u00e9gration pose un casse-t\u00eate \u00e0 Ugo Mola. Pressenti comme \u00ab\u00a0recrue de l\u2019ann\u00e9e\u00a0\u00bb, il pourrait bien rebattre les cartes d\u00e8s la saison 2025\u20132026.<\/p>\n<p> <img decoding=\"async\" width=\"76\" height=\"76\" loading=\"lazy\" src=\"https:\/\/www.europesays.com\/fr\/wp-content\/uploads\/2025\/04\/avatar-quinze.png\" alt=\"Voldi Fr\u00e9jus\u00a0Hounvio\"\/><\/p>\n","protected":false},"excerpt":{"rendered":"Ce joueur, qui \u00e9volue aussi bien au centre qu\u2019\u00e0 l\u2019aile, suscite un vif int\u00e9r\u00eat. Il n&rsquo;est nul autre&hellip;\n","protected":false},"author":2,"featured_media":298862,"comment_status":"","ping_status":"","sticky":false,"template":"","format":"standard","meta":{"footnotes":""},"categories":[1416],"tags":[1011,27,479,1468,60],"class_list":{"0":"post-298861","1":"post","2":"type-post","3":"status-publish","4":"format-standard","5":"has-post-thumbnail","7":"category-rugby","8":"tag-fr","9":"tag-france","10":"tag-rugby","11":"tag-rugby-football","12":"tag-sports"},"share_on_mastodon":{"url":"https:\/\/pubeurope.com\/@fr\/114978053418183323","error":""},"_links":{"self":[{"href":"https:\/\/www.europesays.com\/fr\/wp-json\/wp\/v2\/posts\/298861","targetHints":{"allow":["GET"]}}],"collection":[{"href":"https:\/\/www.europesays.com\/fr\/wp-json\/wp\/v2\/posts"}],"about":[{"href":"https:\/\/www.europesays.com\/fr\/wp-json\/wp\/v2\/types\/post"}],"author":[{"embeddable":true,"href":"https:\/\/www.europesays.com\/fr\/wp-json\/wp\/v2\/users\/2"}],"replies":[{"embeddable":true,"href":"https:\/\/www.europesays.com\/fr\/wp-json\/wp\/v2\/comments?post=298861"}],"version-history":[{"count":0,"href":"https:\/\/www.europesays.com\/fr\/wp-json\/wp\/v2\/posts\/298861\/revisions"}],"wp:featuredmedia":[{"embeddable":true,"href":"https:\/\/www.europesays.com\/fr\/wp-json\/wp\/v2\/media\/298862"}],"wp:attachment":[{"href":"https:\/\/www.europesays.com\/fr\/wp-json\/wp\/v2\/media?parent=298861"}],"wp:term":[{"taxonomy":"category","embeddable":true,"href":"https:\/\/www.europesays.com\/fr\/wp-json\/wp\/v2\/categories?post=298861"},{"taxonomy":"post_tag","embeddable":true,"href":"https:\/\/www.europesays.com\/fr\/wp-json\/wp\/v2\/tags?post=298861"}],"curies":[{"name":"wp","href":"https:\/\/api.w.org\/{rel}","templated":true}]}}