{"id":298863,"date":"2025-08-05T20:30:13","date_gmt":"2025-08-05T20:30:13","guid":{"rendered":"https:\/\/www.europesays.com\/fr\/298863\/"},"modified":"2025-08-05T20:30:13","modified_gmt":"2025-08-05T20:30:13","slug":"wta-montreal-atp-toronto-john-isner-sans-pitie-avec-la-tournee-nord-americaine-cest-tellement-mauvais","status":"publish","type":"post","link":"https:\/\/www.europesays.com\/fr\/298863\/","title":{"rendered":"WTA &#8211; Montr\u00e9al, ATP &#8211; Toronto > John Isner sans piti\u00e9 avec la tourn\u00e9e nord-am\u00e9ricaine : \u00ab\u00a0C&rsquo;est tellement mauvais\u00a0\u00bb"},"content":{"rendered":"<p>Alors que le nouveau format des Masters 1000, qui sont pass\u00e9s de huit \u00e0 douze jours pour sept d\u2019entre eux, impacte pour la premi\u00e8re fois le calen\u00addrier de la tourn\u00e9e nord\u2010am\u00e9ricaine (les finales des tour\u00adnois de Toronto et Montr\u00e9al auront lieu ce jeudi 7 ao\u00fbt, le m\u00eame jour que le d\u00e9but de Cincinnati), un jour\u00adna\u00adliste a demand\u00e9 aux fans sur Twitter ce qu\u2019ils pensaient de ce nouveau format.<\/p>\n<p><strong>\u00ab\u202fAlors que nous sommes \u00e0 la fois \u00e0 mi\u2010chemin du Canada (Masters\/WTA 1000 de Toronto\/Montr\u00e9al) et \u00e0 l\u2019aube de Cincinnati, que pensez\u2010vous du nouveau calen\u00addrier estival nord\u2010am\u00e9ricain\u202f?\u202f\u00bb<\/strong><\/p>\n<blockquote class=\"twitter-tweet\">\n<p lang=\"en\" dir=\"ltr\">It\u2019s so bad <a href=\"https:\/\/t.co\/QzgTq4A3to\" data-wpel-link=\"external\" target=\"_blank\" rel=\"nofollow external noopener\">https:\/\/t.co\/QzgTq4A3to<\/a><\/p>\n<p>\u2014 John Isner (@JohnIsner) <a href=\"https:\/\/twitter.com\/JohnIsner\/status\/1952536288973795480?ref_src=twsrc%5Etfw\" data-wpel-link=\"external\" target=\"_blank\" rel=\"nofollow external noopener\">August 5,\u00a02025<\/a><\/p><\/blockquote>\n<p>Et la r\u00e9ponse de John Isner a le m\u00e9rite d\u2019\u00eatre assez claire\u00a0: <strong>\u00ab\u202fC\u2019est telle\u00adment mauvais.\u202f\u00bb\u00a0<\/strong><\/p>\n<p>On ne peut pas vrai\u00adment lui donner tort\u2026<\/p>\n<p class=\"post-published-date\" style=\"color: silver; font-size: 75%; text-align: left;\">Publi\u00e9 le mardi 5 ao\u00fbt 2025 \u00e0 16:16<\/p>\n<p><script async src=\"https:\/\/platform.twitter.com\/widgets.js\" charset=\"utf-8\"><\/script><\/p>\n","protected":false},"excerpt":{"rendered":"Alors que le nouveau format des Masters 1000, qui sont pass\u00e9s de huit \u00e0 douze jours pour sept&hellip;\n","protected":false},"author":2,"featured_media":298864,"comment_status":"","ping_status":"","sticky":false,"template":"","format":"standard","meta":{"footnotes":""},"categories":[1415],"tags":[1011,27,21365,60,1467],"class_list":{"0":"post-298863","1":"post","2":"type-post","3":"status-publish","4":"format-standard","5":"has-post-thumbnail","7":"category-tennis","8":"tag-fr","9":"tag-france","10":"tag-isner","11":"tag-sports","12":"tag-tennis"},"share_on_mastodon":{"url":"https:\/\/pubeurope.com\/@fr\/114978057234268062","error":""},"_links":{"self":[{"href":"https:\/\/www.europesays.com\/fr\/wp-json\/wp\/v2\/posts\/298863","targetHints":{"allow":["GET"]}}],"collection":[{"href":"https:\/\/www.europesays.com\/fr\/wp-json\/wp\/v2\/posts"}],"about":[{"href":"https:\/\/www.europesays.com\/fr\/wp-json\/wp\/v2\/types\/post"}],"author":[{"embeddable":true,"href":"https:\/\/www.europesays.com\/fr\/wp-json\/wp\/v2\/users\/2"}],"replies":[{"embeddable":true,"href":"https:\/\/www.europesays.com\/fr\/wp-json\/wp\/v2\/comments?post=298863"}],"version-history":[{"count":0,"href":"https:\/\/www.europesays.com\/fr\/wp-json\/wp\/v2\/posts\/298863\/revisions"}],"wp:featuredmedia":[{"embeddable":true,"href":"https:\/\/www.europesays.com\/fr\/wp-json\/wp\/v2\/media\/298864"}],"wp:attachment":[{"href":"https:\/\/www.europesays.com\/fr\/wp-json\/wp\/v2\/media?parent=298863"}],"wp:term":[{"taxonomy":"category","embeddable":true,"href":"https:\/\/www.europesays.com\/fr\/wp-json\/wp\/v2\/categories?post=298863"},{"taxonomy":"post_tag","embeddable":true,"href":"https:\/\/www.europesays.com\/fr\/wp-json\/wp\/v2\/tags?post=298863"}],"curies":[{"name":"wp","href":"https:\/\/api.w.org\/{rel}","templated":true}]}}