{"id":298865,"date":"2025-08-05T20:32:12","date_gmt":"2025-08-05T20:32:12","guid":{"rendered":"https:\/\/www.europesays.com\/fr\/298865\/"},"modified":"2025-08-05T20:32:12","modified_gmt":"2025-08-05T20:32:12","slug":"motogp-valentino-rossi-ce-championnat-2015-aurait-pu-etre-lun-des-plus-beaux-mais-il-a-ete-gache","status":"publish","type":"post","link":"https:\/\/www.europesays.com\/fr\/298865\/","title":{"rendered":"MotoGP, Valentino Rossi : \u00ab\u00a0ce championnat 2015 aurait pu \u00eatre l\u2019un des plus beaux. Mais il a \u00e9t\u00e9 g\u00e2ch\u00e9\u00a0\u00bb"},"content":{"rendered":"<p><strong>La saison MotoGP 2015 reste l\u2019une des plus intenses,<br \/>\npol\u00e9miques et dramatiques de l\u2019histoire moderne du championnat \u2014 un<br \/>\nv\u00e9ritable feuilleton en trois actes, o\u00f9 se sont entrecrois\u00e9es<br \/>\nrivalit\u00e9 sportive, trahison per\u00e7ue, d\u00e9clarations explosives et<br \/>\ntensions au plus haut niveau entre Valentino Rossi, Marc Marquez et<br \/>\nJorge Lorenzo.<\/strong><\/p>\n<p>Tout au long de la saison, <strong>Valentino Rossi<\/strong> et<br \/>\n<strong>Jorge Lorenzo<\/strong>, co\u00e9quipiers chez<br \/>\n<strong>Yamaha<\/strong>, se sont livr\u00e9s une bataille \u00e9pique pour le<br \/>\ntitre mondial. <strong>Rossi<\/strong>, en qu\u00eate d\u2019une dixi\u00e8me<br \/>\ncouronne, menait le championnat \u00e0 trois courses de la fin. Mais le<br \/>\nvent a tourn\u00e9 apr\u00e8s Phillip Island.<\/p>\n<p>\u00c0 Valence, derni\u00e8re manche de la saison,<br \/>\n<strong>Lorenzo<\/strong> l\u2019emporte et d\u00e9croche le titre\u2026 avec<br \/>\nseulement 5 points d\u2019avance sur <strong>Rossi<\/strong>. Un \u00e9cart<br \/>\ninfime. Mais ce n\u2019est pas la victoire de <strong>Lorenzo<\/strong><br \/>\nqui a choqu\u00e9 les observateurs : c\u2019est l\u2019attitude de <strong>Marc<br \/>\nMarquez<\/strong>, accus\u00e9 d\u2019avoir \u00ab\u00a0prot\u00e9ger Lorenzo\u00a0\u00bb au<br \/>\nlieu de courir \u00e0 la r\u00e9guli\u00e8re.<\/p>\n<p>Le point de rupture : Phillip Island, o\u00f9 <strong>Rossi<\/strong><br \/>\naccuse Marquez d\u2019avoir frein\u00e9 son rythme volontairement, offrant \u00e0<br \/>\n<strong>Lorenzo<\/strong> un avantage strat\u00e9gique. Puis vient le<br \/>\nfameux <strong>GP de Sepang<\/strong>, o\u00f9 la tension explose :<br \/>\n<strong>Rossi<\/strong> et <strong>Marquez<\/strong> se fr\u00f4lent,<br \/>\n<strong>Rossi<\/strong> \u00e9largit sa trajectoire et envoie<br \/>\n<strong>Marquez<\/strong> au sol dans ce que certains d\u00e9crivent<br \/>\ncomme un \u00ab\u00a0coup de pied\u00a0\u00bb, d\u2019autres comme un<br \/>\n\u00ab\u00a0incident de course tendu\u00a0\u00bb.<\/p>\n<p>R\u00e9sultat : <strong>Rossi<\/strong> est p\u00e9nalis\u00e9, part dernier sur<br \/>\nla grille lors de la finale \u00e0 Valence. Un handicap qui ruine ses<br \/>\nchances.<\/p>\n<p><img loading=\"lazy\" decoding=\"async\" class=\"aligncenter\" src=\"https:\/\/www.europesays.com\/fr\/wp-content\/uploads\/2025\/08\/GettyImages-496249842-1024x684.jpg\" alt=\"Jorge Lorenzo c\u00e9l\u00e8bre son triomphe au titre au GP de Valence 2015.\" width=\"877\" height=\"586\"\/><\/p>\n<p><strong>Neil Hodgson : \u00ab<br \/>\nMarquez a prot\u00e9g\u00e9 Lorenzo contre Valentino Rossi<br \/>\n\u00bb<\/strong><\/p>\n<p>Lors de la finale \u00e0 Valence, <a href=\"https:\/\/www.paddock-gp.com\/motogp-hodgson-jorge-martin-a-toujours-accuse-pecco-bagnaia-de-copier-ses-reglages-mais-marc-marquez-lui-montre-quon-ne-peut-pas-le-copier\/\" rel=\"nofollow noopener\" target=\"_blank\"><br \/>\n<strong>Neil Hodgson<\/strong><\/a>, ex-champion du monde Superbike<br \/>\net commentateur pour BT Sport, est abasourdi : \u00ab le pilote le<br \/>\nplus agressif que j\u2019aie jamais vu est Marc Marquez. Combien de fois<br \/>\na-t-il d\u00e9pass\u00e9 Lorenzo ? Z\u00e9ro. Il pilotait comme un garde du<br \/>\ncorps. \u00bb<\/p>\n<p>\u00ab Il aurait pu tenter quelque chose dans le dernier virage.<br \/>\n<strong>Il ne l\u2019a m\u00eame pas essay\u00e9<\/strong>. C\u2019\u00e9tait comme s\u2019il<br \/>\nd\u00e9fendait Jorge. C\u2019est incroyable. \u00bb<\/p>\n<p>\u00c0 chaud, <strong>Rossi<\/strong> n\u2019a pas m\u00e2ch\u00e9 ses mots : \u00ab<br \/>\nla course de Valence \u00e9tait <strong>embarrassante<\/strong>. Le<br \/>\ndernier tour \u00e9tait <strong>mauvais pour le sport<\/strong>. J\u2019\u00e9tais<br \/>\npr\u00eat \u00e0 perdre face \u00e0 Jorge, <strong>mais pas comme<br \/>\n\u00e7a<\/strong>. \u00bb<\/p>\n<p>Il d\u00e9nonce un \u00ab\u00a0pacte tacite\u00a0\u00bb entre<br \/>\n<strong>Marquez<\/strong> et <strong>Lorenzo<\/strong>, initi\u00e9 selon<br \/>\nlui apr\u00e8s leur clash verbal \u00e0 Phillip Island.<\/p>\n<p>Apr\u00e8s son sacre, <a href=\"https:\/\/www.paddock-gp.com\/motogp-jorge-lorenzo-les-sensibles-comme-moi-et-pecco-bagnaia-ont-besoin-dune-moto-parfaite-pour-briller\/\" rel=\"nofollow noopener\" target=\"_blank\"><br \/>\n<strong>Lorenzo<\/strong><\/a> ass\u00e8ne une pr\u00e9diction acide :<br \/>\n<strong>Rossi<\/strong> ne sera plus jamais champion du monde. Il<br \/>\naura raison : <strong>Rossi<\/strong> prendra sa retraite en 2021,<br \/>\nsans jamais retrouver le sommet.<\/p>\n<p><strong>Lorenzo<\/strong> en profite aussi pour rappeler une<br \/>\nstatistique prestigieuse : il est le seul \u00e0 avoir battu tous les<br \/>\nt\u00e9nors de l\u2019\u00e9poque\u00a0: Rossi, M\u00e1rquez, Stoner, et Pedrosa.<\/p>\n<p><strong>Rossi<\/strong> a souvent affirm\u00e9 que les trois derni\u00e8res<br \/>\ncourses de 2015 restent le plus grand regret de sa carri\u00e8re. Non<br \/>\npas parce qu\u2019il a perdu \u2014 mais \u00e0 cause des circonstances : \u00ab<br \/>\n<strong>ce championnat aurait pu \u00eatre l\u2019un des plus beaux. Mais<br \/>\nil a \u00e9t\u00e9 g\u00e2ch\u00e9<\/strong>. \u00bb<\/p>\n<p>Bilan\u00a0? <strong>Rossi vs Marquez<\/strong> : une amiti\u00e9<br \/>\nbris\u00e9e. <strong>Rossi vs Lorenzo<\/strong> : une cohabitation<br \/>\nglaciale jusqu\u2019en 2016. L\u2019image du <a href=\"https:\/\/www.motogp.com\/en\" rel=\"nofollow noopener\" target=\"_blank\">MotoGP<\/a> ternie aux yeux de certains<br \/>\nfans, mais galvanis\u00e9e par l\u2019intensit\u00e9 dramatique\u2026<\/p>\n<p>Le MotoGP 2015 est un chef-d\u2019\u0153uvre de rivalit\u00e9s, mais aussi une<br \/>\nsaison entach\u00e9e de soup\u00e7ons et de d\u00e9ceptions.<br \/>\n<strong>Rossi<\/strong> ne dig\u00e9rera jamais ce qu\u2019il consid\u00e8re comme<br \/>\nune conspiration silencieuse. <strong>Marquez<\/strong> ne<br \/>\nreconna\u00eetra jamais une faute. <strong>Lorenzo<\/strong>, lui,<br \/>\nrepartira avec un troisi\u00e8me titre en MotoGP \u2014 mais dans la<br \/>\ncontroverse \u00e9ternelle.<\/p>\n<p>Une saison qui divise encore les fans 10 ans plus tard. Et qui,<br \/>\npeut-\u00eatre, a chang\u00e9 \u00e0 jamais l\u2019histoire du MotoGP.<\/p>\n<p><img loading=\"lazy\" decoding=\"async\" class=\"aligncenter\" src=\"https:\/\/www.europesays.com\/fr\/wp-content\/uploads\/2025\/08\/generated-image-1-1140x641.jpg\" alt=\"Le pilote Honda Marc Marquez c\u00e9l\u00e8bre sa victoire au Grand Prix d'Aragon 2016 avec Jorge Lorenzo et Valentino Rossi de Yamaha\" width=\"863\" height=\"485\"\/><\/p>\n","protected":false},"excerpt":{"rendered":"La saison MotoGP 2015 reste l\u2019une des plus intenses, pol\u00e9miques et dramatiques de l\u2019histoire moderne du championnat \u2014&hellip;\n","protected":false},"author":2,"featured_media":37960,"comment_status":"","ping_status":"","sticky":false,"template":"","format":"standard","meta":{"footnotes":""},"categories":[1413],"tags":[1011,27,1457,1456,60],"class_list":{"0":"post-298865","1":"post","2":"type-post","3":"status-publish","4":"format-standard","5":"has-post-thumbnail","7":"category-moto","8":"tag-fr","9":"tag-france","10":"tag-moto","11":"tag-motocycle","12":"tag-sports"},"share_on_mastodon":{"url":"https:\/\/pubeurope.com\/@fr\/114978065176485203","error":""},"_links":{"self":[{"href":"https:\/\/www.europesays.com\/fr\/wp-json\/wp\/v2\/posts\/298865","targetHints":{"allow":["GET"]}}],"collection":[{"href":"https:\/\/www.europesays.com\/fr\/wp-json\/wp\/v2\/posts"}],"about":[{"href":"https:\/\/www.europesays.com\/fr\/wp-json\/wp\/v2\/types\/post"}],"author":[{"embeddable":true,"href":"https:\/\/www.europesays.com\/fr\/wp-json\/wp\/v2\/users\/2"}],"replies":[{"embeddable":true,"href":"https:\/\/www.europesays.com\/fr\/wp-json\/wp\/v2\/comments?post=298865"}],"version-history":[{"count":0,"href":"https:\/\/www.europesays.com\/fr\/wp-json\/wp\/v2\/posts\/298865\/revisions"}],"wp:featuredmedia":[{"embeddable":true,"href":"https:\/\/www.europesays.com\/fr\/wp-json\/wp\/v2\/media\/37960"}],"wp:attachment":[{"href":"https:\/\/www.europesays.com\/fr\/wp-json\/wp\/v2\/media?parent=298865"}],"wp:term":[{"taxonomy":"category","embeddable":true,"href":"https:\/\/www.europesays.com\/fr\/wp-json\/wp\/v2\/categories?post=298865"},{"taxonomy":"post_tag","embeddable":true,"href":"https:\/\/www.europesays.com\/fr\/wp-json\/wp\/v2\/tags?post=298865"}],"curies":[{"name":"wp","href":"https:\/\/api.w.org\/{rel}","templated":true}]}}