{"id":298868,"date":"2025-08-05T20:34:14","date_gmt":"2025-08-05T20:34:14","guid":{"rendered":"https:\/\/www.europesays.com\/fr\/298868\/"},"modified":"2025-08-05T20:34:14","modified_gmt":"2025-08-05T20:34:14","slug":"cyclisme-transfert-patrick-lefevere-evenepoel-ne-mappelez-pas-sil-vous-plait","status":"publish","type":"post","link":"https:\/\/www.europesays.com\/fr\/298868\/","title":{"rendered":"Cyclisme. Transfert &#8211; Patrick Lefevere : \u00abEvenepoel ? Ne m&rsquo;appelez pas s&rsquo;il vous plait&#8230;\u00bb"},"content":{"rendered":"<p>Des rumeurs l&rsquo;annon\u00e7aient d\u00e9j\u00e0 depuis quelques semaines et c&rsquo;est d\u00e9sormais officiel&#8230; <strong><a href=\"https:\/\/www.cyclismactu.net\/..\/news-cyclisme-route-transfert-officiel-remco-evenepoel-rejoint-red-bull-bora-hansgrohe-des-2026-89465.html\" target=\"_blank\" rel=\"nofollow noopener\">Remco Evenepoel<\/a> <\/strong>courra chez <strong>Red Bull-BORA-hansgrohe<\/strong> d\u00e8s la saison 2026 ! Apr\u00e8s 7 ann\u00e9es au sein du Wolfpack, le Belge va donc se tourner vers un nouveau d\u00e9fi. D\u00e9sormais \u00ab\u00a0simple conseiller\u00a0\u00bb, <strong>Patrick Lefevere <\/strong>est celui qui dirigeait l&rsquo;\u00e9quipe au moment de la venue d&rsquo;<strong>Evenepoel<\/strong>. Grande gueule et sans filtre, il\u00a0n&rsquo;a cette fois-ci pas souhait\u00e9 s&rsquo;exprimer sur le d\u00e9part de son poulain.<\/p>\n<p>Vid\u00e9o &#8211; Patrick Lefevere a quitt\u00e9 la Soudal Quick-Step, donc&#8230;  Lire la suite de l&rsquo;article&#13;<\/p>\n<p>\u00a0<\/p>\n<p>&#13;<br \/>\n\u00ab\u00a0Je ne suis plus impliqu\u00e9 dans les transferts\u00a0\u00bb&#13;<\/p>\n<p>Face \u00e0 la pression m\u00e9diatique, <strong>Patrick Lefevere<\/strong> a pris la parole sur X (anciennement Twitter), dans un message laconique.\u00a0\u00ab\u00a0Depuis que j\u2019ai quitt\u00e9 mon poste de CEO de Soudal Quick-Step, je ne suis plus impliqu\u00e9 dans les transferts ni dans les affaires de l\u2019\u00e9quipe. Contractuellement, je ne suis pas autoris\u00e9 \u00e0 m\u2019exprimer sur les transferts \u2013 m\u00eame pas sur celui de Remco. Merci de ne pas m\u2019appeler. Ceci est ma seule communication \u00e0 ce sujet.\u00a0\u00bb<\/p>\n<p>&#13;<br \/>\n&#13;<\/p>\n<blockquote class=\"twitter-tweet\" style=\"width:100%!important;max-width:550px!important;min-width:250px;height:500px;\"><p>&#13;<\/p>\n<p dir=\"ltr\" lang=\"en\">Since I stepped down as CEO of Soudal Quick-Step, I\u2019m no longer involved in transfers or any team matters. Agreement-wise, I\u2019m also not allowed to communicate about transfers \u2014 not even about Remco.<\/p>\n<p>Please don\u2019t call me. This is the only communication I will make.<\/p>\n<p>&#13;<br \/>\n\u2014 Patrick Lefevere (@PatLefevere) <a href=\"https:\/\/twitter.com\/PatLefevere\/status\/1952755794228711649?ref_src=twsrc%5Etfw\" rel=\"nofollow noopener\" target=\"_blank\">August 5, 2025<\/a><\/p><\/blockquote>\n<p>&#13;<br \/>\n&#13;<\/p>\n<p>\u00a0<\/p>\n<p>&#13;<\/p>\n<p>Alors qu&rsquo;un contrat liait <strong>Evenepoel <\/strong>\u00e0 la<strong> Soudal Quick-Step<\/strong> jusqu&rsquo;\u00e0 la fin de la saison prochaine, les trois parties ont trouv\u00e9 un  accord, permettant au double champion olympique de rejoindre l&rsquo;\u00e9quipe  allemande durant cette inter-saison !\u00a0Ce qui permet \u00e0 la\u00a0<strong>Red Bull-BORA-hansgrohe<\/strong> de s&rsquo;assurer les services d&rsquo;<strong>Evenepoel <\/strong>un an plus t\u00f4t, mais aussi \u00e0 la <strong>Soudal Quick-Step<\/strong> d&#8217;empocher un petit pactole.<\/p>\n<p><script async src=\"https:\/\/platform.twitter.com\/widgets.js\" charset=\"utf-8\"><\/script><\/p>\n","protected":false},"excerpt":{"rendered":"Des rumeurs l&rsquo;annon\u00e7aient d\u00e9j\u00e0 depuis quelques semaines et c&rsquo;est d\u00e9sormais officiel&#8230; Remco Evenepoel courra chez Red Bull-BORA-hansgrohe d\u00e8s&hellip;\n","protected":false},"author":2,"featured_media":298869,"comment_status":"","ping_status":"","sticky":false,"template":"","format":"standard","meta":{"footnotes":""},"categories":[1411],"tags":[1154,207,211,1011,27,209,60,210,969,212,208,213],"class_list":{"0":"post-298868","1":"post","2":"type-post","3":"status-publish","4":"format-standard","5":"has-post-thumbnail","7":"category-cyclisme","8":"tag-cycling","9":"tag-cyclisme","10":"tag-ffc","11":"tag-fr","12":"tag-france","13":"tag-route","14":"tag-sports","15":"tag-tour-de-france","16":"tag-transfert","17":"tag-uci","18":"tag-velo","19":"tag-world-tour"},"share_on_mastodon":{"url":"https:\/\/pubeurope.com\/@fr\/114978073164811007","error":""},"_links":{"self":[{"href":"https:\/\/www.europesays.com\/fr\/wp-json\/wp\/v2\/posts\/298868","targetHints":{"allow":["GET"]}}],"collection":[{"href":"https:\/\/www.europesays.com\/fr\/wp-json\/wp\/v2\/posts"}],"about":[{"href":"https:\/\/www.europesays.com\/fr\/wp-json\/wp\/v2\/types\/post"}],"author":[{"embeddable":true,"href":"https:\/\/www.europesays.com\/fr\/wp-json\/wp\/v2\/users\/2"}],"replies":[{"embeddable":true,"href":"https:\/\/www.europesays.com\/fr\/wp-json\/wp\/v2\/comments?post=298868"}],"version-history":[{"count":0,"href":"https:\/\/www.europesays.com\/fr\/wp-json\/wp\/v2\/posts\/298868\/revisions"}],"wp:featuredmedia":[{"embeddable":true,"href":"https:\/\/www.europesays.com\/fr\/wp-json\/wp\/v2\/media\/298869"}],"wp:attachment":[{"href":"https:\/\/www.europesays.com\/fr\/wp-json\/wp\/v2\/media?parent=298868"}],"wp:term":[{"taxonomy":"category","embeddable":true,"href":"https:\/\/www.europesays.com\/fr\/wp-json\/wp\/v2\/categories?post=298868"},{"taxonomy":"post_tag","embeddable":true,"href":"https:\/\/www.europesays.com\/fr\/wp-json\/wp\/v2\/tags?post=298868"}],"curies":[{"name":"wp","href":"https:\/\/api.w.org\/{rel}","templated":true}]}}