{"id":29887,"date":"2025-04-16T20:09:09","date_gmt":"2025-04-16T20:09:09","guid":{"rendered":"https:\/\/www.europesays.com\/fr\/29887\/"},"modified":"2025-04-16T20:09:09","modified_gmt":"2025-04-16T20:09:09","slug":"a-rennes-de-faux-policiers-viennent-interpeller-de-faux-agents-chez-une-dame-agee-pour-lui-voler-tous-ses-bijoux","status":"publish","type":"post","link":"https:\/\/www.europesays.com\/fr\/29887\/","title":{"rendered":"\u00c0 Rennes, de faux policiers viennent interpeller de faux agents chez une dame \u00e2g\u00e9e pour lui voler tous ses bijoux"},"content":{"rendered":"<p>Mardi 15 avril 2025, vers 15 h, deux hommes ont sonn\u00e9 \u00e0 la porte d\u2019une femme \u00e2g\u00e9e de 88 ans, rue des Ormeaux, dans le quartier sud gare, \u00e0 Rennes. Ils ont pr\u00e9tendu \u00eatre des techniciens, envoy\u00e9s pour v\u00e9rifier que le compteur d\u2019eau de son domicile n\u2019avait pas \u00e9t\u00e9 affect\u00e9 par des travaux en cours dans la rue. La dame, en fauteuil roulant, a laiss\u00e9 les individus rentrer, tandis que deux nouveaux individus se pr\u00e9sentaient aussit\u00f4t \u00e0 sa porte.<\/p>\n<p>Ces derniers ont pr\u00e9tendu \u00eatre des policiers, \u00ab \u00e0 la recherche d\u2019escrocs se faisant passer pour\u2026 des techniciens \u00bb, indique le commissariat de Rennes. Ces faux policiers ont m\u00eame pouss\u00e9 la mise en sc\u00e8ne jusqu\u2019\u00e0 interpeller lesdits techniciens. \u00ab Pendant qu\u2019ils inspectaient le domicile, en pr\u00e9tendant v\u00e9rifier que rien n\u2019avait \u00e9t\u00e9 vol\u00e9, ils ont en fait d\u00e9rob\u00e9 tous ses bijoux, et ses moyens de paiement \u00bb.<\/p>\n<p>Une enqu\u00eate a \u00e9t\u00e9 ouverte pour tenter de retrouver les quatre suspects. Le commissariat de Rennes invite \u00e0 la prudence en cas de sollicitation similaire et de d\u00e9marchage en g\u00e9n\u00e9ral.<\/p>\n","protected":false},"excerpt":{"rendered":"Mardi 15 avril 2025, vers 15 h, deux hommes ont sonn\u00e9 \u00e0 la porte d\u2019une femme \u00e2g\u00e9e de&hellip;\n","protected":false},"author":2,"featured_media":29888,"comment_status":"","ping_status":"","sticky":false,"template":"","format":"standard","meta":{"footnotes":""},"categories":[2821],"tags":[1111,11,829,1777,674,3383,1011,27,12,584,25],"class_list":{"0":"post-29887","1":"post","2":"type-post","3":"status-publish","4":"format-standard","5":"has-post-thumbnail","7":"category-rennes","8":"tag-actu","9":"tag-actualites","10":"tag-bretagne","11":"tag-eu","12":"tag-europe","13":"tag-faits-divers-a-rennes","14":"tag-fr","15":"tag-france","16":"tag-news","17":"tag-rennes","18":"tag-republique-francaise"},"share_on_mastodon":{"url":"https:\/\/pubeurope.com\/@fr\/114349458333917333","error":""},"_links":{"self":[{"href":"https:\/\/www.europesays.com\/fr\/wp-json\/wp\/v2\/posts\/29887","targetHints":{"allow":["GET"]}}],"collection":[{"href":"https:\/\/www.europesays.com\/fr\/wp-json\/wp\/v2\/posts"}],"about":[{"href":"https:\/\/www.europesays.com\/fr\/wp-json\/wp\/v2\/types\/post"}],"author":[{"embeddable":true,"href":"https:\/\/www.europesays.com\/fr\/wp-json\/wp\/v2\/users\/2"}],"replies":[{"embeddable":true,"href":"https:\/\/www.europesays.com\/fr\/wp-json\/wp\/v2\/comments?post=29887"}],"version-history":[{"count":0,"href":"https:\/\/www.europesays.com\/fr\/wp-json\/wp\/v2\/posts\/29887\/revisions"}],"wp:featuredmedia":[{"embeddable":true,"href":"https:\/\/www.europesays.com\/fr\/wp-json\/wp\/v2\/media\/29888"}],"wp:attachment":[{"href":"https:\/\/www.europesays.com\/fr\/wp-json\/wp\/v2\/media?parent=29887"}],"wp:term":[{"taxonomy":"category","embeddable":true,"href":"https:\/\/www.europesays.com\/fr\/wp-json\/wp\/v2\/categories?post=29887"},{"taxonomy":"post_tag","embeddable":true,"href":"https:\/\/www.europesays.com\/fr\/wp-json\/wp\/v2\/tags?post=29887"}],"curies":[{"name":"wp","href":"https:\/\/api.w.org\/{rel}","templated":true}]}}