{"id":298872,"date":"2025-08-05T20:36:11","date_gmt":"2025-08-05T20:36:11","guid":{"rendered":"https:\/\/www.europesays.com\/fr\/298872\/"},"modified":"2025-08-05T20:36:11","modified_gmt":"2025-08-05T20:36:11","slug":"leur-divorce-vire-au-reglement-de-comptes-cest-aller-beaucoup-trop-loin","status":"publish","type":"post","link":"https:\/\/www.europesays.com\/fr\/298872\/","title":{"rendered":"leur divorce vire au r\u00e8glement de comptes, \u00ab\u00a0c&rsquo;est aller beaucoup trop loin\u00a0\u00bb"},"content":{"rendered":"<p>Ils formaient l\u2019un des couples les plus embl\u00e9matiques d\u2019Hollywood. Pr\u00e8s de vingt ans apr\u00e8s leur premi\u00e8re histoire d\u2019amour, Jennifer Lopez et Ben Affleck se sont retrouv\u00e9s et se sont dit \u00ab\u00a0oui\u00a0\u00bb en 2022. Mais apr\u00e8s deux ans de mariage, le conte de f\u00e9es semble avoir pris fin. \u00c0 la fin de l&rsquo;ann\u00e9e, les rumeurs de s\u00e9paration s\u2019intensifiaient, aliment\u00e9es par des apparitions publiques de plus en plus rares. Mais depuis janvier, c&rsquo;est officiel : le couple aurait d\u00e9cid\u00e9 de<strong> mettre un terme \u00e0 leur relation<\/strong>. Une nouvelle qui attriste les fans du monde entier.<\/p>\n<p>Un divorce douloureux<\/p>\n<p>Et les deux stars n&rsquo;ont pas r\u00e9ussi \u00e0 rester en bons termes. Dans ses six nouveaux titres, qu&rsquo;elle a pr\u00e9sent\u00e9s lors d&rsquo;une soir\u00e9e d&rsquo;\u00e9coute exclusive \u00e0 Los Angeles, la chanteuse de 56 ans n&rsquo;a pas h\u00e9sit\u00e9 \u00e0 \u00e9crire sur son ex. Avec ranc\u0153ur. Une petite vengeance personnelle par la musique. \u00ab\u00a0J.Lo est heureuse de chanter sa v\u00e9rit\u00e9.<strong> Elle ne s\u2019excuse absolument pas<\/strong> et est convaincue que ce sera le point de d\u00e9part d\u2019un tout nouveau chapitre musical\u00a0\u00bb, a expliqu\u00e9 une source dans les colonnes du magazine RadarOnline.com.<\/p>\n<p>Avant d&rsquo;ajouter : \u00ab\u00a0Si Ben est boulevers\u00e9, tant mieux, apr\u00e8s <strong>l\u2019enfer qu\u2019il lui a fait vivre.<\/strong> Elle n\u2019a pas oubli\u00e9 sa douleur, et \u00e9crire sur cette exp\u00e9rience et la mettre en musique l\u2019aide. (&#8230;)<a href=\"https:\/\/www.grazia.fr\/people\/jennifer-lopez-et-ben-affleck-leur-divorce-vire-au-reglement-de-comptes-cest-aller-beaucoup-trop-loin-1177652.html?utm_campaign=partenariat&amp;utm_source=yahoo-articles&amp;utm_medium=flux\" rel=\"nofollow noopener\" target=\"_blank\" data-ylk=\"slk:Lire la suite sur Grazia;elm:context_link;itc:0;sec:content-canvas\" class=\"link \">Lire la suite sur Grazia<\/a><a href=\"https:\/\/www.grazia.fr\/beaute\/forme-minceur\/voici-legumes-experts-classent-parmi-plus-sains-monde-croyez-1177409.html?utm_campaign=partenariat&amp;utm_source=yahoo-articles&amp;utm_medium=flux\" rel=\"nofollow noopener\" target=\"_blank\" data-ylk=\"slk:Voici les l\u00e9gumes que les experts classent parmi les plus sains au monde (et ce n\u2019est pas ceux que vous croyez);elm:context_link;itc:0;sec:content-canvas\" class=\"link \">Voici les l\u00e9gumes que les experts classent parmi les plus sains au monde (et ce n\u2019est pas ceux que vous croyez)<\/a><br \/><a href=\"https:\/\/www.grazia.fr\/mode\/tendances-mode\/adieu-la-botte-fourreau-voici-la-paire-boheme-chicissime-qui-sera-a-tous-les-pieds-a-la-rentree-1177323.html?utm_campaign=partenariat&amp;utm_source=yahoo-articles&amp;utm_medium=flux\" rel=\"nofollow noopener\" target=\"_blank\" data-ylk=\"slk:Adieu la botte fourreau : voici la paire boh\u00e8me chicissime qui sera \u00e0 tous les pieds \u00e0 la rentr\u00e9e;elm:context_link;itc:0;sec:content-canvas\" class=\"link \">Adieu la botte fourreau : voici la paire boh\u00e8me chicissime qui sera \u00e0 tous les pieds \u00e0 la rentr\u00e9e<\/a><br \/><a href=\"https:\/\/www.grazia.fr\/mode\/tendances-mode\/serre-tete-royal-chic-kate-middleton-devenu-obsession-mode-tout-monde-sarrache-1177399.html?utm_campaign=partenariat&amp;utm_source=yahoo-articles&amp;utm_medium=flux\" rel=\"nofollow noopener\" target=\"_blank\" data-ylk=\"slk:Ce serre\u2011t\u00eate &quot;royal chic&quot; vu sur Kate Middleton est devenu une obsession mode que tout le monde s&#039;arrache;elm:context_link;itc:0;sec:content-canvas\" class=\"link \">Ce serre\u2011t\u00eate \u00ab\u00a0royal chic\u00a0\u00bb vu sur Kate Middleton est devenu une obsession mode que tout le monde s&rsquo;arrache<\/a><br \/><a href=\"https:\/\/www.grazia.fr\/lifestyle\/psycho-sexo\/selon-etude-sueur-masculine-aurait-effet-insoupconne-femmes-1177282.html?utm_campaign=partenariat&amp;utm_source=yahoo-articles&amp;utm_medium=flux\" rel=\"nofollow noopener\" target=\"_blank\" data-ylk=\"slk:Selon une \u00e9tude, la sueur masculine aurait un effet insoup\u00e7onn\u00e9 sur les femmes;elm:context_link;itc:0;sec:content-canvas\" class=\"link \">Selon une \u00e9tude, la sueur masculine aurait un effet insoup\u00e7onn\u00e9 sur les femmes<\/a><br \/><a href=\"https:\/\/www.grazia.fr\/lifestyle\/psycho-sexo\/selon-harvard-simple-geste-matinal-pourrait-vraiment-freiner-effets-deprime-1177401.html?utm_campaign=partenariat&amp;utm_source=yahoo-articles&amp;utm_medium=flux\" rel=\"nofollow noopener\" target=\"_blank\" data-ylk=\"slk:Selon Harvard, ce simple geste matinal pourrait vraiment freiner les effets de la d\u00e9prime;elm:context_link;itc:0;sec:content-canvas\" class=\"link \">Selon Harvard, ce simple geste matinal pourrait vraiment freiner les effets de la d\u00e9prime<\/a><\/p>\n","protected":false},"excerpt":{"rendered":"Ils formaient l\u2019un des couples les plus embl\u00e9matiques d\u2019Hollywood. Pr\u00e8s de vingt ans apr\u00e8s leur premi\u00e8re histoire d\u2019amour,&hellip;\n","protected":false},"author":2,"featured_media":298873,"comment_status":"","ping_status":"","sticky":false,"template":"","format":"standard","meta":{"footnotes":""},"categories":[1359],"tags":[19333,58,59,1011,27,3931,973],"class_list":{"0":"post-298872","1":"post","2":"type-post","3":"status-publish","4":"format-standard","5":"has-post-thumbnail","7":"category-people","8":"tag-ben-affleck","9":"tag-divertissement","10":"tag-entertainment","11":"tag-fr","12":"tag-france","13":"tag-jennifer-lopez","14":"tag-people"},"share_on_mastodon":{"url":"https:\/\/pubeurope.com\/@fr\/114978080869614130","error":""},"_links":{"self":[{"href":"https:\/\/www.europesays.com\/fr\/wp-json\/wp\/v2\/posts\/298872","targetHints":{"allow":["GET"]}}],"collection":[{"href":"https:\/\/www.europesays.com\/fr\/wp-json\/wp\/v2\/posts"}],"about":[{"href":"https:\/\/www.europesays.com\/fr\/wp-json\/wp\/v2\/types\/post"}],"author":[{"embeddable":true,"href":"https:\/\/www.europesays.com\/fr\/wp-json\/wp\/v2\/users\/2"}],"replies":[{"embeddable":true,"href":"https:\/\/www.europesays.com\/fr\/wp-json\/wp\/v2\/comments?post=298872"}],"version-history":[{"count":0,"href":"https:\/\/www.europesays.com\/fr\/wp-json\/wp\/v2\/posts\/298872\/revisions"}],"wp:featuredmedia":[{"embeddable":true,"href":"https:\/\/www.europesays.com\/fr\/wp-json\/wp\/v2\/media\/298873"}],"wp:attachment":[{"href":"https:\/\/www.europesays.com\/fr\/wp-json\/wp\/v2\/media?parent=298872"}],"wp:term":[{"taxonomy":"category","embeddable":true,"href":"https:\/\/www.europesays.com\/fr\/wp-json\/wp\/v2\/categories?post=298872"},{"taxonomy":"post_tag","embeddable":true,"href":"https:\/\/www.europesays.com\/fr\/wp-json\/wp\/v2\/tags?post=298872"}],"curies":[{"name":"wp","href":"https:\/\/api.w.org\/{rel}","templated":true}]}}