{"id":298876,"date":"2025-08-05T20:38:34","date_gmt":"2025-08-05T20:38:34","guid":{"rendered":"https:\/\/www.europesays.com\/fr\/298876\/"},"modified":"2025-08-05T20:38:34","modified_gmt":"2025-08-05T20:38:34","slug":"levolution-des-societes-et-de-la-parentalite-au-coeur-dun-ouvrage-dantoinette-rychner","status":"publish","type":"post","link":"https:\/\/www.europesays.com\/fr\/298876\/","title":{"rendered":"L\u2019\u00e9volution des soci\u00e9t\u00e9s et de la parentalit\u00e9 au c\u0153ur d\u2019un ouvrage d\u2019Antoinette Rychner"},"content":{"rendered":"<p id=\"isPasted\">\u00ab\u00a0Lors de rencontres organis\u00e9es avec le public apr\u00e8s la parution de mon roman Apr\u00e8s le monde, qui \u00e9voquait un effondrement global, quelqu\u2019un m\u2019a demand\u00e9 ce que je pourrais bien \u00e9crire apr\u00e8s cela. La question \u00e9tait tr\u00e8s pertinente. En effet, imaginer un avenir quand on a d\u00e9crit un horizon o\u00f9 les conditions d\u2019existence sur Terre sont compromises semblait presque impossible\u00a0\u00bb, raconte Antoinette Rychner.<\/p>\n<p>C\u2019est alors qu\u2019un ami lui recommande la lecture d\u2019un ouvrage qui sera pour elle \u00ab\u00a0un v\u00e9ritable choc politique\u00a0\u00bb: Au commencement \u00e9tait\u2026 Une nouvelle histoire de l\u2019humanit\u00e9, co\u00e9crit par l\u2019anthropologue am\u00e9ricain David Graeber et l\u2019arch\u00e9ologue britannique David Wengrow.<\/p>\n<p><strong style=\"box-sizing: border-box; font-weight: 700; color: rgb(65, 65, 65); font-family: sans-serif; font-size: 14px; font-style: normal; font-variant-ligatures: normal; font-variant-caps: normal; letter-spacing: normal; orphans: 2; text-align: left; text-indent: 0px; text-transform: none; widows: 2; word-spacing: 0px; -webkit-text-stroke-width: 0px; white-space: normal; background-color: rgb(255, 255, 255); text-decoration-thickness: initial; text-decoration-style: initial; text-decoration-color: initial;\" id=\"isPasted\">Bousculer les id\u00e9es re\u00e7ues<\/strong><\/p>\n<p>\u00ab\u00a0Dans cet essai, ils bousculent les id\u00e9es re\u00e7ues sur l\u2019\u00e9volution des soci\u00e9t\u00e9s humaines, souvent d\u00e9crites comme \u00e9voluant par stades de d\u00e9veloppement d\u00e9termin\u00e9s par leurs technologies et modes d\u2019organisation. On imagine g\u00e9n\u00e9ralement que l\u2019humanit\u00e9 est pass\u00e9e du statut de chasseurs-cueilleurs \u00e0 celui d\u2019agriculteurs, puis aux soci\u00e9t\u00e9s urbaines industrialis\u00e9es. Or ce n\u2019est pas toujours vrai. Certaines soci\u00e9t\u00e9s ont connu l\u2019agriculture, mais y ont sciemment renonc\u00e9.\u00a0\u00bb<\/p>\n<p>Tout redevient alors possible: \u00ab\u00a0J\u2019ai compris que nous avons la capacit\u00e9 de choisir entre diverses options, et que nous ne sommes pas condamn\u00e9s \u00e0 suivre un chemin d\u2019\u00e9volution trac\u00e9 \u00e0 l\u2019avance. Nous pouvons examiner consciemment ce qui s\u2019offre \u00e0 nous, d\u00e9cider de ce qui est souhaitable ou non. M\u00eame la notion de progr\u00e8s m\u00e9rite d\u2019\u00eatre questionn\u00e9e.\u00a0\u00bb<\/p>\n<p><strong>Un texte aux accents f\u00e9ministes<\/strong><\/p>\n<p>Ainsi na\u00eet Ma for\u00eat, apr\u00e8s des mois de recherches. L\u2019histoire se d\u00e9roule \u00e0 une \u00e9poque ind\u00e9termin\u00e9e, qui pourrait aussi bien \u00eatre la pr\u00e9histoire qu\u2019un futur post-apocalyptique. Deux communaut\u00e9s de chasseurs-cueilleurs y entretiennent des liens de travail, mais aussi de procr\u00e9ation crois\u00e9e. Une organisation ancestrale que certains vont remettre en cause.<\/p>\n<p>L\u2019occasion aussi de r\u00e9fl\u00e9chir \u00e0 l\u2019organisation sociale autour de la procr\u00e9ation et au partage de l\u2019investissement parental, un th\u00e8me qui traverse l\u2019ensemble de l\u2019\u0153uvre d\u2019Antoinette Rychner.<\/p>\n","protected":false},"excerpt":{"rendered":"\u00ab\u00a0Lors de rencontres organis\u00e9es avec le public apr\u00e8s la parution de mon roman Apr\u00e8s le monde, qui \u00e9voquait&hellip;\n","protected":false},"author":2,"featured_media":298877,"comment_status":"","ping_status":"","sticky":false,"template":"","format":"standard","meta":{"footnotes":""},"categories":[1357],"tags":[1379,58,59,1011,27,1380],"class_list":{"0":"post-298876","1":"post","2":"type-post","3":"status-publish","4":"format-standard","5":"has-post-thumbnail","7":"category-livres","8":"tag-books","9":"tag-divertissement","10":"tag-entertainment","11":"tag-fr","12":"tag-france","13":"tag-livres"},"share_on_mastodon":{"url":"https:\/\/pubeurope.com\/@fr\/114978088843953706","error":""},"_links":{"self":[{"href":"https:\/\/www.europesays.com\/fr\/wp-json\/wp\/v2\/posts\/298876","targetHints":{"allow":["GET"]}}],"collection":[{"href":"https:\/\/www.europesays.com\/fr\/wp-json\/wp\/v2\/posts"}],"about":[{"href":"https:\/\/www.europesays.com\/fr\/wp-json\/wp\/v2\/types\/post"}],"author":[{"embeddable":true,"href":"https:\/\/www.europesays.com\/fr\/wp-json\/wp\/v2\/users\/2"}],"replies":[{"embeddable":true,"href":"https:\/\/www.europesays.com\/fr\/wp-json\/wp\/v2\/comments?post=298876"}],"version-history":[{"count":0,"href":"https:\/\/www.europesays.com\/fr\/wp-json\/wp\/v2\/posts\/298876\/revisions"}],"wp:featuredmedia":[{"embeddable":true,"href":"https:\/\/www.europesays.com\/fr\/wp-json\/wp\/v2\/media\/298877"}],"wp:attachment":[{"href":"https:\/\/www.europesays.com\/fr\/wp-json\/wp\/v2\/media?parent=298876"}],"wp:term":[{"taxonomy":"category","embeddable":true,"href":"https:\/\/www.europesays.com\/fr\/wp-json\/wp\/v2\/categories?post=298876"},{"taxonomy":"post_tag","embeddable":true,"href":"https:\/\/www.europesays.com\/fr\/wp-json\/wp\/v2\/tags?post=298876"}],"curies":[{"name":"wp","href":"https:\/\/api.w.org\/{rel}","templated":true}]}}