{"id":298880,"date":"2025-08-05T20:40:13","date_gmt":"2025-08-05T20:40:13","guid":{"rendered":"https:\/\/www.europesays.com\/fr\/298880\/"},"modified":"2025-08-05T20:40:13","modified_gmt":"2025-08-05T20:40:13","slug":"pourquoi-les-sunlights-des-tropiques-le-tube-de-gilbert-montagne-a-bien-failli-ne-jamais-exister","status":"publish","type":"post","link":"https:\/\/www.europesays.com\/fr\/298880\/","title":{"rendered":"pourquoi \u00ab\u00a0Les Sunlights des tropiques\u00a0\u00bb, le tube de Gilbert Montagn\u00e9, a bien failli ne jamais exister"},"content":{"rendered":"<p>            lire plus tard<\/p>\n<p id=\"dialog__title\" class=\"dialog__title\">Pour sauvegarder cet article, connectez-vous ou cr\u00e9ez un compte franceinfo<\/p>\n<p class=\"dialog__description\">Sans paiement. Sans abonnement.<\/p>\n<p>        Fermer la fen\u00eatre d\u2019activation des notifications France Info<\/p>\n<p>            cr\u00e9er votre compte<\/p>\n<p>            se connecter<\/p>\n<p>        Fermer la fen\u00eatre de pr\u00e9sentation<\/p>\n<p>    Publi\u00e9 le 05\/08\/2025 17:31<\/p>\n<p>      Mis \u00e0 jour le 05\/08\/2025 17:31<\/p>\n<p>        Temps de lecture : 3min &#8211; vid\u00e9o : 3min<\/p>\n<p>    <img decoding=\"async\" class=\"francetv-player-wrapper__image\" alt=\"Chanson fran\u00e7aise : pourquoi &quot;Les Sunlights des tropiques&quot;, le tube de Gilbert Montagn\u00e9, a bien failli ne jamais exister\"  width=\"432\" height=\"243\" src=\"https:\/\/www.europesays.com\/fr\/wp-content\/uploads\/2025\/08\/montagne-chanson-13h-6892238338981256072787.jpg\" fetchpriority=\"high\"\/><\/p>\n<p>              Chanson fran\u00e7aise : pourquoi \u00ab\u00a0Les Sunlights des tropiques\u00a0\u00bb, le tube de Gilbert Montagn\u00e9, a bien failli ne jamais exister<br \/>\n                    (France 2)<\/p>\n<p>      3min<\/p>\n<p>\n  Dans sa s\u00e9rie d&rsquo;\u00e9t\u00e9 consacr\u00e9e aux grands tubes festifs de la chanson fran\u00e7aise, le \u00ab\u00a013 Heures\u00a0\u00bb revient ce mardi 5 ao\u00fbt sur le morceau culte de Gilbert Montagn\u00e9, \u00ab\u00a0Les Sunlights des tropiques\u00a0\u00bb. Un grand succ\u00e8s, qui a pourtant failli ne pas voir le jour.\n<\/p>\n<p><strong>Ce texte correspond \u00e0 une partie de la retranscription du reportage ci-dessus. Cliquez sur la vid\u00e9o pour la regarder en int\u00e9gralit\u00e9.<\/strong><\/p>\n<p>C&rsquo;est le 45 tours festif des pistes de danse, des mariages et des fins de soir\u00e9es entre amis, et cela depuis d\u00e9j\u00e0 40 ans. Quarante ans plus tard, Les Sunlights des tropiques sont toujours en bonne place dans les concerts de <a href=\"https:\/\/www.franceinfo.fr\/replay-radio\/le-monde-d-elodie\/gilbert-montagne-j-essaie-de-rester-digne-de-l-amour-que-me-donne-le-public_6790669.html\" rel=\"nofollow noopener\" target=\"_blank\">Gilbert Montagn\u00e9<\/a>. Effet garanti pour chauffer l&rsquo;ambiance. C&rsquo;est en partie gr\u00e2ce \u00e0 cette chanson que l&rsquo;artiste de 73 ans a gard\u00e9 toute l&rsquo;affection du public : \u00ab\u00a0Fantastique, tr\u00e8s humain et proche du public\u00a0\u00bb, se r\u00e9jouit un spectateur de l&rsquo;un des concerts de l&rsquo;artiste. \u00ab\u00a0Ce n&rsquo;est pas notre g\u00e9n\u00e9ration, mais sur les r\u00e9seaux, c&rsquo;est revenu en masse et, maintenant, la plupart des gens connaissent\u00a0\u00bb, commente m\u00eame une jeune fille.<\/p>\n<p>Cette chanson-l\u00e0 revient pourtant de loin, car elle n&rsquo;\u00e9tait pas pr\u00e9vue sur l&rsquo;album de Gilbert Montagn\u00e9 en 1985. Un album prometteur, puisqu&rsquo;il regorgeait d\u00e9j\u00e0 de trois grands tubes \u00e0 venir. \u00c0 l&rsquo;\u00e9poque, Les Sunlights des tropiques \u00e9taient encore une \u00e9bauche. Au dernier jour d&rsquo;enregistrement en studio, Gilbert change d&rsquo;avis : \u00ab\u00a0Moi, je voulais vraiment faire cette chanson. Seulement, on n&rsquo;avait pas de texte. Il \u00e9tait \u00e0 peu pr\u00e8s minuit, je crois&#8230; J&rsquo;appelle Didier Barbelivien. J&rsquo;ai une m\u00e9lodie, je lui joue au t\u00e9l\u00e9phone et il me dit : &lsquo;Il te la faut quand ?&rsquo; &#8211; Pour hier, \u00e7a serait tr\u00e8s bien.\u00a0\u00bb<\/p>\n<p>Le parolier f\u00e9tiche de Gilbert Montagn\u00e9 doit donc trouver la chanson en quelques heures et en pleine nuit. C&rsquo;est peut-\u00eatre son excuse pour ses rep\u00e8res g\u00e9ographiques un peu approximatifs. Car vivre sous l&rsquo;\u00e9quateur du Br\u00e9sil, c&rsquo;est dans l&rsquo;h\u00e9misph\u00e8re sud. En revanche, entre Cuba et Manille, c&rsquo;est dans l&rsquo;h\u00e9misph\u00e8re nord. Et on ne parle m\u00eame pas des 15 000 km qui s\u00e9parent les deux villes.\u00a0\u00bbOn a dit : &lsquo;Mais enfin, bon, Didier, il a dit, entre Cuba et Manille, \u00e7a n&rsquo;a rien \u00e0 voir, de l&rsquo;un \u00e0 l&rsquo;autre&rsquo;. Moi, l&rsquo;important, c&rsquo;est que \u00e7a sonne bien. \u00c7a ne m&rsquo;a jamais d\u00e9rang\u00e9\u00a0\u00bb, tranche le chanteur.<\/p>\n<p>En 2013, le collectif Tropical Family a repris les Sunlights en version chorale. Une chanson tellement culte qu&rsquo;elle a pu poser des probl\u00e8mes \u00e0 l&rsquo;un de ses interpr\u00e8tes. \u00ab\u00a0Quand j&rsquo;enregistrais le morceau, j&rsquo;ai tellement de respect pour la version de base que, pour la chanter, c&rsquo;est difficile. La fa\u00e7on dont je devais la chanter, c&rsquo;\u00e9tait&#8230; C&rsquo;\u00e9tait diff\u00e9rent. Du coup, il fallait s&rsquo;y faire. On se dit : &lsquo;Est-ce que je suis assez bien pour \u00e7a ?&rsquo; Parce que c&rsquo;est quand m\u00eame un classique. C&rsquo;est compliqu\u00e9 de reprendre des classiques\u00a0\u00bb, admet Jessy Matador.<\/p>\n<p>Ambiance tropicale assur\u00e9e \u00e0 la fin des concerts de Gilbert Montagn\u00e9, les Sunlights sont l&rsquo;une de ses bottes secr\u00e8tes pour sortir de sc\u00e8ne sous les ovations du public.<\/p>\n","protected":false},"excerpt":{"rendered":"lire plus tard Pour sauvegarder cet article, connectez-vous ou cr\u00e9ez un compte franceinfo Sans paiement. Sans abonnement. Fermer&hellip;\n","protected":false},"author":2,"featured_media":298881,"comment_status":"","ping_status":"","sticky":false,"template":"","format":"standard","meta":{"footnotes":""},"categories":[1355],"tags":[58,59,1011,27,1361,873],"class_list":{"0":"post-298880","1":"post","2":"type-post","3":"status-publish","4":"format-standard","5":"has-post-thumbnail","7":"category-musique","8":"tag-divertissement","9":"tag-entertainment","10":"tag-fr","11":"tag-france","12":"tag-music","13":"tag-musique"},"share_on_mastodon":{"url":"https:\/\/pubeurope.com\/@fr\/114978096728212704","error":""},"_links":{"self":[{"href":"https:\/\/www.europesays.com\/fr\/wp-json\/wp\/v2\/posts\/298880","targetHints":{"allow":["GET"]}}],"collection":[{"href":"https:\/\/www.europesays.com\/fr\/wp-json\/wp\/v2\/posts"}],"about":[{"href":"https:\/\/www.europesays.com\/fr\/wp-json\/wp\/v2\/types\/post"}],"author":[{"embeddable":true,"href":"https:\/\/www.europesays.com\/fr\/wp-json\/wp\/v2\/users\/2"}],"replies":[{"embeddable":true,"href":"https:\/\/www.europesays.com\/fr\/wp-json\/wp\/v2\/comments?post=298880"}],"version-history":[{"count":0,"href":"https:\/\/www.europesays.com\/fr\/wp-json\/wp\/v2\/posts\/298880\/revisions"}],"wp:featuredmedia":[{"embeddable":true,"href":"https:\/\/www.europesays.com\/fr\/wp-json\/wp\/v2\/media\/298881"}],"wp:attachment":[{"href":"https:\/\/www.europesays.com\/fr\/wp-json\/wp\/v2\/media?parent=298880"}],"wp:term":[{"taxonomy":"category","embeddable":true,"href":"https:\/\/www.europesays.com\/fr\/wp-json\/wp\/v2\/categories?post=298880"},{"taxonomy":"post_tag","embeddable":true,"href":"https:\/\/www.europesays.com\/fr\/wp-json\/wp\/v2\/tags?post=298880"}],"curies":[{"name":"wp","href":"https:\/\/api.w.org\/{rel}","templated":true}]}}