{"id":298884,"date":"2025-08-05T20:42:10","date_gmt":"2025-08-05T20:42:10","guid":{"rendered":"https:\/\/www.europesays.com\/fr\/298884\/"},"modified":"2025-08-05T20:42:10","modified_gmt":"2025-08-05T20:42:10","slug":"risque-dhepatites-ou-de-vih-des-depistages-recommandes-pour-4-400-patients-du-cabinet-dentaire-de-lhopital-de-maubeuge","status":"publish","type":"post","link":"https:\/\/www.europesays.com\/fr\/298884\/","title":{"rendered":"Risque d\u2019h\u00e9patites ou de VIH\u00a0: des d\u00e9pistages recommand\u00e9s pour 4\u00a0400 patients du cabinet dentaire de l\u2019h\u00f4pital de Maubeuge"},"content":{"rendered":"<p class=\"paragraph text_align_left lp-f-body-02\">Le centre hospitalier de Maubeuge, dans les Hauts-de-France, a envoy\u00e9, ce mardi, une lettre \u00e0 4 400 patients pour leur recommander de r\u00e9aliser des tests de d\u00e9pistage, a r\u00e9v\u00e9l\u00e9 <a href=\"https:\/\/www.francebleu.fr\/infos\/sante-sciences\/l-hopital-de-maubeuge-recommande-des-tests-de-depistage-pour-certains-patients-de-son-cabinet-dentaire-1490232\" target=\"_self\" rel=\"nofollow noopener\">Ici Nord<\/a>.<\/p>\n<p class=\"paragraph text_align_left lp-f-body-02\">Pour les patients pris en charge dans l\u2019\u00e9tablissement depuis deux ans maximum, il est demand\u00e9 de r\u00e9aliser un test de d\u00e9pistage du virus de l\u2019h\u00e9patite\u00a0B, de l\u2019h\u00e9patite\u00a0C et du virus du VIH. Le risque de contamination est \u00ab\u00a0infime\u00a0\u00bb, dans les chiffres cela se traduit par 0.003\u00a0% pour le <a href=\"https:\/\/www.leparisien.fr\/international\/ukraine\/guerre-en-ukraine-le-taux-de-vih-parmi-les-soldats-russes-aurait-fortement-augmente-depuis-la-guerre-selon-un-rapport-04-08-2025-S24ENAOBIZEN3NFBGQA6MWRY6I.php\" target=\"_self\" rel=\"nofollow noopener\">VIH<\/a>, 0.005\u00a0% pour l\u2019h\u00e9patite\u00a0C et 0.3\u00a0% pour l\u2019h\u00e9patite\u00a0B.<\/p>\n<p class=\"paragraph text_align_left lp-f-body-02\">Il y aurait eu un \u00ab\u00a0\u00e9cart dans la st\u00e9rilisation de certains instruments utilis\u00e9s\u00a0\u00bb a not\u00e9 l\u2019Agence r\u00e9gionale de Sant\u00e9 (ARS), r\u00e9sultat une transmission des virus aurait pu se faire. Les porte-instruments \u00e9taient d\u00e9sinfect\u00e9s, \u00ab\u00a0mais pas st\u00e9rilis\u00e9s\u00a0\u00bb selon l\u2019ARS.<\/p>\n<p>Col\u00e8re des patients<\/p>\n<p class=\"paragraph text_align_left lp-f-body-02\">Cela concerne uniquement des patients qui ont eu des soins sp\u00e9cifiques qui \u00ab\u00a0qui n\u00e9cessitent une chirurgie dentaire\u00a0\u00bb selon Cyril Lenne, le directeur du Centre hospitalier de Maubeuge comme le rapport <a href=\"https:\/\/www.lavoixdunord.fr\/1612620\/article\/2025-08-05\/l-hopital-de-maubeuge-recommande-des-patients-de-faire-un-test-de-depistage-des\" target=\"_self\" rel=\"nofollow noopener\">La Voix du Nord<\/a>.<\/p>\n<p class=\"lp-card-podcast-highlighting__title  lp-f-subtitle-05\">[2\/4] C\u00e9cile Vallin, les secrets d\u2019une disparition <\/p>\n<p class=\"lp-card-podcast-highlighting__description lp-f-ui-05\">Crime story raconte chaque semaine les grandes affaires criminelles.<\/p>\n<p><a class=\"lp-card-podcast-highlighting__call-to-action\" data-page-type=\"HP\" data-block-name=\"podcast-highlight\">\u00c9couter<\/a><\/p>\n<p class=\"paragraph text_align_left lp-f-body-02\">Le m\u00e9dia local souligne aussi que les annonces ont provoqu\u00e9 la col\u00e8re chez certains patients concern\u00e9s. \u00ab\u00a0Ma m\u00e8re a re\u00e7u un courrier suite \u00e0 sa prise en charge en juin\u00a02024. Je trouve \u00e7a inadmissible qu\u2019elle soit tenue au courant un an apr\u00e8s\u00a0!\u00a0\u00bb, selon St\u00e9phanie.<\/p>\n<p class=\"paragraph text_align_left lp-f-body-02\">Les examens pour le d\u00e9pistage des virus sont \u00ab\u00a0enti\u00e8rement pris en charge par <a href=\"https:\/\/www.leparisien.fr\/economie\/budget-2026-plus-de-cinq-milliards-deconomies-esperees-sur-lassurance-maladie-16-07-2025-6DNBFD62OZCO3CSBSCSAFFUDDU.php\" target=\"_self\" rel=\"nofollow noopener\">l\u2019Assurance maladie<\/a>\u00a0\u00bb indique la direction de l\u2019h\u00f4pital.<\/p>\n","protected":false},"excerpt":{"rendered":"Le centre hospitalier de Maubeuge, dans les Hauts-de-France, a envoy\u00e9, ce mardi, une lettre \u00e0 4 400 patients&hellip;\n","protected":false},"author":2,"featured_media":298885,"comment_status":"","ping_status":"","sticky":false,"template":"","format":"standard","meta":{"footnotes":""},"categories":[10],"tags":[118,1011,27,72,71],"class_list":{"0":"post-298884","1":"post","2":"type-post","3":"status-publish","4":"format-standard","5":"has-post-thumbnail","7":"category-sante","8":"tag-faits-divers","9":"tag-fr","10":"tag-france","11":"tag-health","12":"tag-sante"},"share_on_mastodon":{"url":"https:\/\/pubeurope.com\/@fr\/114978104539067382","error":""},"_links":{"self":[{"href":"https:\/\/www.europesays.com\/fr\/wp-json\/wp\/v2\/posts\/298884","targetHints":{"allow":["GET"]}}],"collection":[{"href":"https:\/\/www.europesays.com\/fr\/wp-json\/wp\/v2\/posts"}],"about":[{"href":"https:\/\/www.europesays.com\/fr\/wp-json\/wp\/v2\/types\/post"}],"author":[{"embeddable":true,"href":"https:\/\/www.europesays.com\/fr\/wp-json\/wp\/v2\/users\/2"}],"replies":[{"embeddable":true,"href":"https:\/\/www.europesays.com\/fr\/wp-json\/wp\/v2\/comments?post=298884"}],"version-history":[{"count":0,"href":"https:\/\/www.europesays.com\/fr\/wp-json\/wp\/v2\/posts\/298884\/revisions"}],"wp:featuredmedia":[{"embeddable":true,"href":"https:\/\/www.europesays.com\/fr\/wp-json\/wp\/v2\/media\/298885"}],"wp:attachment":[{"href":"https:\/\/www.europesays.com\/fr\/wp-json\/wp\/v2\/media?parent=298884"}],"wp:term":[{"taxonomy":"category","embeddable":true,"href":"https:\/\/www.europesays.com\/fr\/wp-json\/wp\/v2\/categories?post=298884"},{"taxonomy":"post_tag","embeddable":true,"href":"https:\/\/www.europesays.com\/fr\/wp-json\/wp\/v2\/tags?post=298884"}],"curies":[{"name":"wp","href":"https:\/\/api.w.org\/{rel}","templated":true}]}}