{"id":298892,"date":"2025-08-05T20:46:14","date_gmt":"2025-08-05T20:46:14","guid":{"rendered":"https:\/\/www.europesays.com\/fr\/298892\/"},"modified":"2025-08-05T20:46:14","modified_gmt":"2025-08-05T20:46:14","slug":"boeing-coca-cola-ford-etc-les-effets-inattendus-de-trump-sur-les-geants-americains","status":"publish","type":"post","link":"https:\/\/www.europesays.com\/fr\/298892\/","title":{"rendered":"Boeing, Coca-Cola, Ford,\u00a0etc\u200a: les effets inattendus de Trump sur les g\u00e9ants am\u00e9ricains"},"content":{"rendered":"<p>Faiblesse du dollar<\/p>\n<p class=\"ap-StoryElement ap-StoryElement--mb ap-StoryText\">Le mois de juillet a aussi \u00e9t\u00e9 marqu\u00e9 par une petite remont\u00e9e du billet vert (+ 3,19 % ), qui a tout de m\u00eame perdu quelque 10 % de sa valeur par rapport \u00e0 l&rsquo;euro depuis que Donald Trump est arriv\u00e9 \u00e0 la Maison Blanche en janvier 2025. Cette faiblesse du dollar, voulue par le pr\u00e9sident am\u00e9ricain, est \u00e9videmment un \u00e9l\u00e9ment d\u00e9terminant pour les soci\u00e9t\u00e9s exportatrices. Comme le rappelle l&rsquo;\u00e9conomiste Etienne de Callata\u00ff, \u00ab\u00a0la faiblesse du dollar est de nature \u00e0 avoir deux effets favorables sur les b\u00e9n\u00e9fices des entreprises am\u00e9ricaines. Le premier est que cette baisse rend les biens et services plus comp\u00e9titifs et\/ou permet aux exportateurs am\u00e9ricains d&rsquo;augmenter leurs prix et donc leurs marges. Le second est un effet dit de translation. Les b\u00e9n\u00e9fices qu&rsquo;elles r\u00e9alisent hors US, pour un montant en devises inchang\u00e9, augmentent en dollar\u00a0\u00bb.<\/p>\n<p><a href=\"https:\/\/www.lalibre.be\/economie\/conjoncture\/2025\/07\/09\/le-dollar-sest-deprecie-de-plus-de-10-en-six-mois-du-jamais-vu-depuis-1973-donald-trump-va-devoir-clarifier-ses-intentions-OSA4JDVYZNBOZFZBGJOQSGX3OI\/\" target=\"_blank\" rel=\"noopener noreferrer\" class=\"ap-StoryInterstitialLink ap-StoryElement ap-StoryElement--mb\">Le dollar s&rsquo;est fortement d\u00e9pr\u00e9ci\u00e9, du jamais-vu depuis 1973 : \u00ab\u00a0Donald Trump va devoir clarifier ses intentions\u00a0\u00bb<\/a>Secteur a\u00e9ronautique<\/p>\n<p class=\"ap-StoryElement ap-StoryElement--mb ap-StoryText\">Mais quelles sont les entreprises qui tirent le plus parti de la baisse du dollar et de la politique de Trump en g\u00e9n\u00e9ral ? Xavier Servais, administrateur d\u00e9l\u00e9gu\u00e9 de la soci\u00e9t\u00e9 de conseil en investissement Delande, pense que \u00ab\u00a0cela semble peut-\u00eatre un peu t\u00f4t\u00a0\u00bb pour faire un bilan. D&rsquo;autant que \u00ab\u00a0le premier trimestre a \u00e9t\u00e9 caract\u00e9ris\u00e9 par des achats de stockage pr\u00e9ventifs avant la hausse des droits de douane\u00a0\u00bb. L&rsquo;analyste per\u00e7oit quand m\u00eame quelques tendances claires. \u00ab\u00a0Un b\u00e9n\u00e9ficiaire av\u00e9r\u00e9, c&rsquo;est la soci\u00e9t\u00e9 Boeing. L&rsquo;exemption des droits de douane pour le secteur a\u00e9ronautique n&rsquo;y est peut-\u00eatre pas \u00e9trang\u00e8re\u00a0\u00bb, explique-t-il. Et de noter que la capitalisation boursi\u00e8re de l&rsquo;avionneur am\u00e9ricain \u00ab\u00a0a d\u00e9pass\u00e9 \u00e0 nouveau celle d&rsquo;Airbus, malgr\u00e9 cinq ann\u00e9es de pertes cons\u00e9cutives, des fonds propres n\u00e9gatifs et les accidents survenus ces derniers mois. Depuis son cours le plus bas d\u00e9but avril, l&rsquo;action Boeing a rebondi de 70 % contre 32 % pour Airbus\u00a0\u00bb.<\/p>\n<p><a href=\"https:\/\/www.lalibre.be\/economie\/conjoncture\/2025\/08\/05\/faut-il-installer-des-cameras-dans-les-avions-pour-comprendre-les-causes-dun-crash-cela-pourrait-avoir-un-effet-devastateur-ZJSDBYDTMRFELJAZKDP2V4QNNY\/\" target=\"_blank\" rel=\"noopener noreferrer\" class=\"ap-StoryInterstitialLink ap-StoryElement ap-StoryElement--mb\">Faut-il installer des cam\u00e9ras dans les avions ?\u00a0\u00bbCela pourrait avoir un effet d\u00e9vastateur\u00a0\u00bb<\/a><\/p>\n<p class=\"ap-StoryElement ap-StoryElement--mb ap-StoryText\">L&rsquo;analyste cite aussi General Electric, acteur majeur dans les moteurs d&rsquo;avions, dans les entreprises qui se portent bien depuis l&rsquo;arriv\u00e9e de Trump tout comme Howmet Aerospace, LH3Harris (qui fabrique notamment des moteurs de fus\u00e9e). Il note enfin que \u00ab\u00a0les valeurs technologiques comme Meta, Oracle ou Google ont aussi \u00e9t\u00e9 \u00e9pargn\u00e9es par les hausses tarifaires et l&rsquo;absence de mesures de r\u00e9torsion, un moment \u00e9voqu\u00e9es par l&rsquo;Union europ\u00e9enne\u00a0\u00bb.<\/p>\n<p class=\"ap-StoryElement ap-StoryElement--mb ap-StoryText\">Toujours au rayon des gagnants, Frank Vranken, chef \u00e9conomiste \u00e0 la banque priv\u00e9e Edmond de Rothschild Europe, cite, quant \u00e0 lui, Coca-Cola et Pepsi Cola, Netflix, 3M (Scotch, Post-It, etc.) ou encore Levis. \u00ab\u00a0Toutes ces entreprises ont augment\u00e9 leur guidance pour le reste de l&rsquo;ann\u00e9e\u00a0\u00bb, commente-t-il. Et de rappeler l&rsquo;estimation de la banque d&rsquo;affaires Goldman Sachs d&rsquo;apr\u00e8s laquelle une baisse de 1 % du dollar va de pair avec une hausse de 0,5 % de l&rsquo;indice boursier am\u00e9ricain Standard &amp; Poor&rsquo;s.<\/p>\n<blockquote class=\"ap-StoryQuote ap-StoryQuote--pullquote\"><p>guillement<\/p>\n<p class=\"ap-StoryQuote-text\">Pour Ford, les tarifs ont un impact sur les r\u00e9sultats qui sera de 2 milliards en 2025. C&rsquo;est un montant significatif pour un secteur o\u00f9 les marges sont d\u00e9j\u00e0 assez faibles et qui fait face \u00e0 une mutation compl\u00e8te\u00a0\u00bb<\/p>\n<\/blockquote>\n<p>Montant significatif<\/p>\n<p class=\"ap-StoryElement ap-StoryElement--mb ap-StoryText\">Du c\u00f4t\u00e9 des soci\u00e9t\u00e9s perdantes, on retrouve le secteur automobile, qui p\u00e2tit du fait d&rsquo;importer beaucoup de pi\u00e8ces d\u00e9tach\u00e9es ou de l&rsquo;acier. Il est \u00ab\u00a0celui qui souffre le plus de la politique de Donald Trump. Pour Ford (qui a annonc\u00e9 une perte de 36 millions de dollars au deuxi\u00e8me trimestre, NdlR), les tarifs ont un impact sur les r\u00e9sultats qui sera de 2 milliards en 2025. C&rsquo;est un montant significatif pour un secteur o\u00f9 les marges sont d\u00e9j\u00e0 assez faibles et qui fait face \u00e0 une mutation compl\u00e8te\u00a0\u00bb, note, de son c\u00f4t\u00e9, Christophe Pirson, fund manager chez Capitalatwork.<\/p>\n<p class=\"ap-StoryElement ap-StoryElement--mb ap-StoryText\">\u00ab\u00a0General Motors et Ford n&rsquo;ont pas affich\u00e9 de bons r\u00e9sultats au premier trimestre et dans le cas de Tesla, s&rsquo;y ajoute la personnalit\u00e9 controvers\u00e9e d&rsquo;Elon Musk qui a eu un impact non n\u00e9gligeable sur l&rsquo;image de la marque\u00a0\u00bb, compl\u00e8te Xavier Servais.<\/p>\n<p>IPhones produits en Inde<\/p>\n<p class=\"ap-StoryElement ap-StoryElement--mb ap-StoryText\">Des g\u00e9ants comme Apple ou Amazon pourraient aussi voir le vent tourner m\u00eame si les derniers chiffres sont rassurants. \u00c0 l&rsquo;occasion de la publication des r\u00e9sultats d&rsquo;Amazon la semaine derni\u00e8re, Sky Canaves, analyste chez Emarketer, faisait remarquer que l&rsquo;impact des politiques commerciales am\u00e9ricaines reste encore limit\u00e9 sur les ventes du g\u00e9ant du commerce en ligne au vu des \u00ab\u00a0suspensions des droits de douane\u00a0\u00bb et d'\u00a0\u00bbune consommation rest\u00e9e solide durant la p\u00e9riode\u00a0\u00bb. \u00ab\u00a0Les tensions commerciales r\u00e9centes ont m\u00eame offert \u00e0 Amazon une occasion d&rsquo;accro\u00eetre sa part de march\u00e9 dans le commerce en ligne aux \u00c9tats-Unis\u00a0\u00bb, faisant r\u00e9f\u00e9rence \u00e0 Shein et Temu, les g\u00e9ants chinois du commerce \u00e9lectronique qui ont perdu l&rsquo;exemption de droits de douane dont b\u00e9n\u00e9ficiaient les petits colis envoy\u00e9s de Chine.<\/p>\n<p class=\"ap-StoryElement ap-StoryElement--mb ap-StoryText\">Pour Apple qui a fortement augment\u00e9 sa production d&rsquo;IPhones en Inde au cours de ces derni\u00e8res ann\u00e9es, les menaces de Trump \u00e0 l&rsquo;\u00e9gard de l&rsquo;Inde ne sont a priori pas de bon augure.<\/p>\n<p><a href=\"https:\/\/www.lalibre.be\/economie\/digital\/2025\/04\/08\/plus-de-50000-belges-possedant-un-iphone-pourraient-recuperer-plusieurs-centaines-deuros-de-la-part-dapple-VQ4VHPNCU5FYPD672HLGY6DFSE\/\" target=\"_blank\" rel=\"noopener noreferrer\" class=\"ap-StoryInterstitialLink ap-StoryElement ap-StoryElement--mb\">Plus de 50.000 Belges poss\u00e9dant un iPhone pourraient r\u00e9cup\u00e9rer plusieurs centaines d&rsquo;euros de la part d&rsquo;Apple<\/a><\/p>\n<p class=\"ap-StoryElement ap-StoryElement--mb ap-StoryText\">Il est \u00e9videmment pr\u00e9matur\u00e9 pour \u00e9valuer les effets \u00e0 plus long terme de la politique Trump. D&rsquo;autant que cette politique, en plus de fluctuer incessamment, comporte encore beaucoup d&rsquo;inconnues, en particulier concernant les tarifs qui seront appliqu\u00e9s \u00e0 la Chine.<\/p>\n<p class=\"ap-StoryElement ap-StoryElement--mb ap-StoryText\">De plus, ces effets seront fortement li\u00e9s \u00e0 l&rsquo;attitude \u00e0 venir des consommateurs am\u00e9ricains. \u00ab\u00a0Il faut voir comment le consommateur va r\u00e9agir et quelle sera l&rsquo;\u00e9lasticit\u00e9 des prix\u00a0\u00bb, rappelle Frank Vranken. Comme il faudra voir si la confiance des consommateurs ne sera pas \u00e9branl\u00e9e par cette politique tr\u00e8s changeante et par une conjoncture moins favorable si on se base sur les derniers chiffres de l&#8217;emploi.<\/p>\n","protected":false},"excerpt":{"rendered":"Faiblesse du dollar Le mois de juillet a aussi \u00e9t\u00e9 marqu\u00e9 par une petite remont\u00e9e du billet vert&hellip;\n","protected":false},"author":2,"featured_media":298893,"comment_status":"","ping_status":"","sticky":false,"template":"","format":"standard","meta":{"footnotes":""},"categories":[6],"tags":[35,75,33,34,46,1011,27,43890,5693,11699],"class_list":{"0":"post-298892","1":"post","2":"type-post","3":"status-publish","4":"format-standard","5":"has-post-thumbnail","7":"category-economie","8":"tag-business","9":"tag-donald-trump","10":"tag-economie","11":"tag-economy","12":"tag-elon-musk","13":"tag-fr","14":"tag-france","15":"tag-newb","16":"tag-promotions-amazon","17":"tag-soldes-en-belgique"},"share_on_mastodon":{"url":"https:\/\/pubeurope.com\/@fr\/114978120305315567","error":""},"_links":{"self":[{"href":"https:\/\/www.europesays.com\/fr\/wp-json\/wp\/v2\/posts\/298892","targetHints":{"allow":["GET"]}}],"collection":[{"href":"https:\/\/www.europesays.com\/fr\/wp-json\/wp\/v2\/posts"}],"about":[{"href":"https:\/\/www.europesays.com\/fr\/wp-json\/wp\/v2\/types\/post"}],"author":[{"embeddable":true,"href":"https:\/\/www.europesays.com\/fr\/wp-json\/wp\/v2\/users\/2"}],"replies":[{"embeddable":true,"href":"https:\/\/www.europesays.com\/fr\/wp-json\/wp\/v2\/comments?post=298892"}],"version-history":[{"count":0,"href":"https:\/\/www.europesays.com\/fr\/wp-json\/wp\/v2\/posts\/298892\/revisions"}],"wp:featuredmedia":[{"embeddable":true,"href":"https:\/\/www.europesays.com\/fr\/wp-json\/wp\/v2\/media\/298893"}],"wp:attachment":[{"href":"https:\/\/www.europesays.com\/fr\/wp-json\/wp\/v2\/media?parent=298892"}],"wp:term":[{"taxonomy":"category","embeddable":true,"href":"https:\/\/www.europesays.com\/fr\/wp-json\/wp\/v2\/categories?post=298892"},{"taxonomy":"post_tag","embeddable":true,"href":"https:\/\/www.europesays.com\/fr\/wp-json\/wp\/v2\/tags?post=298892"}],"curies":[{"name":"wp","href":"https:\/\/api.w.org\/{rel}","templated":true}]}}