{"id":298894,"date":"2025-08-05T20:47:14","date_gmt":"2025-08-05T20:47:14","guid":{"rendered":"https:\/\/www.europesays.com\/fr\/298894\/"},"modified":"2025-08-05T20:47:14","modified_gmt":"2025-08-05T20:47:14","slug":"la-blague-provoc-de-trump-sur-le-toit-de-la-maison-blanche","status":"publish","type":"post","link":"https:\/\/www.europesays.com\/fr\/298894\/","title":{"rendered":"la blague provoc de Trump sur le toit de la Maison-Blanche"},"content":{"rendered":"<p>        <img decoding=\"async\" loading=\"lazy\" src=\"https:\/\/www.europesays.com\/fr\/wp-content\/uploads\/2025\/08\/e491c9c_upload-1-52pi5f8hgqh6-063-2228648919.jpg\"  width=\"728\" height=\"410\" alt=\"Donald Trump a d\u00e9ambul\u00e9 ce mardi sur les toits du b\u00e2timent de la future salle de bal de la Maison Blanche.\"\/>  <\/p>\n<p>WIN MCNAMEE \/ Getty Images via AFP<\/p>\n<p>Donald Trump a d\u00e9ambul\u00e9 ce mardi sur les toits du b\u00e2timent de la future salle de bal de la Maison Blanche.<\/p>\n<p class=\"asset asset-text\">\u00c9TATS-UNIS &#8211; Un tacle de plus \u00e0 son homologue russe. Depuis le toit de la Maison Blanche, le <a href=\"https:\/\/www.huffingtonpost.fr\/international\/article\/donald-trump-veut-virer-la-cheffe-des-statistiques-car-elle-aurait-truque-les-chiffres-de-l-emploi-pour-le-denigrer_253207.html\" rel=\"nofollow noopener\" target=\"_blank\">pr\u00e9sident Trump <\/a>a ironis\u00e9 ce mardi 5\u00a0ao\u00fbt sur l\u2019installation possible de \u00ab\u00a0missiles nucl\u00e9aires\u00a0\u00bb, au moment o\u00f9<a href=\"https:\/\/www.huffingtonpost.fr\/international\/article\/apres-l-ultimatum-de-trump-un-emissaire-americain-attendu-en-russie-cette-semaine_253243.html\" rel=\"nofollow noopener\" target=\"_blank\"> la tension avec la Russie ne cesse de grimper<\/a>.<\/p>\n<p class=\"asset asset-text\">Le pr\u00e9sident am\u00e9ricain, flanqu\u00e9 de gardes du corps et sous la protection de tireurs d\u2019\u00e9lite, a d\u00e9ambul\u00e9 pendant une vingtaine de minutes sur le toit de la salle de presse. Il a inspect\u00e9 le site de <a href=\"https:\/\/www.huffingtonpost.fr\/international\/article\/voici-a-quoi-ressemblera-la-salle-de-bal-a-200-millions-de-dollars-voulue-par-trump-a-la-maison-blanche_253181.html\" rel=\"nofollow noopener\" target=\"_blank\">la future salle de bal <\/a>qu\u2019il va faire construire, sous les yeux de dizaines de journalistes agglutin\u00e9s en contrebas, \u00e0 bonne distance. Les travaux pour ce b\u00e2timent,\u00a0financ\u00e9s par Trump et d\u2019autres donateurs priv\u00e9s, sont estim\u00e9s \u00e0 plus de 200\u00a0millions d\u2019euros.<\/p>\n<p class=\"asset asset-text\">Interrog\u00e9 sur ce qu\u2019il comptait b\u00e2tir, il a r\u00e9pondu, certainement pour plaisanter\u00a0: \u00ab\u00a0Des missiles\u00a0\u00bb puis \u00ab\u00a0des missiles nucl\u00e9aires\u00a0\u00bb, avant de mimer avec son bras, semble-t-il, le lancement d\u2019un tel engin.<\/p>\n<p class=\"asset asset-text\">L\u2019ancien promoteur immobilier a d\u00e9clar\u00e9 qu\u2019il \u00ab\u00a0faisait une petite promenade\u00a0\u00bb. \u00ab\u00a0C\u2019est juste un autre moyen de d\u00e9penser mon argent pour le pays\u00a0\u00bb, a encore lanc\u00e9 le milliardaire, assurant qu\u2019il finan\u00e7ait lui-m\u00eame les travaux de r\u00e9novation entrepris \u00e0 la Maison Blanche \u00e0 sa demande.<\/p>\n<p>                     Escalade rh\u00e9torique    <\/p>\n<p class=\"asset asset-text\">Les \u00c9tats-Unis et la Russie sont engag\u00e9s dans une escalade rh\u00e9torique depuis plusieurs jours. Donald Trump a annonc\u00e9 r\u00e9cemment qu\u2019il avait ordonn\u00e9 le d\u00e9ploiement de deux sous-marins nucl\u00e9aires \u00e0 proximit\u00e9 de la Russie, en r\u00e9action \u00e0 des d\u00e9clarations jug\u00e9es provocatrices de l\u2019ex-pr\u00e9sident Dmitri Medvedev, qui multiplie depuis 2022 les commentaires martiaux envers les Occidentaux sur les r\u00e9seaux sociaux. Moscou a de son c\u00f4t\u00e9 lev\u00e9 un moratoire sur le d\u00e9ploiement d\u2019armes \u00e0 port\u00e9e interm\u00e9diaire, accusant Washington d\u2019attiser la course aux armements.<\/p>\n<p class=\"asset asset-text\">Ancien animateur de t\u00e9l\u00e9r\u00e9alit\u00e9, Trump est sp\u00e9cialiste des apparitions mi-cocasses, mi-provocatrices, qui r\u00e9jouissent ses partisans et fournissent aux cha\u00eenes de t\u00e9l\u00e9vision des images dont elles sont friandes. En 2015, il avait annonc\u00e9 sa candidature \u00e0 la pr\u00e9sidentielle apr\u00e8s avoir lentement descendu un escalator dor\u00e9, une sc\u00e8ne rest\u00e9e dans toutes les m\u00e9moires. Pendant la derni\u00e8re campagne pr\u00e9sidentielle, il s\u2019est mis en sc\u00e8ne dans la cabine d\u2019un camion poubelle ou servant des frites dans un restaurant McDonald\u2019s.<\/p>\n","protected":false},"excerpt":{"rendered":"WIN MCNAMEE \/ Getty Images via AFP Donald Trump a d\u00e9ambul\u00e9 ce mardi sur les toits du b\u00e2timent&hellip;\n","protected":false},"author":2,"featured_media":298895,"comment_status":"","ping_status":"","sticky":false,"template":"","format":"standard","meta":{"footnotes":""},"categories":[5],"tags":[11,75,73,1011,27,14,12,28],"class_list":{"0":"post-298894","1":"post","2":"type-post","3":"status-publish","4":"format-standard","5":"has-post-thumbnail","7":"category-international","8":"tag-actualites","9":"tag-donald-trump","10":"tag-etats-unis","11":"tag-fr","12":"tag-france","13":"tag-international","14":"tag-news","15":"tag-world"},"share_on_mastodon":{"url":"https:\/\/pubeurope.com\/@fr\/114978124149809081","error":""},"_links":{"self":[{"href":"https:\/\/www.europesays.com\/fr\/wp-json\/wp\/v2\/posts\/298894","targetHints":{"allow":["GET"]}}],"collection":[{"href":"https:\/\/www.europesays.com\/fr\/wp-json\/wp\/v2\/posts"}],"about":[{"href":"https:\/\/www.europesays.com\/fr\/wp-json\/wp\/v2\/types\/post"}],"author":[{"embeddable":true,"href":"https:\/\/www.europesays.com\/fr\/wp-json\/wp\/v2\/users\/2"}],"replies":[{"embeddable":true,"href":"https:\/\/www.europesays.com\/fr\/wp-json\/wp\/v2\/comments?post=298894"}],"version-history":[{"count":0,"href":"https:\/\/www.europesays.com\/fr\/wp-json\/wp\/v2\/posts\/298894\/revisions"}],"wp:featuredmedia":[{"embeddable":true,"href":"https:\/\/www.europesays.com\/fr\/wp-json\/wp\/v2\/media\/298895"}],"wp:attachment":[{"href":"https:\/\/www.europesays.com\/fr\/wp-json\/wp\/v2\/media?parent=298894"}],"wp:term":[{"taxonomy":"category","embeddable":true,"href":"https:\/\/www.europesays.com\/fr\/wp-json\/wp\/v2\/categories?post=298894"},{"taxonomy":"post_tag","embeddable":true,"href":"https:\/\/www.europesays.com\/fr\/wp-json\/wp\/v2\/tags?post=298894"}],"curies":[{"name":"wp","href":"https:\/\/api.w.org\/{rel}","templated":true}]}}