{"id":29891,"date":"2025-04-16T20:11:14","date_gmt":"2025-04-16T20:11:14","guid":{"rendered":"https:\/\/www.europesays.com\/fr\/29891\/"},"modified":"2025-04-16T20:11:14","modified_gmt":"2025-04-16T20:11:14","slug":"humour-en-spectacle-a-strasbourg-lhumoriste-waly-dia-vise-tres-juste","status":"publish","type":"post","link":"https:\/\/www.europesays.com\/fr\/29891\/","title":{"rendered":"Humour. En spectacle \u00e0 Strasbourg, l\u2019humoriste Waly Dia vise tr\u00e8s juste"},"content":{"rendered":"<p>La salle du Palais de la Musique et des Congr\u00e8s de Strasbourg \u00e9tait comble ce mardi -pr\u00e8s de 1800 personnes- et surchauff\u00e9e par les premi\u00e8res parties de Micka\u00ebl Quiroga, qui a co\u00e9crit le spectacle de Waly Dia et Umut K\u00f6ker, \u00ab\u00a0t\u00eate de turc\u00a0\u00bb revendiqu\u00e9e.<\/p>\n<p>Cette chouette mise en bouche donne le ton de la soir\u00e9e et calibre la plume ac\u00e9r\u00e9e sur un mode \u00e9nergique et politique. C\u2019est tout le talent de Waly Dia\u00a0: on connaissait son sens du verbe. On d\u00e9couvre son aisance sur les planches. Une formule \u00ab\u00a02 en 1\u00a0\u00bb qui donne un peu plus de coffre \u00e0 son propos toujours engag\u00e9. Racisme et homophobie sont dans le viseur, les plus riches aussi. Et Macron n\u2019est pas \u00e9pargn\u00e9.<\/p>\n<p>\u00c7a pique \u00e0 tout va. <a href=\"https:\/\/www.dna.fr\/culture-loisirs\/2025\/02\/04\/florence-foresti-premiere-laureate-du-trophee-de-l-humoriste-de-l-annee\" target=\"_blank\" rel=\"nofollow noopener\">Waly Dia<\/a> d\u00e9voile au passage de vrais talents d\u2019imitateur et une propension \u00e0 distiller des sons sortis de nulle part. Bref, une vraie b\u00eate de sc\u00e8ne qui d\u00e9roule son parti pris et ne fait gu\u00e8re dans la nuance. Et le public, conquis (souvent d\u2019avance), applaudit \u00e0 tout va. Les rires fusent et certains y laissent m\u00eame des plumes\u00a0: le malaise d\u2019un spectateur met le spectacle en pause. Rien de grave heureusement. De toute fa\u00e7on, mardi soir Waly Dia avait bien plus qu\u2019une heure \u00e0 tuer.<\/p>\n","protected":false},"excerpt":{"rendered":"La salle du Palais de la Musique et des Congr\u00e8s de Strasbourg \u00e9tait comble ce mardi -pr\u00e8s de&hellip;\n","protected":false},"author":2,"featured_media":29892,"comment_status":"","ping_status":"","sticky":false,"template":"","format":"standard","meta":{"footnotes":""},"categories":[2820],"tags":[1111,11,2389,1687,2880,1777,674,107,1011,27,775,12,25,3140,640,2879],"class_list":{"0":"post-29891","1":"post","2":"type-post","3":"status-publish","4":"format-standard","5":"has-post-thumbnail","7":"category-strasbourg","8":"tag-actu","9":"tag-actualites","10":"tag-alsace","11":"tag-culture-loisirs","12":"tag-edition-strasbourg","13":"tag-eu","14":"tag-europe","15":"tag-fil-info","16":"tag-fr","17":"tag-france","18":"tag-grand-est","19":"tag-news","20":"tag-republique-francaise","21":"tag-spectacle","22":"tag-strasbourg","23":"tag-strasbourg-ville"},"share_on_mastodon":{"url":"https:\/\/pubeurope.com\/@fr\/114349466198769992","error":""},"_links":{"self":[{"href":"https:\/\/www.europesays.com\/fr\/wp-json\/wp\/v2\/posts\/29891","targetHints":{"allow":["GET"]}}],"collection":[{"href":"https:\/\/www.europesays.com\/fr\/wp-json\/wp\/v2\/posts"}],"about":[{"href":"https:\/\/www.europesays.com\/fr\/wp-json\/wp\/v2\/types\/post"}],"author":[{"embeddable":true,"href":"https:\/\/www.europesays.com\/fr\/wp-json\/wp\/v2\/users\/2"}],"replies":[{"embeddable":true,"href":"https:\/\/www.europesays.com\/fr\/wp-json\/wp\/v2\/comments?post=29891"}],"version-history":[{"count":0,"href":"https:\/\/www.europesays.com\/fr\/wp-json\/wp\/v2\/posts\/29891\/revisions"}],"wp:featuredmedia":[{"embeddable":true,"href":"https:\/\/www.europesays.com\/fr\/wp-json\/wp\/v2\/media\/29892"}],"wp:attachment":[{"href":"https:\/\/www.europesays.com\/fr\/wp-json\/wp\/v2\/media?parent=29891"}],"wp:term":[{"taxonomy":"category","embeddable":true,"href":"https:\/\/www.europesays.com\/fr\/wp-json\/wp\/v2\/categories?post=29891"},{"taxonomy":"post_tag","embeddable":true,"href":"https:\/\/www.europesays.com\/fr\/wp-json\/wp\/v2\/tags?post=29891"}],"curies":[{"name":"wp","href":"https:\/\/api.w.org\/{rel}","templated":true}]}}