{"id":298911,"date":"2025-08-05T21:04:49","date_gmt":"2025-08-05T21:04:49","guid":{"rendered":"https:\/\/www.europesays.com\/fr\/298911\/"},"modified":"2025-08-05T21:04:49","modified_gmt":"2025-08-05T21:04:49","slug":"argent-bientot-la-fin-des-cheques-ladministration-fiscale-reflechit-a-lavenir-de-ce-moyen-de-paiement-sud-ouest","status":"publish","type":"post","link":"https:\/\/www.europesays.com\/fr\/298911\/","title":{"rendered":"Argent : bient\u00f4t la fin des ch\u00e8ques ? L\u2019administration fiscale r\u00e9fl\u00e9chit \u00e0 l\u2019avenir de ce moyen de paiement &#8211; Sud Ouest"},"content":{"rendered":"<ol>\n<li><a href=\"https:\/\/news.google.com\/rss\/articles\/CBMi8gFBVV95cUxPUHBRTm9pMHRkc0dLRnpOcE45SW1KWEhHcEZGYUQ1c0R2bHp3QVV4Q2ZJcnktbW53dkdTLVI1akhQdk5ucm1xdEUtMlJYdmVXeXFNYWFDN044Y0ZOUXZxZ1ZwQ3FtMU9fTklFclFIYXNxYkdwUmJqYW1jQ3BGd01SbVN3aXNGbG9XLXM3dVhJWjlyZlpvR3pGZXBrOTZmRjVEU0VHTVRhVHFKM0tpOEIyVFFBeEU2cDBSOVdLVlRfOFVBbVRhMV9VNFR6R25mal81YXVlRVVxMXVOdFE0VHdjS0c1UDk3bEp1MFVLc1FTcjg3UQ?oc=5\" target=\"_blank\" rel=\"nofollow noopener\">Argent : bient\u00f4t la fin des ch\u00e8ques ? L\u2019administration fiscale r\u00e9fl\u00e9chit \u00e0 l\u2019avenir de ce moyen de paiement<\/a>&nbsp;&nbsp;Sud Ouest<\/li>\n<li><a href=\"https:\/\/news.google.com\/rss\/articles\/CBMihgJBVV95cUxNeXdCdnlYcEZqQWV1VWRrUkdSakRkYmZ0YWI2M0xfYU1hYWozd0VQSzZXY3pFRjlWcVcxYndtOV91WXFQdC1BN25BS0FMdjVIRm4xdEhWZ1Q3RnUtOUtFS2dTMnNMN3hQMGtkQTNYQWE4amh4ZTU1ZmVPcDVQbDZaaFVMOHktcnV3SndBRU84SnZUQXlsYlRQZWlKZ09sR1dDWEZlYkhuSDZXU00wTk4zVUhmbms5cGlMLU9fWkxBTV9Bb1I2SDVGUEpmeUhhQ0pnQVZYcmtPS3pzaTlIanZKMC1jNV9ZWEVMa3Rrdk5hTTB2MGtzWUpSbWZaT0x6ajIzVGkzajFB?oc=5\" target=\"_blank\" rel=\"nofollow noopener\">Imp\u00f4ts : bient\u00f4t la fin du paiement par ch\u00e8que ? La France veut fermer son dernier centre public de traitement des ch\u00e8ques en 2027<\/a>&nbsp;&nbsp;ladepeche.fr<\/li>\n<li><a href=\"https:\/\/news.google.com\/rss\/articles\/CBMiwwFBVV95cUxNYnV1NTdBd0lDZ0FoSjgxMUpHTXROMVFxb1JWdkdhU19rSHZXLUNBYUNYcXdmeGp5VVhyNGlPcFhtUUVxeDVpaWFfNWJLeGVpd3g0V1FJdEFfdzRzamYtT09tTWNIRV9tcGo3QXp6bThxSFdwSHdhbXpzb0Jzb21lTmc3djk3RDdMUUNJM3BjU2kwY0JuZThNMlBsdVZwbHVWYms4OVlzZWRhd2Y1VUpQbldlMEFpVk5vc3dabWpVYlhZQUE?oc=5\" target=\"_blank\" rel=\"nofollow noopener\">Amendes, imp\u00f4ts&#8230; Le Tr\u00e9sor public va-t-il bient\u00f4t refuser les paiements par ch\u00e8que ?<\/a>&nbsp;&nbsp;Le Figaro<\/li>\n<li><a href=\"https:\/\/news.google.com\/rss\/articles\/CBMiwwFBVV95cUxOV1dGMGcxZlVzdnhwUlV6dlRTVGFDR00yQnQ1OEV0WDNac20xU1hqZUlnZzg5Sm1OSGp2N3ZwdEYzelZMQUxIWGd6ckRybEhwejVxUm5SeVZXR2tQWEZUbl9DVFJVV25kWFNMSnJIVFJJaUowa1J5V3B3NVFzSnBNWk5lS3VMNzJUWGQxZnh1RjIwWm41MldOUzhkbmF3eXdqZkI4amRRRzJsYTU4NG4wM3pNVUwxaFRzWlNDY0JWVGZmOW8?oc=5\" target=\"_blank\" rel=\"nofollow noopener\">Paiement par ch\u00e8ques : le Tr\u00e9sor public pourrait les refuser d&rsquo;ici 2027<\/a>&nbsp;&nbsp;Portail Orange<\/li>\n<\/ol>\n","protected":false},"excerpt":{"rendered":"Argent : bient\u00f4t la fin des ch\u00e8ques ? L\u2019administration fiscale r\u00e9fl\u00e9chit \u00e0 l\u2019avenir de ce moyen de paiement&nbsp;&nbsp;Sud&hellip;\n","protected":false},"author":2,"featured_media":298912,"comment_status":"","ping_status":"","sticky":false,"template":"","format":"standard","meta":{"footnotes":""},"categories":[2821],"tags":[1111,11,829,1777,674,1011,27,12,584,25],"class_list":{"0":"post-298911","1":"post","2":"type-post","3":"status-publish","4":"format-standard","5":"has-post-thumbnail","7":"category-rennes","8":"tag-actu","9":"tag-actualites","10":"tag-bretagne","11":"tag-eu","12":"tag-europe","13":"tag-fr","14":"tag-france","15":"tag-news","16":"tag-rennes","17":"tag-republique-francaise"},"share_on_mastodon":{"url":"https:\/\/pubeurope.com\/@fr\/114978194887218457","error":""},"_links":{"self":[{"href":"https:\/\/www.europesays.com\/fr\/wp-json\/wp\/v2\/posts\/298911","targetHints":{"allow":["GET"]}}],"collection":[{"href":"https:\/\/www.europesays.com\/fr\/wp-json\/wp\/v2\/posts"}],"about":[{"href":"https:\/\/www.europesays.com\/fr\/wp-json\/wp\/v2\/types\/post"}],"author":[{"embeddable":true,"href":"https:\/\/www.europesays.com\/fr\/wp-json\/wp\/v2\/users\/2"}],"replies":[{"embeddable":true,"href":"https:\/\/www.europesays.com\/fr\/wp-json\/wp\/v2\/comments?post=298911"}],"version-history":[{"count":0,"href":"https:\/\/www.europesays.com\/fr\/wp-json\/wp\/v2\/posts\/298911\/revisions"}],"wp:featuredmedia":[{"embeddable":true,"href":"https:\/\/www.europesays.com\/fr\/wp-json\/wp\/v2\/media\/298912"}],"wp:attachment":[{"href":"https:\/\/www.europesays.com\/fr\/wp-json\/wp\/v2\/media?parent=298911"}],"wp:term":[{"taxonomy":"category","embeddable":true,"href":"https:\/\/www.europesays.com\/fr\/wp-json\/wp\/v2\/categories?post=298911"},{"taxonomy":"post_tag","embeddable":true,"href":"https:\/\/www.europesays.com\/fr\/wp-json\/wp\/v2\/tags?post=298911"}],"curies":[{"name":"wp","href":"https:\/\/api.w.org\/{rel}","templated":true}]}}