{"id":298913,"date":"2025-08-05T21:05:14","date_gmt":"2025-08-05T21:05:14","guid":{"rendered":"https:\/\/www.europesays.com\/fr\/298913\/"},"modified":"2025-08-05T21:05:14","modified_gmt":"2025-08-05T21:05:14","slug":"frankowski-un-renfort-dexperience-officiel","status":"publish","type":"post","link":"https:\/\/www.europesays.com\/fr\/298913\/","title":{"rendered":"Frankowski, un renfort d&rsquo;exp\u00e9rience (officiel)"},"content":{"rendered":"<p class=\"date\">\n                                                            Juba Touabi, Media365, publi\u00e9 le mardi 05 ao\u00fbt 2025 \u00e0 22h11\n                                                    <\/p>\n<p>Le Stade Rennais tient sa nouvelle recrue pour le couloir droit.<\/p>\n<p>Le club breton a officialis\u00e9, ce mardi 5 ao\u00fbt, l&rsquo;arriv\u00e9e de Przemys\u0142aw Frankowski en provenance de Galatasaray. Le lat\u00e9ral polonais rejoint la formation rennaise sous la forme d&rsquo;un pr\u00eat d&rsquo;un an, avec une possibilit\u00e9 de prolongation et une obligation d&rsquo;achat fix\u00e9e \u00e0 2027. Montant total estim\u00e9 de l&rsquo;op\u00e9ration : plus de 10 millions d&rsquo;euros, bonus compris.<\/p>\n<p>Un visage bien connu de la Ligue 1<\/p>\n<p>\u00c0 30 ans, Przemys\u0142aw Frankowski n&rsquo;est pas un novice sur les pelouses fran\u00e7aises. L&rsquo;ancien joueur du RC Lens, o\u00f9 il a disput\u00e9 141 matchs entre 2021 et 2025, revient en Ligue 1 fort d&rsquo;une solide exp\u00e9rience. International \u00e0 50 reprises avec la Pologne, il est r\u00e9put\u00e9 pour sa polyvalence, sa discipline tactique et son activit\u00e9 sur le flanc droit. Il vient remplacer num\u00e9riquement Lorenz Assignon.<\/p>\n<p>Arriv\u00e9 sur le banc rennais cet \u00e9t\u00e9, Habib Beye a fait de la solidit\u00e9 d\u00e9fensive l&rsquo;un des axes prioritaires de son projet. Dans cette optique, le profil complet et exp\u00e9riment\u00e9 de Przemys\u0142aw Frankowski a s\u00e9duit la direction sportive. Ayant effectu\u00e9 l&rsquo;int\u00e9gralit\u00e9 de la pr\u00e9paration estivale avec Galatasaray, le joueur va rapidement int\u00e9grer le groupe rennais. Il portera le num\u00e9ro 95 cette saison et devient la troisi\u00e8me recrue majeure du recrutement du SRFC, apr\u00e8s les arriv\u00e9es de Quentin Merlin et Valentin Rongier.<\/p>\n","protected":false},"excerpt":{"rendered":"Juba Touabi, Media365, publi\u00e9 le mardi 05 ao\u00fbt 2025 \u00e0 22h11 Le Stade Rennais tient sa nouvelle recrue&hellip;\n","protected":false},"author":2,"featured_media":298914,"comment_status":"","ping_status":"","sticky":false,"template":"","format":"standard","meta":{"footnotes":""},"categories":[2821],"tags":[1111,11,829,1777,674,1011,27,12,584,25],"class_list":{"0":"post-298913","1":"post","2":"type-post","3":"status-publish","4":"format-standard","5":"has-post-thumbnail","7":"category-rennes","8":"tag-actu","9":"tag-actualites","10":"tag-bretagne","11":"tag-eu","12":"tag-europe","13":"tag-fr","14":"tag-france","15":"tag-news","16":"tag-rennes","17":"tag-republique-francaise"},"share_on_mastodon":{"url":"https:\/\/pubeurope.com\/@fr\/114978194936621996","error":""},"_links":{"self":[{"href":"https:\/\/www.europesays.com\/fr\/wp-json\/wp\/v2\/posts\/298913","targetHints":{"allow":["GET"]}}],"collection":[{"href":"https:\/\/www.europesays.com\/fr\/wp-json\/wp\/v2\/posts"}],"about":[{"href":"https:\/\/www.europesays.com\/fr\/wp-json\/wp\/v2\/types\/post"}],"author":[{"embeddable":true,"href":"https:\/\/www.europesays.com\/fr\/wp-json\/wp\/v2\/users\/2"}],"replies":[{"embeddable":true,"href":"https:\/\/www.europesays.com\/fr\/wp-json\/wp\/v2\/comments?post=298913"}],"version-history":[{"count":0,"href":"https:\/\/www.europesays.com\/fr\/wp-json\/wp\/v2\/posts\/298913\/revisions"}],"wp:featuredmedia":[{"embeddable":true,"href":"https:\/\/www.europesays.com\/fr\/wp-json\/wp\/v2\/media\/298914"}],"wp:attachment":[{"href":"https:\/\/www.europesays.com\/fr\/wp-json\/wp\/v2\/media?parent=298913"}],"wp:term":[{"taxonomy":"category","embeddable":true,"href":"https:\/\/www.europesays.com\/fr\/wp-json\/wp\/v2\/categories?post=298913"},{"taxonomy":"post_tag","embeddable":true,"href":"https:\/\/www.europesays.com\/fr\/wp-json\/wp\/v2\/tags?post=298913"}],"curies":[{"name":"wp","href":"https:\/\/api.w.org\/{rel}","templated":true}]}}