{"id":298915,"date":"2025-08-05T21:07:12","date_gmt":"2025-08-05T21:07:12","guid":{"rendered":"https:\/\/www.europesays.com\/fr\/298915\/"},"modified":"2025-08-05T21:07:12","modified_gmt":"2025-08-05T21:07:12","slug":"du-positif-malgre-la-defaite-pour-le-strasbourg-ath","status":"publish","type":"post","link":"https:\/\/www.europesays.com\/fr\/298915\/","title":{"rendered":"du positif malgr\u00e9 la d\u00e9faite pour le Strasbourg ATH"},"content":{"rendered":"<p>Il est toujours compliqu\u00e9 de tirer des enseignements d\u2019une premi\u00e8re rencontre d\u2019avant-saison, a fortiori lorsqu\u2019il s\u2019agit surtout d\u2019une revue d\u2019effectif. Le Strasbourg ATH a su montrer de belles choses par moments, mais les Allemandes, plus avanc\u00e9es dans leur pr\u00e9paration, ont mieux termin\u00e9 le match, ce qui leur a permis d\u2019empocher une victoire qui rel\u00e8ve purement de l\u2019anecdote.<\/p>\n<p>La petite histoire de cette saison retiendra que c\u2019est Louise Cusset, l\u2019une des six recrues estivales, qui a inscrit le premier but du cru 2025-2026 apr\u00e8s 3\u201930 de jeu.<\/p>\n<p>Les bons passages des \u201cPiraths\u201d<\/p>\n<p>Les Allemandes se montrent plus incisives en&#8230;<\/p>\n","protected":false},"excerpt":{"rendered":"Il est toujours compliqu\u00e9 de tirer des enseignements d\u2019une premi\u00e8re rencontre d\u2019avant-saison, a fortiori lorsqu\u2019il s\u2019agit surtout d\u2019une&hellip;\n","protected":false},"author":2,"featured_media":298916,"comment_status":"","ping_status":"","sticky":false,"template":"","format":"standard","meta":{"footnotes":""},"categories":[2820],"tags":[1111,11,2389,2649,2880,1777,674,107,1701,1011,27,329,775,1792,12,25,7770,517,640,12904,18463],"class_list":{"0":"post-298915","1":"post","2":"type-post","3":"status-publish","4":"format-standard","5":"has-post-thumbnail","7":"category-strasbourg","8":"tag-actu","9":"tag-actualites","10":"tag-alsace","11":"tag-bas-rhin","12":"tag-edition-strasbourg","13":"tag-eu","14":"tag-europe","15":"tag-fil-info","16":"tag-fil-info-sport","17":"tag-fr","18":"tag-france","19":"tag-france-monde","20":"tag-grand-est","21":"tag-handball","22":"tag-news","23":"tag-republique-francaise","24":"tag-secteur-de-truchtersheim","25":"tag-sport","26":"tag-strasbourg","27":"tag-strasbourg-ath","28":"tag-truchtersheim"},"share_on_mastodon":{"url":"https:\/\/pubeurope.com\/@fr\/114978202782289230","error":""},"_links":{"self":[{"href":"https:\/\/www.europesays.com\/fr\/wp-json\/wp\/v2\/posts\/298915","targetHints":{"allow":["GET"]}}],"collection":[{"href":"https:\/\/www.europesays.com\/fr\/wp-json\/wp\/v2\/posts"}],"about":[{"href":"https:\/\/www.europesays.com\/fr\/wp-json\/wp\/v2\/types\/post"}],"author":[{"embeddable":true,"href":"https:\/\/www.europesays.com\/fr\/wp-json\/wp\/v2\/users\/2"}],"replies":[{"embeddable":true,"href":"https:\/\/www.europesays.com\/fr\/wp-json\/wp\/v2\/comments?post=298915"}],"version-history":[{"count":0,"href":"https:\/\/www.europesays.com\/fr\/wp-json\/wp\/v2\/posts\/298915\/revisions"}],"wp:featuredmedia":[{"embeddable":true,"href":"https:\/\/www.europesays.com\/fr\/wp-json\/wp\/v2\/media\/298916"}],"wp:attachment":[{"href":"https:\/\/www.europesays.com\/fr\/wp-json\/wp\/v2\/media?parent=298915"}],"wp:term":[{"taxonomy":"category","embeddable":true,"href":"https:\/\/www.europesays.com\/fr\/wp-json\/wp\/v2\/categories?post=298915"},{"taxonomy":"post_tag","embeddable":true,"href":"https:\/\/www.europesays.com\/fr\/wp-json\/wp\/v2\/tags?post=298915"}],"curies":[{"name":"wp","href":"https:\/\/api.w.org\/{rel}","templated":true}]}}