{"id":298923,"date":"2025-08-05T21:11:20","date_gmt":"2025-08-05T21:11:20","guid":{"rendered":"https:\/\/www.europesays.com\/fr\/298923\/"},"modified":"2025-08-05T21:11:20","modified_gmt":"2025-08-05T21:11:20","slug":"ligue-1-larbitre-de-nantes-psg-designe","status":"publish","type":"post","link":"https:\/\/www.europesays.com\/fr\/298923\/","title":{"rendered":"Ligue 1 &#8211; L&rsquo;arbitre de Nantes \/ PSG d\u00e9sign\u00e9"},"content":{"rendered":"<p><img width=\"600\" height=\"338\" src=\"https:\/\/www.europesays.com\/fr\/wp-content\/uploads\/2025\/05\/goal_benoit-bastien-ligue-1_9cy72tvbbimi15bcqfgphdrrr.jpg\" class=\"attachment-jannah-image-post size-jannah-image-post wp-post-image\" alt=\"Benoit Bastien\" is_main_img=\"1\" decoding=\"async\" fetchpriority=\"high\"  \/><\/p>\n<p>Pour son retour en Ligue 1 le 17 ao\u00fbt prochain, le PSG se<br \/>\nd\u00e9placera sur la pelouse du FC Nantes, en conclusion de la 1\u00e8re<br \/>\njourn\u00e9e de championnat.<\/p>\n<p>La reprise approche \u00e0 grand pas pour les champions d\u2019Europe.<br \/>\nApr\u00e8s trois semaines de vacances, les joueurs du<br \/>\n<strong>PSG<\/strong> retrouveront le chemin de l\u2019entra\u00eenement ce<br \/>\nmercredi matin et devront rapidement se mettre au travail. D\u00e8s le<br \/>\n13 ao\u00fbt, les Rouge &amp; Bleu auront un troph\u00e9e \u00e0 disputer face \u00e0<br \/>\n<strong><a href=\"https:\/\/canal-supporters.com\/a-neuf-jours-daffronter-le-psg-tottenham-officialise-une-recrue\/\" title=\"\" target=\"_blank\" rel=\"noopener\">Tottenham<\/a><\/strong> dans le cadre de la<br \/>\n<strong>Supercoupe d\u2019Europe<\/strong>. Puis, quelques jours plus<br \/>\ntard, les Parisiens d\u00e9buteront leur saison 2025-2026 de<br \/>\n<strong>Ligue 1<\/strong>.<\/p>\n<p>Beno\u00eet Bastien<br \/>\nau sifflet<\/p>\n<p>\u00c0 cette occasion, les champions de France se d\u00e9placeront sur la<br \/>\npelouse du <strong>FC Nantes<\/strong> le dimanche 17 ao\u00fbt \u00e0 20h45<br \/>\n(<a href=\"https:\/\/canal-supporters.com\/officiel-ligue-1-les-informations-et-details-de-la-nouvelle-chaine-de-la-lfp\/\" title=\"\" target=\"_blank\" rel=\"noopener\"><strong>Ligue 1+<\/strong><\/a>). Et \u00e0 quelques jours<br \/>\nde la reprise du championnat, la <strong>Ligue<\/strong> a d\u00e9voil\u00e9<br \/>\nles arbitres de cette <strong><a href=\"https:\/\/ligue1.com\/fr\/articles\/l1_article_2961-les-arbitres-de-la-1ere-journee-de-ligue-1-mc-donald-s-2526\" target=\"_blank\" rel=\"noopener\" title=\"\">1\u00e8re journ\u00e9e<\/a><\/strong>.<br \/>\nLe match entre le <strong>FC Nantes<\/strong> et le<br \/>\n<strong>PSG<\/strong> sera dirig\u00e9 par <strong>Beno\u00eet<br \/>\nBastien<\/strong>. Il sera assist\u00e9 par <strong>Hicham<br \/>\nZakrani<\/strong> et <strong>Aur\u00e9lien Berthomieu<\/strong>.<br \/>\n<strong>J\u00e9r\u00e9my Stinat<\/strong> sera le quatri\u00e8me arbitre. Enfin,<br \/>\n<strong>Eric Wattellier<\/strong> et <strong>Julien Schmitt<\/strong><br \/>\nofficieront \u00e0 la VAR.<\/p>\n<p>La saison pass\u00e9e, <strong>Beno\u00eet Bastien<\/strong> avait arbitr\u00e9<br \/>\n\u00e0 quatre reprises le <strong>PSG<\/strong> pour quatre victoires :<br \/>\ncontre le <strong>LOSC<\/strong> (1-3), <strong>l\u2019Olympique<br \/>\nLyonnais<\/strong> (3-1) et le <strong>Stade Brestois<\/strong> (2-5)<br \/>\nen <strong>Ligue 1<\/strong> ainsi que la finale de <strong>Coupe de<br \/>\nFrance<\/strong> remport\u00e9e face au <strong>Stade de Reims<\/strong><br \/>\n(3-0).<\/p>\n<\/p>\n<p>Youtube :<br \/>\n<strong><a href=\"https:\/\/www.youtube.com\/@CanalSupportersParis\" target=\"_blank\" rel=\"noopener\" title=\"\">Canal Supporters<br \/>\nParis<\/a><\/strong><\/p>\n","protected":false},"excerpt":{"rendered":"Pour son retour en Ligue 1 le 17 ao\u00fbt prochain, le PSG se d\u00e9placera sur la pelouse du&hellip;\n","protected":false},"author":2,"featured_media":97950,"comment_status":"","ping_status":"","sticky":false,"template":"","format":"standard","meta":{"footnotes":""},"categories":[2818],"tags":[43892,1111,11,7699,21182,81,787,1777,674,12798,1011,27,66,766,12800,12,91,92,2636,93,25],"class_list":{"0":"post-298923","1":"post","2":"type-post","3":"status-publish","4":"format-standard","5":"has-post-thumbnail","7":"category-nantes","8":"tag-1ere-journee-ligue-1","9":"tag-actu","10":"tag-actualites","11":"tag-arbitre","12":"tag-benoit-bastien","13":"tag-canal-supporters","14":"tag-cs","15":"tag-eu","16":"tag-europe","17":"tag-fcn-psg","18":"tag-fr","19":"tag-france","20":"tag-ligue-1","21":"tag-nantes","22":"tag-nantes-psg","23":"tag-news","24":"tag-paris-saint-germain","25":"tag-paris-sg","26":"tag-pays-de-la-loire","27":"tag-psg","28":"tag-republique-francaise"},"share_on_mastodon":{"url":"https:\/\/pubeurope.com\/@fr\/114978218639121466","error":""},"_links":{"self":[{"href":"https:\/\/www.europesays.com\/fr\/wp-json\/wp\/v2\/posts\/298923","targetHints":{"allow":["GET"]}}],"collection":[{"href":"https:\/\/www.europesays.com\/fr\/wp-json\/wp\/v2\/posts"}],"about":[{"href":"https:\/\/www.europesays.com\/fr\/wp-json\/wp\/v2\/types\/post"}],"author":[{"embeddable":true,"href":"https:\/\/www.europesays.com\/fr\/wp-json\/wp\/v2\/users\/2"}],"replies":[{"embeddable":true,"href":"https:\/\/www.europesays.com\/fr\/wp-json\/wp\/v2\/comments?post=298923"}],"version-history":[{"count":0,"href":"https:\/\/www.europesays.com\/fr\/wp-json\/wp\/v2\/posts\/298923\/revisions"}],"wp:featuredmedia":[{"embeddable":true,"href":"https:\/\/www.europesays.com\/fr\/wp-json\/wp\/v2\/media\/97950"}],"wp:attachment":[{"href":"https:\/\/www.europesays.com\/fr\/wp-json\/wp\/v2\/media?parent=298923"}],"wp:term":[{"taxonomy":"category","embeddable":true,"href":"https:\/\/www.europesays.com\/fr\/wp-json\/wp\/v2\/categories?post=298923"},{"taxonomy":"post_tag","embeddable":true,"href":"https:\/\/www.europesays.com\/fr\/wp-json\/wp\/v2\/tags?post=298923"}],"curies":[{"name":"wp","href":"https:\/\/api.w.org\/{rel}","templated":true}]}}