{"id":298941,"date":"2025-08-05T21:24:12","date_gmt":"2025-08-05T21:24:12","guid":{"rendered":"https:\/\/www.europesays.com\/fr\/298941\/"},"modified":"2025-08-05T21:24:12","modified_gmt":"2025-08-05T21:24:12","slug":"a-paris-une-nouvelle-action-menee-pour-les-exiles-a-la-rue-liberation","status":"publish","type":"post","link":"https:\/\/www.europesays.com\/fr\/298941\/","title":{"rendered":"\u00e0 Paris, une nouvelle action men\u00e9e pour les exil\u00e9s \u00e0 la rue \u2013 Lib\u00e9ration"},"content":{"rendered":"<p class=\"sc-ksZaOG ehjQrN text-element\">Il est 19 h 40 ce mardi 5 ao\u00fbt quand un groupe d\u2019adultes et d\u2019enfants se faufilent entre les arbres de la place de l\u2019h\u00f4tel de ville, dans le IVe arrondissement de Paris. Progressivement, ils sont plus de 200 personnes, dont 80 enfants, \u00e0 s\u2019asseoir devant les grilles de la mairie, accompagn\u00e9s par des membres de l\u2019association de d\u00e9fense des personnes exil\u00e9es Utopia 56, de l\u2019ONG M\u00e9decins du monde, et suivis par plusieurs m\u00e9dias qui couvrent leur action.<\/p>\n<p class=\"sc-ksZaOG ehjQrN text-element\">\u00abLes enfants, dans la rue ! Les b\u00e9b\u00e9s, dans la rue !\u00bb s\u2019\u00e9gosille S\u00e9dib\u00e9 Rouguiatou. Cela fait cinq mois qu\u2019elle et son mari ont quitt\u00e9 la Guin\u00e9e pour venir vivre en France, en passant notamment par la Tunisie et l\u2019Italie. Bien qu\u2019elle ait accouch\u00e9 d\u2019un petit gar\u00e7on au mois de juin, le num\u00e9ro d\u2019urgence social, le 115, ne parvient pas \u00e0 leur fournir un h\u00e9bergement toutes les nuits. \u00abNotre survie d\u00e9pend uniquement des associations. S\u2019il faut dormir ici ce soir, et m\u00eame demain, nous sommes pr\u00eats. Nous faisons \u00e7a pour nos enfants.\u00bb<\/p>\n<p class=\"sc-ksZaOG ehjQrN text-element\">La plupart des familles sont sans papiers. Certaines sont en cours d\u2019obtention d\u2019un titre de s\u00e9jour, d\u2019autres ont \u00e9t\u00e9 d\u00e9bout\u00e9es. Mais toutes sont \u00e0 la rue et n\u2019ont aucune solution d\u2019h\u00e9bergement. Elles r\u00e9clament \u00e0 la mairie de Paris et au pr\u00e9fet de la r\u00e9gion Ile-de-France d\u2019ouvrir des places dans les gymnases, \u00e9coles ou locaux vides de la capitale. Une heure apr\u00e8s le d\u00e9but de l\u2019action, la police a autoris\u00e9 les b\u00e9n\u00e9voles \u00e0 leur apporter des stocks de nourriture, eau, couvertures et duvets pour pa<\/p>\n","protected":false},"excerpt":{"rendered":"Il est 19 h 40 ce mardi 5 ao\u00fbt quand un groupe d\u2019adultes et d\u2019enfants se faufilent entre&hellip;\n","protected":false},"author":2,"featured_media":298942,"comment_status":"","ping_status":"","sticky":false,"template":"","format":"standard","meta":{"footnotes":""},"categories":[1888],"tags":[1111,1928,11,1927,1777,674,1011,27,662,1061,12,1926,626,1925,10181,25],"class_list":{"0":"post-298941","1":"post","2":"type-post","3":"status-publish","4":"format-standard","5":"has-post-thumbnail","7":"category-paris","8":"tag-actu","9":"tag-actu-paris","10":"tag-actualites","11":"tag-actualites-paris","12":"tag-eu","13":"tag-europe","14":"tag-fr","15":"tag-france","16":"tag-ile-de-france","17":"tag-immigration","18":"tag-news","19":"tag-news-paris","20":"tag-paris","21":"tag-paris-news","22":"tag-precarite","23":"tag-republique-francaise"},"share_on_mastodon":{"url":"https:\/\/pubeurope.com\/@fr\/114978269712873653","error":""},"_links":{"self":[{"href":"https:\/\/www.europesays.com\/fr\/wp-json\/wp\/v2\/posts\/298941","targetHints":{"allow":["GET"]}}],"collection":[{"href":"https:\/\/www.europesays.com\/fr\/wp-json\/wp\/v2\/posts"}],"about":[{"href":"https:\/\/www.europesays.com\/fr\/wp-json\/wp\/v2\/types\/post"}],"author":[{"embeddable":true,"href":"https:\/\/www.europesays.com\/fr\/wp-json\/wp\/v2\/users\/2"}],"replies":[{"embeddable":true,"href":"https:\/\/www.europesays.com\/fr\/wp-json\/wp\/v2\/comments?post=298941"}],"version-history":[{"count":0,"href":"https:\/\/www.europesays.com\/fr\/wp-json\/wp\/v2\/posts\/298941\/revisions"}],"wp:featuredmedia":[{"embeddable":true,"href":"https:\/\/www.europesays.com\/fr\/wp-json\/wp\/v2\/media\/298942"}],"wp:attachment":[{"href":"https:\/\/www.europesays.com\/fr\/wp-json\/wp\/v2\/media?parent=298941"}],"wp:term":[{"taxonomy":"category","embeddable":true,"href":"https:\/\/www.europesays.com\/fr\/wp-json\/wp\/v2\/categories?post=298941"},{"taxonomy":"post_tag","embeddable":true,"href":"https:\/\/www.europesays.com\/fr\/wp-json\/wp\/v2\/tags?post=298941"}],"curies":[{"name":"wp","href":"https:\/\/api.w.org\/{rel}","templated":true}]}}