{"id":298943,"date":"2025-08-05T21:25:29","date_gmt":"2025-08-05T21:25:29","guid":{"rendered":"https:\/\/www.europesays.com\/fr\/298943\/"},"modified":"2025-08-05T21:25:29","modified_gmt":"2025-08-05T21:25:29","slug":"quand-le-psg-tentait-de-recruter-ademola-lookman","status":"publish","type":"post","link":"https:\/\/www.europesays.com\/fr\/298943\/","title":{"rendered":"quand le PSG tentait de recruter Ademola Lookman"},"content":{"rendered":"<p>Le pr\u00e9sident de l\u2019Atalanta assure que les Rouge et Bleu ont tent\u00e9 de recruter l\u2019attaquant international nig\u00e9rian en 2024.<\/p>\n<p class=\"fig-paragraph\">Ademola Lookman au\u00a0<a href=\"https:\/\/www.lefigaro.fr\/sports\/football\/equipes\/paris-sg\/calendrier-resultats\" target=\"_blank\" rel=\"sponsored noopener nofollow\" data-gtm-custom-categorie=\"navigation\" data-gtm-custom-action=\"crossclick\" data-gtm-custom-label=\"Contextuel\" data-gtm-event=\"customEventSPE\">PSG<\/a>\u00a0? Ce n\u2019est pas d\u2019actualit\u00e9. L\u2019attaquant nig\u00e9rian de l\u2019Atalanta \u00e9tait en revanche dans le viseur du club de la capitale l\u2019an dernier. Pr\u00e9sident du club de Bergame, Luca Percassi s\u2019en est expliqu\u00e9 ce lundi, en conf\u00e9rence de presse. \u00abL\u2019ann\u00e9e derni\u00e8re, face \u00e0 une offre de 20 M\u20ac du PSG, Ademola nous a demand\u00e9 de le vendre. L\u2019Atalanta avait promis de le vendre \u00e0 deux conditions\u00a0: qu\u2019il rejoigne un grand club europ\u00e9en et qu\u2019il ne soit jamais vu en Italie sous un autre maillot que celui de l\u2019Atalanta\u00bb. Et de poursuivre\u00a0: \u00abAujourd\u2019hui, la situation est tr\u00e8s diff\u00e9rente, et quoi qu\u2019il en soit, le club est toujours attentif au moment et \u00e0 la valeur des d\u00e9parts de ses joueurs.\u00bb<\/p>\n<p class=\"fig-paragraph\">En l\u2019occurrence, le buteur de 27 ans est ardemment courtis\u00e9 par l\u2019Inter Milan, comme l\u2019ont rapport\u00e9 diverses sources ces derni\u00e8res semaines. La situation est plus que tendue, l\u2019int\u00e9ress\u00e9 ayant d\u00e9cid\u00e9 d\u2019aller au bras de fer avec sa direction. Il a m\u00eame refus\u00e9 de se pr\u00e9senter au centre d\u2019entra\u00eenement ce lundi. \u00abJ\u2019ai aim\u00e9 chaque moment, mais j\u2019ai maintenant le sentiment qu\u2019apr\u00e8s trois merveilleuses ann\u00e9es \u00e0 Bergame, c\u2019est le moment de partir et de vivre de nouvelles aventures\u00bb,\u00a0<a href=\"http:\/\/www.lefigaro.fr\/sports\/football\/transferts\/mercato-le-moment-est-venu-de-passer-a-autre-chose-lance-lookman-qui-veut-quitter-l-atalanta-20250803\" data-fig-type=\"NewsFlash\" data-gtm-custom-categorie=\"navigation\" data-gtm-custom-action=\"crossclick\" data-gtm-custom-label=\"Contextuel\" data-gtm-event=\"customEventSPE\" data-fig-domain=\"LEFIGARO\" rel=\"nofollow noopener\" target=\"_blank\">a indiqu\u00e9 l\u2019international nig\u00e9rian<\/a>\u00a0(29 s\u00e9lections, 8 buts), sous contrat jusqu\u2019en 2027 et auteur de 20 buts et sept passes d\u00e9cisives la saison derni\u00e8re, toutes comp\u00e9titions confondues. Une chose est s\u00fbre\u00a0: pour 20 M\u20ac, le Paris Saint-Germain aurait fait une tr\u00e8s belle affaire\u00a0: Ademola Lookman est en effet \u00e9valu\u00e9 \u00e0 60 M\u20ac par le site Transfermakt&#8230;<\/p>\n","protected":false},"excerpt":{"rendered":"Le pr\u00e9sident de l\u2019Atalanta assure que les Rouge et Bleu ont tent\u00e9 de recruter l\u2019attaquant international nig\u00e9rian en&hellip;\n","protected":false},"author":2,"featured_media":298944,"comment_status":"","ping_status":"","sticky":false,"template":"","format":"standard","meta":{"footnotes":""},"categories":[1888],"tags":[1111,1928,11,1927,1777,674,1011,27,12,1926,626,1925,93,25],"class_list":{"0":"post-298943","1":"post","2":"type-post","3":"status-publish","4":"format-standard","5":"has-post-thumbnail","7":"category-paris","8":"tag-actu","9":"tag-actu-paris","10":"tag-actualites","11":"tag-actualites-paris","12":"tag-eu","13":"tag-europe","14":"tag-fr","15":"tag-france","16":"tag-news","17":"tag-news-paris","18":"tag-paris","19":"tag-paris-news","20":"tag-psg","21":"tag-republique-francaise"},"share_on_mastodon":{"url":"https:\/\/pubeurope.com\/@fr\/114978273711206273","error":""},"_links":{"self":[{"href":"https:\/\/www.europesays.com\/fr\/wp-json\/wp\/v2\/posts\/298943","targetHints":{"allow":["GET"]}}],"collection":[{"href":"https:\/\/www.europesays.com\/fr\/wp-json\/wp\/v2\/posts"}],"about":[{"href":"https:\/\/www.europesays.com\/fr\/wp-json\/wp\/v2\/types\/post"}],"author":[{"embeddable":true,"href":"https:\/\/www.europesays.com\/fr\/wp-json\/wp\/v2\/users\/2"}],"replies":[{"embeddable":true,"href":"https:\/\/www.europesays.com\/fr\/wp-json\/wp\/v2\/comments?post=298943"}],"version-history":[{"count":0,"href":"https:\/\/www.europesays.com\/fr\/wp-json\/wp\/v2\/posts\/298943\/revisions"}],"wp:featuredmedia":[{"embeddable":true,"href":"https:\/\/www.europesays.com\/fr\/wp-json\/wp\/v2\/media\/298944"}],"wp:attachment":[{"href":"https:\/\/www.europesays.com\/fr\/wp-json\/wp\/v2\/media?parent=298943"}],"wp:term":[{"taxonomy":"category","embeddable":true,"href":"https:\/\/www.europesays.com\/fr\/wp-json\/wp\/v2\/categories?post=298943"},{"taxonomy":"post_tag","embeddable":true,"href":"https:\/\/www.europesays.com\/fr\/wp-json\/wp\/v2\/tags?post=298943"}],"curies":[{"name":"wp","href":"https:\/\/api.w.org\/{rel}","templated":true}]}}