{"id":29895,"date":"2025-04-16T20:13:09","date_gmt":"2025-04-16T20:13:09","guid":{"rendered":"https:\/\/www.europesays.com\/fr\/29895\/"},"modified":"2025-04-16T20:13:09","modified_gmt":"2025-04-16T20:13:09","slug":"attaques-coordonnees-de-prisons-tolerance-zero-pour-les-coupables-assene-eric-ciotti-en-visite-a-la-maison-darret-de-nice","status":"publish","type":"post","link":"https:\/\/www.europesays.com\/fr\/29895\/","title":{"rendered":"Attaques coordonn\u00e9es de prisons: \u00ab\u00a0Tol\u00e9rance z\u00e9ro pour les coupables\u00a0\u00bb, ass\u00e8ne \u00c9ric Ciotti en visite \u00e0 la maison d\u2019arr\u00eat de Nice"},"content":{"rendered":"<p>Incendies de v\u00e9hicules, tags, porte cibl\u00e9e par des tirs d\u2019armes de type kalachnikov comme \u00e0 Toulon\u2026 Les d\u00e9tenus de la maison d\u2019arr\u00eat de Nice ont entendu parler des attaques coordonn\u00e9es qui ont frapp\u00e9 des \u00e9tablissements p\u00e9nitentiaires.<\/p>\n<p>Mais, \u00ab\u00a0bizarrement\u00a0\u00bb, grimace un surveillant ni\u00e7ois en r\u00e9ponse \u00e0 \u00c9ric Ciotti, \u00ab\u00a0on en entend par parler au sein de la population p\u00e9nale, il n\u2019y a pas eu de r\u00e9percussion \u00e0 l\u2019int\u00e9rieur\u00a0\u00bb.<\/p>\n<p>Le d\u00e9put\u00e9 UDR de la 1re circonscription des Alpes-Maritimes \u00e9tait \u00e0 la maison d\u2019arr\u00eat de Nice, mercredi apr\u00e8s-midi, pour apporter \u00ab\u00a0son soutien plein et entier aux agents\u00a0\u00bb. Mais aussi pour d\u00e9livrer un message de fermet\u00e9. <\/p>\n<p>\u00ab\u00a0Ceux qui s\u2019en prennent \u00e0 nos prisons s\u2019en prennent \u00e0 la R\u00e9publique, \u00e0 l\u2019ordre, \u00e0 la justice\u00a0\u00bb, bombarde-t-il. Il faut davantage de s\u00e9curit\u00e9 dans et autour des prisons, du mat\u00e9riel et des \u00e9quipements adapt\u00e9s, selon lui.<\/p>\n<p>Et, surtout, \u00ab\u00a0la tol\u00e9rance z\u00e9ro pour les coupables\u00a0\u00bb, ou encore \u00ab\u00a0des peines des peines planchers pour les agresseurs\u00a0\u00bb de surveillants p\u00e9nitentiaires.<\/p>\n<p><strong>Surpopulation \u00e0 205%<\/strong><\/p>\n<p>La maison d\u2019arr\u00eat ni\u00e7oise n\u2019a pas \u00e9t\u00e9 touch\u00e9e par les attaques pour lesquelles le parquet antiterroriste s\u2019est saisi.<\/p>\n<p>\u00ab\u00a0Mais le risque z\u00e9ro n\u2019existe pas, et bien s\u00fbr cela nous concerne aussi. On pense \u00e0 nos familles, ce n\u2019est pas anodin\u00a0\u00bb, r\u00e9torque une surveillante.<\/p>\n<p>D\u2019autant que la situation est \u00ab\u00a0tendue, tendue, tendue, il y a beaucoup de bagarres\u00a0\u00bb, grogne un agent. \u00ab\u00a0La d\u00e9tention est relativement calme \u00e9tant donn\u00e9 la situation, \u00e7a pourrait \u00eatre bien pire\u00a0\u00bb, temporise, de son c\u00f4t\u00e9, la direction.<\/p>\n<p>Bien pire en raison de la surpopulation carc\u00e9rale qui explose \u00e0 Nice. Elle atteint les 205%. \u00ab\u00a0Il y a plus de 600 d\u00e9tenus homme pour 270 places et 47 femmes pour 40 places\u00a0\u00bb, souffle \u00c9ric Ciotti.<\/p>\n<p>Cela faisait de tr\u00e8s nombreuses ann\u00e9es que le \u00ab\u00a0quartier femmes\u00a0\u00bb n\u2019avait plus d\u00e9bord\u00e9. \u00ab\u00a040% des d\u00e9tenus sont des \u00e9trangers\u00a0\u00bb, s\u2019est renseign\u00e9 le d\u00e9put\u00e9 aupr\u00e8s de la direction de l\u2019\u00e9tablissement ni\u00e7ois.<\/p>\n<p>\u00ab\u00a0Et la moiti\u00e9 de ces 40% sont sous OQTF [obligation de quitter le territoire fran\u00e7ais, NDLR]\u00a0\u00bb, ajoute-t-il.<\/p>\n<p>Un surpeuplement des cellules auquel s\u2019ajoute un manque d\u2019effectifs. 20 postes de surveillants ne sont pas pourvus. \u00ab\u00a0Cela laisse peu de marge de man\u0153uvre en cas de probl\u00e8me\u00a0\u00bb\u2026<\/p>\n<p><strong>Les projections, un fl\u00e9au \u00e0 Nice<\/strong><\/p>\n<p>\u00ab\u00a0Il nous faut davantage de capacit\u00e9 carc\u00e9rale\u00a0\u00bb, plaide \u00c9ric Ciotti. Un leitmotiv.<\/p>\n<p>\u00ab\u00a0C\u2019est un sujet majeur \u00e0 Nice. Il faut un \u00e9tablissement pour peine et r\u00e9nover la maison d\u2019arr\u00eat. Il n\u2019y a pas de prison pour les mineurs, et le centre de r\u00e9tention administrative n\u2019a que 40 places\u00a0\u00bb, d\u00e9taille-t-il, apr\u00e8s s\u2019\u00eatre entretenu avec de nombreux surveillants.<\/p>\n<p>Les projections restent un probl\u00e8me crucial en termes de s\u00e9curit\u00e9 \u00e0 Nice. La maison d\u2019arr\u00eat est entour\u00e9e d\u2019immeubles.<\/p>\n<p>\u00ab\u00a0Ils jettent les colis des r\u00e9sidences au-dessus, ils atterrissent sur le stade. Et les d\u00e9tenus tentent de les r\u00e9cup\u00e9rer avec des cannes \u00e0 p\u00eache qu\u2019ils ont fabriqu\u00e9es\u00a0\u00bb, explique un agent. Des dizaines de kg de colis par nuit.<\/p>\n<p>\u00ab\u00a0La direction me disait que c\u2019\u00e9tait essentiellement des t\u00e9l\u00e9phones et du cannabis. Mais que depuis quelque temps il y avait des couteaux en c\u00e9ramique. Il manque les filets de anti-projections\u00a0\u00bb, r\u00e9v\u00e8le \u00c9ric Ciotti.<\/p>\n","protected":false},"excerpt":{"rendered":"Incendies de v\u00e9hicules, tags, porte cibl\u00e9e par des tirs d\u2019armes de type kalachnikov comme \u00e0 Toulon\u2026 Les d\u00e9tenus&hellip;\n","protected":false},"author":2,"featured_media":29896,"comment_status":"","ping_status":"","sticky":false,"template":"","format":"standard","meta":{"footnotes":""},"categories":[2819],"tags":[1111,11,1777,674,1011,27,12,2401,882,25,656],"class_list":{"0":"post-29895","1":"post","2":"type-post","3":"status-publish","4":"format-standard","5":"has-post-thumbnail","7":"category-nice","8":"tag-actu","9":"tag-actualites","10":"tag-eu","11":"tag-europe","12":"tag-fr","13":"tag-france","14":"tag-news","15":"tag-nice","16":"tag-provence-alpes-cote-dazur","17":"tag-republique-francaise","18":"tag-securite"},"share_on_mastodon":{"url":"https:\/\/pubeurope.com\/@fr\/114349474004553127","error":""},"_links":{"self":[{"href":"https:\/\/www.europesays.com\/fr\/wp-json\/wp\/v2\/posts\/29895","targetHints":{"allow":["GET"]}}],"collection":[{"href":"https:\/\/www.europesays.com\/fr\/wp-json\/wp\/v2\/posts"}],"about":[{"href":"https:\/\/www.europesays.com\/fr\/wp-json\/wp\/v2\/types\/post"}],"author":[{"embeddable":true,"href":"https:\/\/www.europesays.com\/fr\/wp-json\/wp\/v2\/users\/2"}],"replies":[{"embeddable":true,"href":"https:\/\/www.europesays.com\/fr\/wp-json\/wp\/v2\/comments?post=29895"}],"version-history":[{"count":0,"href":"https:\/\/www.europesays.com\/fr\/wp-json\/wp\/v2\/posts\/29895\/revisions"}],"wp:featuredmedia":[{"embeddable":true,"href":"https:\/\/www.europesays.com\/fr\/wp-json\/wp\/v2\/media\/29896"}],"wp:attachment":[{"href":"https:\/\/www.europesays.com\/fr\/wp-json\/wp\/v2\/media?parent=29895"}],"wp:term":[{"taxonomy":"category","embeddable":true,"href":"https:\/\/www.europesays.com\/fr\/wp-json\/wp\/v2\/categories?post=29895"},{"taxonomy":"post_tag","embeddable":true,"href":"https:\/\/www.europesays.com\/fr\/wp-json\/wp\/v2\/tags?post=29895"}],"curies":[{"name":"wp","href":"https:\/\/api.w.org\/{rel}","templated":true}]}}