{"id":298954,"date":"2025-08-05T21:31:11","date_gmt":"2025-08-05T21:31:11","guid":{"rendered":"https:\/\/www.europesays.com\/fr\/298954\/"},"modified":"2025-08-05T21:31:11","modified_gmt":"2025-08-05T21:31:11","slug":"accord-migratoire-franco-britannique-inhumain-juge-utopia-56","status":"publish","type":"post","link":"https:\/\/www.europesays.com\/fr\/298954\/","title":{"rendered":"Accord migratoire franco-britannique : \u00ab inhumain \u00bb juge Utopia 56"},"content":{"rendered":"<p>Des \u00e9lus locaux vent debout<\/p>\n<p>Les critiques viennent aussi des \u00e9lus des Hauts-de-France, r\u00e9gion en premi\u00e8re ligne face aux arriv\u00e9es migratoires. Plusieurs maires du littoral d\u00e9noncent un accord d\u00e9s\u00e9quilibr\u00e9, o\u00f9 le Royaume-Uni choisirait les profils les plus favorables, laissant \u00e0 la France les cas les plus complexes, voire les plus pr\u00e9caires.<\/p>\n<p>\u00ab\u202fC\u2019est un mauvais accord pour la France. Les Anglais vont choisir qui va retourner en France et qui va aller chez eux. Ils auront une immigration choisie, nous une immigration subie \u00bb, estime Xavier Bertrand, pr\u00e9sident de la r\u00e9gion Hauts-de-France, sur BFM TV.<\/p>\n<p>La situation inqui\u00e8te aussi \u00e0 l\u2019\u00e9chelle europ\u00e9enne. Des pays comme la Gr\u00e8ce, l\u2019Italie ou l\u2019Espagne craignent que la France ne leur renvoie \u00e0 son tour ces migrants, au nom du r\u00e8glement de Dublin qui pr\u00e9voit que le premier pays d\u2019entr\u00e9e dans l\u2019UE est responsable de la demande d\u2019asile.<\/p>\n<p>Dans ce jeu diplomatique de renvois en cha\u00eene, les personnes exil\u00e9es restent les grandes oubli\u00e9es.<\/p>\n","protected":false},"excerpt":{"rendered":"Des \u00e9lus locaux vent debout Les critiques viennent aussi des \u00e9lus des Hauts-de-France, r\u00e9gion en premi\u00e8re ligne face&hellip;\n","protected":false},"author":2,"featured_media":298955,"comment_status":"","ping_status":"","sticky":false,"template":"","format":"standard","meta":{"footnotes":""},"categories":[1588],"tags":[11,1777,674,12,473,1853,1851,1850,1852],"class_list":{"0":"post-298954","1":"post","2":"type-post","3":"status-publish","4":"format-standard","5":"has-post-thumbnail","7":"category-royaume-uni","8":"tag-actualites","9":"tag-eu","10":"tag-europe","11":"tag-news","12":"tag-royaume-uni","13":"tag-royaume-uni-de-grande-bretagne-et-dirlande-du-nord","14":"tag-uk","15":"tag-united-kingdom","16":"tag-united-kingdom-of-great-britain-and-northern-ireland"},"share_on_mastodon":{"url":"https:\/\/pubeurope.com\/@fr\/114978297218920153","error":""},"_links":{"self":[{"href":"https:\/\/www.europesays.com\/fr\/wp-json\/wp\/v2\/posts\/298954","targetHints":{"allow":["GET"]}}],"collection":[{"href":"https:\/\/www.europesays.com\/fr\/wp-json\/wp\/v2\/posts"}],"about":[{"href":"https:\/\/www.europesays.com\/fr\/wp-json\/wp\/v2\/types\/post"}],"author":[{"embeddable":true,"href":"https:\/\/www.europesays.com\/fr\/wp-json\/wp\/v2\/users\/2"}],"replies":[{"embeddable":true,"href":"https:\/\/www.europesays.com\/fr\/wp-json\/wp\/v2\/comments?post=298954"}],"version-history":[{"count":0,"href":"https:\/\/www.europesays.com\/fr\/wp-json\/wp\/v2\/posts\/298954\/revisions"}],"wp:featuredmedia":[{"embeddable":true,"href":"https:\/\/www.europesays.com\/fr\/wp-json\/wp\/v2\/media\/298955"}],"wp:attachment":[{"href":"https:\/\/www.europesays.com\/fr\/wp-json\/wp\/v2\/media?parent=298954"}],"wp:term":[{"taxonomy":"category","embeddable":true,"href":"https:\/\/www.europesays.com\/fr\/wp-json\/wp\/v2\/categories?post=298954"},{"taxonomy":"post_tag","embeddable":true,"href":"https:\/\/www.europesays.com\/fr\/wp-json\/wp\/v2\/tags?post=298954"}],"curies":[{"name":"wp","href":"https:\/\/api.w.org\/{rel}","templated":true}]}}