{"id":298956,"date":"2025-08-05T21:32:11","date_gmt":"2025-08-05T21:32:11","guid":{"rendered":"https:\/\/www.europesays.com\/fr\/298956\/"},"modified":"2025-08-05T21:32:11","modified_gmt":"2025-08-05T21:32:11","slug":"lallemagne-veut-rendre-la-filiere-eolienne-europeenne-moins-dependante-de-la-chine-05-08-2025-a-1811","status":"publish","type":"post","link":"https:\/\/www.europesays.com\/fr\/298956\/","title":{"rendered":"L&rsquo;Allemagne veut rendre la fili\u00e8re \u00e9olienne europ\u00e9enne moins d\u00e9pendante de la Chine &#8211; 05\/08\/2025 \u00e0 18:11"},"content":{"rendered":"<p>        <img fetchpriority=\"high\" decoding=\"async\" src=\"https:\/\/www.europesays.com\/fr\/wp-content\/uploads\/2025\/08\/e133cd4b680640c51f96817bc2334c7b-760x507.jpg\" alt=\"( POOL \/ JANE BARLOW )\" loading=\"eager\" width=\"760\" height=\"507\" style=\"max-width: 100%!important; height: auto;\"\/><\/p>\n<p class=\"c-image-news__legend\">( POOL \/ JANE BARLOW )<\/p>\n<p>\n Le gouvernement allemand et l&rsquo;industrie \u00e9olienne europ\u00e9enne ont pr\u00e9sent\u00e9 mardi un plan pour r\u00e9duire la d\u00e9pendance du secteur aux terres rares chinoises, dans un contexte de tensions avec P\u00e9kin et de ruptures dans les cha\u00eenes d&rsquo;approvisionnement.\n<\/p>\n<p>\n Cette feuille de route, \u00e9tablie par le minist\u00e8re allemand de l&rsquo;Economie et de l&rsquo;Energie et cinq f\u00e9d\u00e9rations europ\u00e9ennes de l&rsquo;\u00e9olien, veut rendre le secteur \u00ab\u00a0plus r\u00e9silient\u00a0\u00bb et \u00ab\u00a0\u00e9viter une d\u00e9pendance excessive aux importations de certains \u00c9tats\u00a0\u00bb.\n<\/p>\n<p>\n Cela signifie avant tout \u00ab\u00a0r\u00e9duire la part des aimants permanents chinois dans les turbines \u00e9oliennes \u00e0 l&rsquo;avenir\u00a0\u00bb, indique le plan.\n<\/p>\n<p>\n En Europe, plus de 90% de ces composants, qui jouent un r\u00f4le cl\u00e9 dans l&rsquo;\u00e9olien mais aussi l&rsquo;automobile ou l&rsquo;\u00e9lectronique, sont import\u00e9s de Chine.\n<\/p>\n<p>\n D&rsquo;ici 2029, 15% des aimants permanents import\u00e9s devront ainsi provenir d&rsquo;autres sources, puis 50% \u00e0 partir de 2035, pr\u00e9conise la feuille de route.\n<\/p>\n<p>\n Pour les terres rares, ces m\u00e9taux pr\u00e9sents dans les aimants permanents, le secteur veut atteindre une diversification de 5% en 2029 et de 35% d\u00e8s 2030.\n<\/p>\n<p>\n Pour y parvenir, le minist\u00e8re veut renforcer les garanties d&rsquo;investissements, via des accords de livraison \u00e0 long terme, ainsi que nouer des partenariats avec des pays comme l&rsquo;Australie et le Japon.\n<\/p>\n<p>\n Ces annonces confirment la strat\u00e9gie de Berlin, r\u00e9affirm\u00e9e par la coalition de Friedrich Merz, de \u00ab\u00a0r\u00e9duire les risques\u00a0\u00bb associ\u00e9s \u00e0 la Chine.\n<\/p>\n<p>\n L&rsquo;industrie allemande a particuli\u00e8rement trembl\u00e9 devant les restrictions \u00e0 l&rsquo;export de terres rares chinoises, d\u00e9cid\u00e9es en avril par la Chine en repr\u00e9sailles aux barri\u00e8res commerciales am\u00e9ricaines.\n<\/p>\n<p>\n Fin juillet, la Commission europ\u00e9enne a annonc\u00e9 avoir n\u00e9goci\u00e9 un m\u00e9canisme \u00ab\u00a0am\u00e9lior\u00e9\u00a0\u00bb avec P\u00e9kin pour assouplir ces exportations.\n<\/p>\n<p>\n La Chine reste aussi un march\u00e9 crucial pour les exportations allemandes, mais de plus en plus concurrenc\u00e9es par les champions locaux.\n<\/p>\n<p>\n Leader europ\u00e9en de l&rsquo;\u00e9olien terrestre et maritime, l&rsquo;Allemagne a construit 25% des nouvelles installations terrestres et maritimes dans l&rsquo;UE en 2024, selon la f\u00e9d\u00e9ration du secteur WindEurope.\n<\/p>\n<p>\n Et le pays veut tripler, par rapport \u00e0 2024, sa capacit\u00e9 \u00e9olienne en mer d&rsquo;ici 2030, afin de remplir ses objectifs climatiques.<\/p>\n","protected":false},"excerpt":{"rendered":"( POOL \/ JANE BARLOW ) Le gouvernement allemand et l&rsquo;industrie \u00e9olienne europ\u00e9enne ont pr\u00e9sent\u00e9 mardi un plan&hellip;\n","protected":false},"author":2,"featured_media":298957,"comment_status":"","ping_status":"","sticky":false,"template":"","format":"standard","meta":{"footnotes":""},"categories":[1587],"tags":[400,11,672,398,408,1804,405,1805,1803,1777,674,1801,403,402,399,404,12,1802,401,406,407],"class_list":{"0":"post-298956","1":"post","2":"type-post","3":"status-publish","4":"format-standard","5":"has-post-thumbnail","7":"category-allemagne","8":"tag-action-cac-40","9":"tag-actualites","10":"tag-allemagne","11":"tag-bourse-de-paris","12":"tag-boursorama","13":"tag-bundesrepublik-deutschland","14":"tag-cotations","15":"tag-de","16":"tag-deutschland","17":"tag-eu","18":"tag-europe","19":"tag-germany","20":"tag-indices-devises","21":"tag-investir","22":"tag-investissement","23":"tag-marche-boursier","24":"tag-news","25":"tag-republique-federale-dallemagne","26":"tag-sicav","27":"tag-trackers","28":"tag-warrants"},"share_on_mastodon":{"url":"https:\/\/pubeurope.com\/@fr\/114978301175955230","error":""},"_links":{"self":[{"href":"https:\/\/www.europesays.com\/fr\/wp-json\/wp\/v2\/posts\/298956","targetHints":{"allow":["GET"]}}],"collection":[{"href":"https:\/\/www.europesays.com\/fr\/wp-json\/wp\/v2\/posts"}],"about":[{"href":"https:\/\/www.europesays.com\/fr\/wp-json\/wp\/v2\/types\/post"}],"author":[{"embeddable":true,"href":"https:\/\/www.europesays.com\/fr\/wp-json\/wp\/v2\/users\/2"}],"replies":[{"embeddable":true,"href":"https:\/\/www.europesays.com\/fr\/wp-json\/wp\/v2\/comments?post=298956"}],"version-history":[{"count":0,"href":"https:\/\/www.europesays.com\/fr\/wp-json\/wp\/v2\/posts\/298956\/revisions"}],"wp:featuredmedia":[{"embeddable":true,"href":"https:\/\/www.europesays.com\/fr\/wp-json\/wp\/v2\/media\/298957"}],"wp:attachment":[{"href":"https:\/\/www.europesays.com\/fr\/wp-json\/wp\/v2\/media?parent=298956"}],"wp:term":[{"taxonomy":"category","embeddable":true,"href":"https:\/\/www.europesays.com\/fr\/wp-json\/wp\/v2\/categories?post=298956"},{"taxonomy":"post_tag","embeddable":true,"href":"https:\/\/www.europesays.com\/fr\/wp-json\/wp\/v2\/tags?post=298956"}],"curies":[{"name":"wp","href":"https:\/\/api.w.org\/{rel}","templated":true}]}}