{"id":298960,"date":"2025-08-05T21:34:20","date_gmt":"2025-08-05T21:34:20","guid":{"rendered":"https:\/\/www.europesays.com\/fr\/298960\/"},"modified":"2025-08-05T21:34:20","modified_gmt":"2025-08-05T21:34:20","slug":"lue-compte-faire-marche-arriere-sans-meme-attendre-un-signal-positif-des-etats-unis","status":"publish","type":"post","link":"https:\/\/www.europesays.com\/fr\/298960\/","title":{"rendered":"l\u2019UE compte faire marche arri\u00e8re sans m\u00eame attendre un signal positif des \u00c9tats-Unis"},"content":{"rendered":"\n<p>La Commission europ\u00e9enne a annonc\u00e9 lundi 4 ao\u00fbt la suspension de ses contre-mesures commerciales, qui visaient 93 milliards d\u2019euros de produits am\u00e9ricains, alors m\u00eame que les \u00c9tats-Unis n\u2019ont pas r\u00e9duit les droits de douane sur les exportations automobiles de l\u2019Union europ\u00e9enne. Cette d\u00e9cision intervient une semaine apr\u00e8s que les deux parties ont conclu un \u00ab&amp;nbspaccord-cadre&amp;nbsp\u00bb longuement discut\u00e9 qui pr\u00e9voit que la plupart des exportations de l\u2019UE, y compris les automobiles, seront soumises \u00e0 une taxe am\u00e9ricaine de 15 % \u00e0 partir du vendredi 8 ao\u00fbt. Les contre-mesures de l\u2019UE devaient quant \u00e0 elles entrer en vigueur le 9 ao\u00fbt.<\/p>\n<p>Donald&#8230;<\/p>\n","protected":false},"excerpt":{"rendered":"La Commission europ\u00e9enne a annonc\u00e9 lundi 4 ao\u00fbt la suspension de ses contre-mesures commerciales, qui visaient 93 milliards&hellip;\n","protected":false},"author":2,"featured_media":298961,"comment_status":"","ping_status":"","sticky":false,"template":"","format":"standard","meta":{"footnotes":""},"categories":[1586],"tags":[11,2388,1777,674,1779,1011,27,6025,14,12,25,1778,364],"class_list":{"0":"post-298960","1":"post","2":"type-post","3":"status-publish","4":"format-standard","5":"has-post-thumbnail","7":"category-europe","8":"tag-actualites","9":"tag-droits-de-douane","10":"tag-eu","11":"tag-europe","12":"tag-european-union","13":"tag-fr","14":"tag-france","15":"tag-industrie-automobile","16":"tag-international","17":"tag-news","18":"tag-republique-francaise","19":"tag-ue","20":"tag-union-europeenne"},"share_on_mastodon":{"url":"https:\/\/pubeurope.com\/@fr\/114978309047411486","error":""},"_links":{"self":[{"href":"https:\/\/www.europesays.com\/fr\/wp-json\/wp\/v2\/posts\/298960","targetHints":{"allow":["GET"]}}],"collection":[{"href":"https:\/\/www.europesays.com\/fr\/wp-json\/wp\/v2\/posts"}],"about":[{"href":"https:\/\/www.europesays.com\/fr\/wp-json\/wp\/v2\/types\/post"}],"author":[{"embeddable":true,"href":"https:\/\/www.europesays.com\/fr\/wp-json\/wp\/v2\/users\/2"}],"replies":[{"embeddable":true,"href":"https:\/\/www.europesays.com\/fr\/wp-json\/wp\/v2\/comments?post=298960"}],"version-history":[{"count":0,"href":"https:\/\/www.europesays.com\/fr\/wp-json\/wp\/v2\/posts\/298960\/revisions"}],"wp:featuredmedia":[{"embeddable":true,"href":"https:\/\/www.europesays.com\/fr\/wp-json\/wp\/v2\/media\/298961"}],"wp:attachment":[{"href":"https:\/\/www.europesays.com\/fr\/wp-json\/wp\/v2\/media?parent=298960"}],"wp:term":[{"taxonomy":"category","embeddable":true,"href":"https:\/\/www.europesays.com\/fr\/wp-json\/wp\/v2\/categories?post=298960"},{"taxonomy":"post_tag","embeddable":true,"href":"https:\/\/www.europesays.com\/fr\/wp-json\/wp\/v2\/tags?post=298960"}],"curies":[{"name":"wp","href":"https:\/\/api.w.org\/{rel}","templated":true}]}}