{"id":298972,"date":"2025-08-05T21:44:15","date_gmt":"2025-08-05T21:44:15","guid":{"rendered":"https:\/\/www.europesays.com\/fr\/298972\/"},"modified":"2025-08-05T21:44:15","modified_gmt":"2025-08-05T21:44:15","slug":"pas-cette-annee-desole-morgan-charriere-annonce-son-absence-de-lufc-paris-4-lequipe","status":"publish","type":"post","link":"https:\/\/www.europesays.com\/fr\/298972\/","title":{"rendered":"\u00ab Pas cette ann\u00e9e, d\u00e9sol\u00e9 \u00bb : Morgan Charri\u00e8re annonce son absence de l&#039;UFC Paris 4 &#8211; L&#039;\u00c9quipe"},"content":{"rendered":"<ol>\n<li><a href=\"https:\/\/news.google.com\/rss\/articles\/CBMiwAFBVV95cUxPX0liUGNLLWEzS3pFVjcwRlF2cnpQbWM1d1d0UjV2aGpWbTd2MVdnVkw4UmEwTzB2NVlRT0VZR1J4TGNxV1BxVDI2Nl9wMjRxQVVvZ0kyZXNNUy1Ea21xNG4tOFBtazRUbHZqSTNtSVVULTdyOWtjN3M4Q3hnMzF3akJHV0JuTWpJT3RuWWMwelQzclZJcWItOEstdHAzcHp6eGJYMWF5Y3YxeEc4Q2ppSnJRQVM3QW9hY0lFel9SbU4?oc=5\" target=\"_blank\" rel=\"nofollow noopener\">\u00ab Pas cette ann\u00e9e, d\u00e9sol\u00e9 \u00bb : Morgan Charri\u00e8re annonce son absence de l&rsquo;UFC Paris 4<\/a>&nbsp;&nbsp;L&rsquo;\u00c9quipe<\/li>\n<li><a href=\"https:\/\/news.google.com\/rss\/articles\/CBMivAFBVV95cUxPZXlrbkdCUDBMNFJxNHZ0RkV2czV5SHZLMC1malRza2JBN0Q5U1V1QmNjVFFvNHRtUjNTckV6ZWNfeWtMcVZlSHJJOUNWN3gxQnc1X080eWhfZ3hHckt6NzM5RkZDdWtFb1Y1WndSZE5BV2pUX1hPS0FkNDRjeU94cWlyNEFWck02QkEwRFV6SGpla1BqcmVVeWIwTjNaSVJLdlhFb2ZFenRYRTJpYTYteHRYRHRBYU1iVXJDQtIBuwFBVV95cUxNdkplbXFSa280SDM3eVV1eERMSHF1emtPV25iai1wNVM5LUZLZUNick5FWV8yeENfTnJydlI4ZEo2bTlzMEVWYXlKbk5ZZHZUQWlHa0cxR04wWUpaRjFVYmNaUjVtMmdyU3JxakNiVG5LLWxlbnNEOEJkOXZyQkpEeDMxUDRKam1JdHpXNGdlbzREOVRCZndjakpFVUlVNjJnX0F5bm11Umt0S3ktSHE1QXFTMW02WVBHMFdF?oc=5\" target=\"_blank\" rel=\"nofollow noopener\">MMA : Charri\u00e8re manquera l&rsquo;UFC Paris 4<\/a>&nbsp;&nbsp;Orange Actualit\u00e9s | Sports<\/li>\n<li><a href=\"https:\/\/news.google.com\/rss\/articles\/CBMi5AFBVV95cUxNdDhfMlR5cjRBUGlhXzhSRm55dGNjTVU0dFdIVHR1akYycWl0a3hsaTRSU0tQcGNmZkE2RHhObDJxQUE4cVJpcUpYeTJnQ1J6eGZzYWczMEo3TTdGcGxQOVNFeTItYmNSbDhNV2UyR0hiZ3V0TnlvNHZHQkFCYi1MTDliM2NURFpWeW1VUnNPQTVmN3VuazZvZk5jeVU1STNGX0Z6UXN3ZTlDaE1JRE1oZVBqYjVHemF3T05KMUpUVTVUOXNsbUg2UTFRYlF3d0xxUVZaY25UMEJybFgya01hVHF0V24?oc=5\" target=\"_blank\" rel=\"nofollow noopener\">MMA. Le spectaculaire Morgan Charri\u00e8re annonce faire l\u2019impasse sur l\u2019UFC Paris<\/a>&nbsp;&nbsp;Ouest-France<\/li>\n<li><a href=\"https:\/\/news.google.com\/rss\/articles\/CBMipwFBVV95cUxQTDFqZkxEdURUcXpYbU9sSTFscG54ajhlb0tLYVlSRmhWcUhPTGNIU1BkWHVzR1Y2aHZfYUFmNDNkVExVTWIxYU5wbF9rRjhxdXA4QXc1YjR0NFdFaVV2Tkx1Z2p5bXFhYk9xZElSZHotd1EtaHA0MXY1Q2ltQ2loX01SM3d0ZlRUYXh6dXZYZElubXdFWjQ1bUVVTDdOcnVXNWtncFNpRQ?oc=5\" target=\"_blank\" rel=\"nofollow noopener\">Morgan Charri\u00e8re absent de l\u2019UFC Paris 4, une d\u00e9ception pour les fans fran\u00e7ais<\/a>&nbsp;&nbsp;lesinguliersete.fr<\/li>\n<\/ol>\n","protected":false},"excerpt":{"rendered":"\u00ab Pas cette ann\u00e9e, d\u00e9sol\u00e9 \u00bb : Morgan Charri\u00e8re annonce son absence de l&rsquo;UFC Paris 4&nbsp;&nbsp;L&rsquo;\u00c9quipe MMA :&hellip;\n","protected":false},"author":2,"featured_media":298973,"comment_status":"","ping_status":"","sticky":false,"template":"","format":"standard","meta":{"footnotes":""},"categories":[1412],"tags":[1451,1452,1453,1454,1455,1011,27,60],"class_list":{"0":"post-298972","1":"post","2":"type-post","3":"status-publish","4":"format-standard","5":"has-post-thumbnail","7":"category-f1","8":"tag-f1","9":"tag-formula-1","10":"tag-formula1","11":"tag-formule-1","12":"tag-formule1","13":"tag-fr","14":"tag-france","15":"tag-sports"},"share_on_mastodon":{"url":"https:\/\/pubeurope.com\/@fr\/114978348319667318","error":""},"_links":{"self":[{"href":"https:\/\/www.europesays.com\/fr\/wp-json\/wp\/v2\/posts\/298972","targetHints":{"allow":["GET"]}}],"collection":[{"href":"https:\/\/www.europesays.com\/fr\/wp-json\/wp\/v2\/posts"}],"about":[{"href":"https:\/\/www.europesays.com\/fr\/wp-json\/wp\/v2\/types\/post"}],"author":[{"embeddable":true,"href":"https:\/\/www.europesays.com\/fr\/wp-json\/wp\/v2\/users\/2"}],"replies":[{"embeddable":true,"href":"https:\/\/www.europesays.com\/fr\/wp-json\/wp\/v2\/comments?post=298972"}],"version-history":[{"count":0,"href":"https:\/\/www.europesays.com\/fr\/wp-json\/wp\/v2\/posts\/298972\/revisions"}],"wp:featuredmedia":[{"embeddable":true,"href":"https:\/\/www.europesays.com\/fr\/wp-json\/wp\/v2\/media\/298973"}],"wp:attachment":[{"href":"https:\/\/www.europesays.com\/fr\/wp-json\/wp\/v2\/media?parent=298972"}],"wp:term":[{"taxonomy":"category","embeddable":true,"href":"https:\/\/www.europesays.com\/fr\/wp-json\/wp\/v2\/categories?post=298972"},{"taxonomy":"post_tag","embeddable":true,"href":"https:\/\/www.europesays.com\/fr\/wp-json\/wp\/v2\/tags?post=298972"}],"curies":[{"name":"wp","href":"https:\/\/api.w.org\/{rel}","templated":true}]}}