{"id":298982,"date":"2025-08-05T21:49:15","date_gmt":"2025-08-05T21:49:15","guid":{"rendered":"https:\/\/www.europesays.com\/fr\/298982\/"},"modified":"2025-08-05T21:49:15","modified_gmt":"2025-08-05T21:49:15","slug":"canet-en-roussillon-alix-baixas-dedicace-lindependant-fr","status":"publish","type":"post","link":"https:\/\/www.europesays.com\/fr\/298982\/","title":{"rendered":"Canet-en-Roussillon. Alix Baixas d\u00e9dicace &#8211; lindependant.fr"},"content":{"rendered":"<p>Apr\u00e8s une premi\u00e8re s\u00e9ance de d\u00e9dicaces le dimanche 3 ao\u00fbt, l\u2019auteure Alix Baixas sera \u00e0 nouveau pr\u00e9sente au point presse du camping Le Brasilia le <b>dimanche 17 ao\u00fbt <\/b>de 10 h \u00e0 13 h et de 15 h \u00e0 19 h pour d\u00e9dicacer son nouveau roman intitul\u00e9 Maman est partie avec les anges, papa est parti avec les flics, paru aux \u00e9ditions Le lys bleu.<\/p>\n<p>Alix Baixas est l\u2019auteure d\u2019un premier roman intitul\u00e9 J\u2019irai mourir en f\u00e9vrier au fond du jardin. Dans son nouvel ouvrage, elle explore, \u00e0 travers une fiction percutante, la trag\u00e9die d\u2019un f\u00e9minicide survenu dans les sph\u00e8res feutr\u00e9es de l\u2019aristocratie. Car ce fl\u00e9au, loin d\u2019\u00e9pargner les classes privil\u00e9gi\u00e9es, traverse toutes les strates sociales et oblige \u00e0 interroger en profondeur les dynamiques de pouvoir entre les sexes.<\/p>\n<p>Un r\u00e9cit bouleversant sur le f\u00e9minicide, qui explore avec lucidit\u00e9 et \u00e9motion la m\u00e9canique insidieuse de l\u2019emprise et du silence.<\/p>\n","protected":false},"excerpt":{"rendered":"Apr\u00e8s une premi\u00e8re s\u00e9ance de d\u00e9dicaces le dimanche 3 ao\u00fbt, l\u2019auteure Alix Baixas sera \u00e0 nouveau pr\u00e9sente au&hellip;\n","protected":false},"author":2,"featured_media":298983,"comment_status":"","ping_status":"","sticky":false,"template":"","format":"standard","meta":{"footnotes":""},"categories":[1357],"tags":[1379,58,59,1011,27,1380],"class_list":{"0":"post-298982","1":"post","2":"type-post","3":"status-publish","4":"format-standard","5":"has-post-thumbnail","7":"category-livres","8":"tag-books","9":"tag-divertissement","10":"tag-entertainment","11":"tag-fr","12":"tag-france","13":"tag-livres"},"share_on_mastodon":{"url":"https:\/\/pubeurope.com\/@fr\/114978368021488177","error":""},"_links":{"self":[{"href":"https:\/\/www.europesays.com\/fr\/wp-json\/wp\/v2\/posts\/298982","targetHints":{"allow":["GET"]}}],"collection":[{"href":"https:\/\/www.europesays.com\/fr\/wp-json\/wp\/v2\/posts"}],"about":[{"href":"https:\/\/www.europesays.com\/fr\/wp-json\/wp\/v2\/types\/post"}],"author":[{"embeddable":true,"href":"https:\/\/www.europesays.com\/fr\/wp-json\/wp\/v2\/users\/2"}],"replies":[{"embeddable":true,"href":"https:\/\/www.europesays.com\/fr\/wp-json\/wp\/v2\/comments?post=298982"}],"version-history":[{"count":0,"href":"https:\/\/www.europesays.com\/fr\/wp-json\/wp\/v2\/posts\/298982\/revisions"}],"wp:featuredmedia":[{"embeddable":true,"href":"https:\/\/www.europesays.com\/fr\/wp-json\/wp\/v2\/media\/298983"}],"wp:attachment":[{"href":"https:\/\/www.europesays.com\/fr\/wp-json\/wp\/v2\/media?parent=298982"}],"wp:term":[{"taxonomy":"category","embeddable":true,"href":"https:\/\/www.europesays.com\/fr\/wp-json\/wp\/v2\/categories?post=298982"},{"taxonomy":"post_tag","embeddable":true,"href":"https:\/\/www.europesays.com\/fr\/wp-json\/wp\/v2\/tags?post=298982"}],"curies":[{"name":"wp","href":"https:\/\/api.w.org\/{rel}","templated":true}]}}