{"id":298984,"date":"2025-08-05T21:50:10","date_gmt":"2025-08-05T21:50:10","guid":{"rendered":"https:\/\/www.europesays.com\/fr\/298984\/"},"modified":"2025-08-05T21:50:10","modified_gmt":"2025-08-05T21:50:10","slug":"de-15-heures-a-21h15-cyril-hanouna-fait-encore-une-annonce-explosive-concernant-tout-beau-tout-n9uf","status":"publish","type":"post","link":"https:\/\/www.europesays.com\/fr\/298984\/","title":{"rendered":"De 15 heures \u00e0 21h15&Prime;, Cyril Hanouna fait encore une annonce explosive concernant \u00ab\u00a0Tout beau, tout n9uf"},"content":{"rendered":"<p>Les informations ne cessent de tomber. Dans 30 jours, <a href=\"https:\/\/www.public.fr\/tag\/cyril-hanouna\" target=\"_blank\" rel=\"noopener\">Cyril Hanouna<\/a> va officiellement <a href=\"https:\/\/www.public.fr\/tout-beau-tout-n9uf-cyril-hanouna-officialise-le-nom-dun-nouveau-chroniqueur-et-il-a-change-davis\" target=\"_blank\" rel=\"noopener\">faire son retour <\/a>\u00e0 la t\u00e9l\u00e9vision. En effet, depuis le 26 mars 2025, \u00ab\u00a0Baba\u00a0\u00bb n\u2019appara\u00eet plus sur le petit \u00e9cran.\u00a0<\/p>\n<p>Pour rappel, la cha\u00eene C8 sur laquelle il officiait, a ferm\u00e9. S\u2019il a poursuivi la pr\u00e9sentation de <strong>\u00ab\u00a0TPMP\u00a0\u00bb <\/strong>pendant plusieurs semaines sur YouTube et Dailymotion notamment, il a finalement tout arr\u00eater pour se consacrer \u00e0 sa nouvelle quotidienne \u00e0 venir.<\/p>\n<p>\u00c0 partir du 1er septembre 2025, <a href=\"https:\/\/vsd.fr\/tag\/cyril-hanouna\/\" target=\"_blank\" rel=\"noopener\">Cyril Hanouna<\/a> va en effet d\u00e9barquer sur Fun Radio, et surtout sur W9, pour pr\u00e9senter sa toute nouvelle quotidienne <strong>\u00ab\u00a0Tout beau, tout n9uf\u00a0\u00bb<\/strong>. Une nouvelle quotidienne qui promet de nombreux changements par rapport \u00e0 ce que nous a habitu\u00e9 l\u2019animateur.<\/p>\n<p>Gilles Verdez confirm\u00e9 dans la nouvelle quotidienne de Cyril Hanouna<\/p>\n<p>Par exemple, les chroniqueurs de <strong>\u00ab\u00a0TPMP\u00a0\u00bb<\/strong> ne vont pas tous faire leur retour. Pour le moment l\u2019animateur n\u2019a confirm\u00e9 aucun nom mais selon nombre de nos confr\u00e8res, certaines figures embl\u00e9matiques du programme autrefois diffus\u00e9 sur C8 devraient r\u00e9pondre pr\u00e9sents.<\/p>\n<p><a href=\"https:\/\/www.public.fr\/tag\/geraldine-maillet\" target=\"_blank\" rel=\"noopener\">G\u00e9raldine Maillet<\/a>, <a href=\"https:\/\/www.public.fr\/thierry-ardisson-compare-gaza-a-auschwitz-dans-quelle-epoque-valerie-benaim-explose-tous-les-invites-se-sont-tus\" target=\"_blank\" rel=\"noopener\">Val\u00e9rie Bena\u00efm<\/a>, Raymond Aabou, ou encore Gilles Verdez, devraient en effet \u00eatre de la partie. En ce qui concerne ce dernier, son nom a \u00e9t\u00e9 officialis\u00e9 par nos confr\u00e8res de Voici.\u00a0<\/p>\n<p>Selon le m\u00e9dia, le compagnon de Fatou devrait bel et bien <a href=\"https:\/\/www.public.fr\/gilles-verdez-la-verite-sur-sa-nouvelle-vie\" target=\"_blank\" rel=\"noopener\">se trouver autour de la table<\/a> de la nouvelle \u00e9mission de Cyril Hanouna dans les prochaines semaines. \u00ab\u00a0Gilles Verdez fera bien partie de la bande. Oui, l\u2019ex-chroniqueur passionn\u00e9 et souvent clivant de\u00a0TPMP\u00a0serait pr\u00eat \u00e0 retrouver une chaise autour de la table. Un retour qui risque de faire parler, tant son franc-parler a marqu\u00e9 les pr\u00e9c\u00e9dentes saisons de l\u2019\u00e9mission phare de C8\u00a0\u00bb, r\u00e9v\u00e8lent en effet nos confr\u00e8res.\u00a0<\/p>\n<p>L&rsquo;animateur fait une grande annonce concernant \u00ab\u00a0Tout beau, tout n9uf\u00a0\u00bb<\/p>\n<p>Une information en partie confirm\u00e9e par Cyril Hanouna sur son compte X le lundi 4 ao\u00fbt 2025. Ce mardi, l\u2019animateur a fait une nouvelle annonce. <\/p>\n<p>Pendant le mois d\u2019ao\u00fbt, chaque jour, \u00ab\u00a0Baba\u00a0\u00bb d\u00e9voile une information au sujet de <strong>\u00ab\u00a0Tout beau, tout n9uf\u00a0\u00bb<\/strong>. Apr\u00e8s avoir d\u00e9voil\u00e9 un concept pr\u00e9sent dans <strong>\u00ab\u00a0TPMP\u00a0\u00bb<\/strong> qui fera son retour dans son \u00e9mission sur W9, l\u2019animateur a de nouveau pris la parole pour faire une r\u00e9v\u00e9lation.\u00a0<\/p>\n<p>\u00ab\u00a030 jours 30 infos ! \u00c7a continue ! <strong>On a mis en place un dispositif de fou<\/strong> avec les \u00e9quipes de Fun Radio et W9 avec 2 plateaux : radio et t\u00e9l\u00e9 pour encha\u00eener de 15h jusqu\u2019\u00e0 21h15. Un gros show \u00e0 la radio, \u00e0 la TV et sur les r\u00e9seaux ! <strong>C\u2019est de l\u2019in\u00e9dit ! <\/strong>Trop h\u00e2te on fait le max\u00a0\u00bb, a fi\u00e8rement annonc\u00e9 Cyril Hanouna.\u00a0<\/p>\n<blockquote class=\"twitter-tweet\">\n<p>30 jours 30 infos ! \u00c7a continue ! On a mis en place un dispositif de fou avec les \u00e9quipes de <a href=\"https:\/\/twitter.com\/funradio_fr?ref_src=twsrc%5Etfw\" target=\"_blank\" rel=\"noopener\">@funradio_fr<\/a> et <a href=\"https:\/\/twitter.com\/W9?ref_src=twsrc%5Etfw\" target=\"_blank\" rel=\"noopener\">@W9<\/a> avec 2 plateaux : radio et t\u00e9l\u00e9 pour encha\u00eener de 15h jusqu\u2019\u00e0 21h15. Un gros show \u00e0 la radio , \u00e0 la TV et sur les r\u00e9seaux ! C de l\u2019in\u00e9dit! Trop h\u00e2te on fait le max\u2764\ufe0f<\/p>\n<p>\u2014 Cyril Hanouna (@Cyrilhanouna) <a href=\"https:\/\/twitter.com\/Cyrilhanouna\/status\/1952772262635217069?ref_src=twsrc%5Etfw\" target=\"_blank\" rel=\"noopener\">August 5, 2025<\/a><\/p><\/blockquote>\n<p>      Mentionn\u00e9s dans cet article<\/p>\n<p>      Sur le m\u00eame sujet<\/p>\n<p>  <script async src=\"https:\/\/platform.twitter.com\/widgets.js\" charset=\"utf-8\"><\/script><\/p>\n","protected":false},"excerpt":{"rendered":"Les informations ne cessent de tomber. Dans 30 jours, Cyril Hanouna va officiellement faire son retour \u00e0 la&hellip;\n","protected":false},"author":2,"featured_media":298985,"comment_status":"","ping_status":"","sticky":false,"template":"","format":"standard","meta":{"footnotes":""},"categories":[1356],"tags":[1083,58,59,1011,27,6034,16181,252,22498,22497,1364,2395],"class_list":{"0":"post-298984","1":"post","2":"type-post","3":"status-publish","4":"format-standard","5":"has-post-thumbnail","7":"category-television","8":"tag-cyril-hanouna","9":"tag-divertissement","10":"tag-entertainment","11":"tag-fr","12":"tag-france","13":"tag-fun-radio","14":"tag-gilles-verdez","15":"tag-television","16":"tag-tout-9-tbt9","17":"tag-tout-beau","18":"tag-tv","19":"tag-w9"},"share_on_mastodon":{"url":"https:\/\/pubeurope.com\/@fr\/114978371946627022","error":""},"_links":{"self":[{"href":"https:\/\/www.europesays.com\/fr\/wp-json\/wp\/v2\/posts\/298984","targetHints":{"allow":["GET"]}}],"collection":[{"href":"https:\/\/www.europesays.com\/fr\/wp-json\/wp\/v2\/posts"}],"about":[{"href":"https:\/\/www.europesays.com\/fr\/wp-json\/wp\/v2\/types\/post"}],"author":[{"embeddable":true,"href":"https:\/\/www.europesays.com\/fr\/wp-json\/wp\/v2\/users\/2"}],"replies":[{"embeddable":true,"href":"https:\/\/www.europesays.com\/fr\/wp-json\/wp\/v2\/comments?post=298984"}],"version-history":[{"count":0,"href":"https:\/\/www.europesays.com\/fr\/wp-json\/wp\/v2\/posts\/298984\/revisions"}],"wp:featuredmedia":[{"embeddable":true,"href":"https:\/\/www.europesays.com\/fr\/wp-json\/wp\/v2\/media\/298985"}],"wp:attachment":[{"href":"https:\/\/www.europesays.com\/fr\/wp-json\/wp\/v2\/media?parent=298984"}],"wp:term":[{"taxonomy":"category","embeddable":true,"href":"https:\/\/www.europesays.com\/fr\/wp-json\/wp\/v2\/categories?post=298984"},{"taxonomy":"post_tag","embeddable":true,"href":"https:\/\/www.europesays.com\/fr\/wp-json\/wp\/v2\/tags?post=298984"}],"curies":[{"name":"wp","href":"https:\/\/api.w.org\/{rel}","templated":true}]}}