{"id":298986,"date":"2025-08-05T21:51:11","date_gmt":"2025-08-05T21:51:11","guid":{"rendered":"https:\/\/www.europesays.com\/fr\/298986\/"},"modified":"2025-08-05T21:51:11","modified_gmt":"2025-08-05T21:51:11","slug":"concerts-a-paris-en-2026-residence-a-las-vegas-nouvel-album-celine-dion-bientot-de-retour-sur-scene","status":"publish","type":"post","link":"https:\/\/www.europesays.com\/fr\/298986\/","title":{"rendered":"Concerts \u00e0 Paris en 2026, r\u00e9sidence \u00e0 Las Vegas, nouvel album&#8230; : C\u00e9line Dion\u00a0bient\u00f4t de retour sur sc\u00e8ne?"},"content":{"rendered":"<p class=\"ap-StoryElement ap-StoryElement--mb js-paywall-target ap-StoryText\">L&rsquo;espoir des fans est cependant revenu apr\u00e8s la diffusion de ce film. Parce que C\u00e9line Dion a commenc\u00e9 \u00e0 faire des apparitions publiques. On l&rsquo;a vue \u00e0 un match de hockey sur glace avec ses fils. \u00c0 un concert aussi. Puis lors de la c\u00e9r\u00e9monie des Grammy Awards o\u00f9 elle a eu droit \u00e0 une standing ovation avant de remettre le remis le prix de l&rsquo;Album de l&rsquo;ann\u00e9e \u00e0 Taylor Swift.<\/p>\n<p><a href=\"https:\/\/www.lalibre.be\/lifestyle\/people\/2024\/04\/22\/celine-dion-jai-deux-choix-soit-je-travaille-super-fort-soit-je-me-deconnecte-et-cest-termine-RE6W467RXRGBPKGPKRJ2SXVE7U\/\" target=\"_blank\" rel=\"noopener noreferrer\" class=\"ap-StoryInterstitialLink ap-StoryElement ap-StoryElement--mb\">C\u00e9line Dion: \u00ab\u00a0J&rsquo;ai deux choix. Soit je travaille super fort, soit je me d\u00e9connecte et c&rsquo;est termin\u00e9\u00a0\u00bb<\/a><\/p>\n<p class=\"ap-StoryElement ap-StoryElement--mb ap-StoryText\">Enfin, le 26 juillet 2024, la rumeur la plus folle s&rsquo;est r\u00e9v\u00e9l\u00e9e vraie : C\u00e9line Dion a chant\u00e9 depuis la Tour Eiffel \u00e0 l&rsquo;occasion de la c\u00e9r\u00e9monie d&rsquo;ouverture des Jeux Olympiques de Paris. Qu&rsquo;importe la pol\u00e9mique autour du fait qu&rsquo;elle a ou pas chant\u00e9 en direct, ses fans se sont mis esp\u00e9rer un retour sur le devant de la sc\u00e8ne de leur idole.<\/p>\n<p class=\"ap-StoryElement ap-StoryElement--mb ap-StoryText\">Depuis, plusieurs autres rumeurs \u00e9voquent un retour de la chanteuse, tant sur sc\u00e8ne que sur disques. Il est question de concerts en 2026 \u00e0 Paris, d&rsquo;une r\u00e9sidence \u00e0 Las Vegas, d&rsquo;un nouvel album\u2026<\/p>\n<p><a href=\"https:\/\/www.lalibre.be\/lifestyle\/people\/2025\/03\/17\/celine-dion-prend-la-parole-garder-espoir-car-cest-ce-qui-vous-guidera-S3O27WUADFD7LGDUYCIMABLY6E\/\" target=\"_blank\" rel=\"noopener noreferrer\" class=\"ap-StoryInterstitialLink ap-StoryElement ap-StoryElement--mb\">C\u00e9line Dion prend la parole : \u00ab\u00a0Garder espoir, car c&rsquo;est ce qui vous guidera\u00a0\u00bb<\/a>Trente ans apr\u00e8s D&rsquo;Eux, une nouvelle collaboration avec Jean-Jacques Goldman ?<\/p>\n<p class=\"ap-StoryElement ap-StoryElement--mb ap-StoryText\">S&rsquo;agissant de ce dernier, ce serait le premier depuis le pr\u00e9monitoire Courage sorti en 2019. Un bruit de couloir insistant parle d&rsquo;un disque en fran\u00e7ais auquel collaborerait Jean-Jacques Goldman. De quoi faire r\u00eaver \u00e0 une suite de D&rsquo;Eux, qui f\u00eate ses 30 ans cette ann\u00e9e et reste \u00e0 ce jour, le disque francophone le plus vendu de tous les temps avec 12 millions d&rsquo;exemplaires \u00e9coul\u00e9s.<\/p>\n<p class=\"ap-StoryElement ap-StoryElement--mb ap-StoryText\">Le week-end dernier, un article paru dans La Tribune Dimanche est venu accr\u00e9diter la chose. Un proche du golden-boy de la chanson fran\u00e7aise s&rsquo;y confie : \u00ab\u00a0Jean-Jacques Goldman avait propos\u00e9 deux chansons \u00e0 C\u00e9line Dion en 2021 pour son \u00e9ventuel prochain album fran\u00e7ais. Une avait \u00e9t\u00e9 accept\u00e9e\u2026\u00a0\u00bb<\/p>\n<p class=\"ap-StoryElement ap-StoryElement--mb ap-StoryText\">Cela s&rsquo;ajoute \u00e0 ce que Closer \u00e9crivait fin juillet. Le magazine indiquait que C\u00e9line Dion passait son temps en studio cet \u00e9t\u00e9, entre Paris et Londres. Londres o\u00f9 Jean-Jacques Goldman a \u00e9t\u00e9 vu. En atteste une vid\u00e9o du rappeur toulousain Oli, moiti\u00e9 de BigFlo et Oli, qui a crois\u00e9 l&rsquo;a crois\u00e9 dans le m\u00e9tro. Il l&rsquo;avait partag\u00e9 les images en story. On rappellera toutefois que JJG comme l&rsquo;appellent ses fans, est domicili\u00e9 dans la capitale britannique depuis 2016.<\/p>\n<p><a href=\"https:\/\/www.lalibre.be\/lifestyle\/people\/2025\/03\/11\/celine-dion-fait-adresse-un-message-a-ses-fans-ces-enregistrements-sont-faux-MHMCHBP4UBEGFFZZXMNUKPYBZY\/\" target=\"_blank\" rel=\"noopener noreferrer\" class=\"ap-StoryInterstitialLink ap-StoryElement ap-StoryElement--mb\">C\u00e9line Dion fait adresse un message \u00e0 ses fans : \u00ab\u00a0Ces enregistrements sont faux\u00a0\u00bb<\/a>Un featurng avec Sebastian Ingrosso.<\/p>\n<p class=\"ap-StoryElement ap-StoryElement--mb ap-StoryText\">Toujours d&rsquo;apr\u00e8s Closer, le nouvel album de C\u00e9line Dion devrait sortir le mois prochain. Il contiendrait deux chansons sign\u00e9es Jean-Jacques Goldman.<\/p>\n<p class=\"ap-StoryElement ap-StoryElement--mb ap-StoryText\">Autre preuve du prochain retour aux affaires de C\u00e9line Dion, une vid\u00e9o post\u00e9e il y a une semaine sur son compte Instagram. On la voit en studio, un large sourire barrant son visage et dansant au son d&rsquo;un titre de Sebastian Ingrosso sur lequel elle fait un featuring. <a href=\"https:\/\/www.youtube.com\/watch?v=J5npmT3Sm_E\" target=\"_blank\" rel=\"noopener\">La chanson s&rsquo;appelle \u00ab\u00a0A New Day\u00a0\u00bb<\/a>. Elle est disponible sur les plateformes d&rsquo;\u00e9coute en ligne, dont YouTube.<\/p>\n","protected":false},"excerpt":{"rendered":"L&rsquo;espoir des fans est cependant revenu apr\u00e8s la diffusion de ce film. Parce que C\u00e9line Dion a commenc\u00e9&hellip;\n","protected":false},"author":2,"featured_media":298987,"comment_status":"","ping_status":"","sticky":false,"template":"","format":"standard","meta":{"footnotes":""},"categories":[1355],"tags":[7043,58,59,1011,27,1361,873],"class_list":{"0":"post-298986","1":"post","2":"type-post","3":"status-publish","4":"format-standard","5":"has-post-thumbnail","7":"category-musique","8":"tag-celine-dion","9":"tag-divertissement","10":"tag-entertainment","11":"tag-fr","12":"tag-france","13":"tag-music","14":"tag-musique"},"share_on_mastodon":{"url":"https:\/\/pubeurope.com\/@fr\/114978375960484380","error":""},"_links":{"self":[{"href":"https:\/\/www.europesays.com\/fr\/wp-json\/wp\/v2\/posts\/298986","targetHints":{"allow":["GET"]}}],"collection":[{"href":"https:\/\/www.europesays.com\/fr\/wp-json\/wp\/v2\/posts"}],"about":[{"href":"https:\/\/www.europesays.com\/fr\/wp-json\/wp\/v2\/types\/post"}],"author":[{"embeddable":true,"href":"https:\/\/www.europesays.com\/fr\/wp-json\/wp\/v2\/users\/2"}],"replies":[{"embeddable":true,"href":"https:\/\/www.europesays.com\/fr\/wp-json\/wp\/v2\/comments?post=298986"}],"version-history":[{"count":0,"href":"https:\/\/www.europesays.com\/fr\/wp-json\/wp\/v2\/posts\/298986\/revisions"}],"wp:featuredmedia":[{"embeddable":true,"href":"https:\/\/www.europesays.com\/fr\/wp-json\/wp\/v2\/media\/298987"}],"wp:attachment":[{"href":"https:\/\/www.europesays.com\/fr\/wp-json\/wp\/v2\/media?parent=298986"}],"wp:term":[{"taxonomy":"category","embeddable":true,"href":"https:\/\/www.europesays.com\/fr\/wp-json\/wp\/v2\/categories?post=298986"},{"taxonomy":"post_tag","embeddable":true,"href":"https:\/\/www.europesays.com\/fr\/wp-json\/wp\/v2\/tags?post=298986"}],"curies":[{"name":"wp","href":"https:\/\/api.w.org\/{rel}","templated":true}]}}