{"id":298988,"date":"2025-08-05T21:52:14","date_gmt":"2025-08-05T21:52:14","guid":{"rendered":"https:\/\/www.europesays.com\/fr\/298988\/"},"modified":"2025-08-05T21:52:14","modified_gmt":"2025-08-05T21:52:14","slug":"la-bande-dannonce-della-mccay-avec-emma-mackey-et-jamie-lee-curtis-devoilee","status":"publish","type":"post","link":"https:\/\/www.europesays.com\/fr\/298988\/","title":{"rendered":"La bande d&rsquo;annonce d'\u00a0\u00bbElla McCay\u00a0\u00bb, avec Emma Mackey et Jamie Lee Curtis, d\u00e9voil\u00e9e"},"content":{"rendered":"<p>La nouvelle com\u00e9die dramatique de 20th Century Studios, \u00e9crite et r\u00e9alis\u00e9e par l&rsquo;oscaris\u00e9 James L. Brooks, sortira le 4 f\u00e9vrier 2026 en France.<\/p>\n<p>Une h\u00e9ro\u00efne aux grands yeux id\u00e9alistes &#8211; madame <a href=\"https:\/\/www.bfmtv.com\/people\/cinema\/narnia-l-actrice-francaise-emma-mackey-star-de-la-prochaine-adaptation-signee-greta-gerwig_AN-202504270167.html\" title=\"&quot;Narnia&quot; : l&#039;actrice fran\u00e7aise Emma Mackey star de la prochaine adaptation sign\u00e9e Greta Gerwig\" class=\"internal_link\" rel=\"nofollow noopener\" target=\"_blank\">Emma Mackey<\/a>, vue dans <a href=\"https:\/\/www.bfmtv.com\/replay-emissions\/bfm-news\/barbie-depasse-le-milliard-au-box-office-07-08_VN-202308070586.html\" title=\"Barbie d\u00e9passe le milliard au box-office - 07\/08\" class=\"internal_link\" rel=\"nofollow noopener\" target=\"_blank\">Barbie<\/a> ou <a href=\"https:\/\/www.bfmtv.com\/people\/series\/sex-education-la-quatrieme-saison-de-la-serie-netflix-sera-la-derniere_AN-202307060407.html\" title=\"&quot;Sex Education&quot; : la quatri\u00e8me saison de la s\u00e9rie Netflix sera la derni\u00e8re\" class=\"internal_link\" rel=\"nofollow noopener\" target=\"_blank\">Sex Education<\/a> -, une famille un poil dysfonctionnelle, des proches aimants, un destin politique.<\/p>\n<p>Le nouveau film \u00e9crit et r\u00e9alis\u00e9 par James L. Brooks, qui a glan\u00e9 trois Oscars pour Tendres Passions en 1984 et un Emmy Award pour avoir produit <a href=\"https:\/\/www.bfmtv.com\/culture\/matt-groening-et-les-simpson-honores-au-festival-du-film-d-animation-d-annecy_VN-202506120134.html\" title=\"Matt Groening et les Simpson honor\u00e9s au Festival du film d&#039;animation d&#039;Annecy\" class=\"internal_link\" rel=\"nofollow noopener\" target=\"_blank\">Les Simpson<\/a>, se r\u00e9v\u00e8le ce 4 ao\u00fbt dans une bande-annonce dr\u00f4le et douce. Le cin\u00e9aste n&rsquo;a plus sign\u00e9 de longs m\u00e9trages depuis Comment savoir en 2010.<\/p>\n<\/p>\n<p>Aux c\u00f4t\u00e9s d&rsquo;Emma Mackey, on retrouve Jamie Lee Curtis (Everything everywhere all at once, <a href=\"https:\/\/www.bfmtv.com\/people\/freaky-friday-2-le-film-culte-revient-avec-lindsay-lohan-et-jamie-lee-curtis-on-prend-les-memes-et-on-recommence_AN-202508050329.html\" title=\"&quot;Freaky Friday 2&quot;: avec Lindsay Lohan et Jamie Lee Curtis, on prend les m\u00eames et on recommence?\" class=\"internal_link\" rel=\"nofollow noopener\" target=\"_blank\">Freaky Friday<\/a>&#8230;), Jack Lowden (<a href=\"https:\/\/www.bfmtv.com\/replay-emissions\/culture-et-vous\/dunkerque-de-christopher-nolan-un-film-evenement-de-cet-ete_VN-201707170091.html\" title=\"&quot;Dunkerque&quot; de Christopher Nolan, un film-\u00e9v\u00e9nement de cet \u00e9t\u00e9\" class=\"internal_link\" rel=\"nofollow noopener\" target=\"_blank\">Dunkerque<\/a>, Slow Horses&#8230;), Kumail Nanjiani (Les \u00c9ternels, Welcome to Chippendales&#8230;), ou encore Ayo Edebiri (<a href=\"https:\/\/www.bfmtv.com\/people\/series\/adolescence-severance-the-bear-qui-sont-les-favoris-des-emmy-awards_AD-202507150304.html\" title=\"&quot;Adolescence&quot;, &quot;Severance&quot;, &quot;The Bear&quot;... Qui sont les favoris des Emmy Awards?\" class=\"internal_link\" rel=\"nofollow noopener\" target=\"_blank\">The Bear<\/a>, Abbott Elementary).<\/p>\n<p>La com\u00e9die dramatique de 20th Century Studios raconte le parcours initiatique d&rsquo;une jeune femme r\u00eaveuse qui se taille son propre chemin en jonglant entre sa vie personnelle et professionnelle. Elle est produite par James L. Brooks, Richard Sakai, Julie Ansell et Jennifer Brooks. Le film sortira le 4 f\u00e9vrier 2026 en France.<\/p>\n","protected":false},"excerpt":{"rendered":"La nouvelle com\u00e9die dramatique de 20th Century Studios, \u00e9crite et r\u00e9alis\u00e9e par l&rsquo;oscaris\u00e9 James L. Brooks, sortira le&hellip;\n","protected":false},"author":2,"featured_media":298989,"comment_status":"","ping_status":"","sticky":false,"template":"","format":"standard","meta":{"footnotes":""},"categories":[1354],"tags":[58,59,1346,1011,27,1360],"class_list":{"0":"post-298988","1":"post","2":"type-post","3":"status-publish","4":"format-standard","5":"has-post-thumbnail","7":"category-films","8":"tag-divertissement","9":"tag-entertainment","10":"tag-films","11":"tag-fr","12":"tag-france","13":"tag-movies"},"share_on_mastodon":{"url":"https:\/\/pubeurope.com\/@fr\/114978379770981192","error":""},"_links":{"self":[{"href":"https:\/\/www.europesays.com\/fr\/wp-json\/wp\/v2\/posts\/298988","targetHints":{"allow":["GET"]}}],"collection":[{"href":"https:\/\/www.europesays.com\/fr\/wp-json\/wp\/v2\/posts"}],"about":[{"href":"https:\/\/www.europesays.com\/fr\/wp-json\/wp\/v2\/types\/post"}],"author":[{"embeddable":true,"href":"https:\/\/www.europesays.com\/fr\/wp-json\/wp\/v2\/users\/2"}],"replies":[{"embeddable":true,"href":"https:\/\/www.europesays.com\/fr\/wp-json\/wp\/v2\/comments?post=298988"}],"version-history":[{"count":0,"href":"https:\/\/www.europesays.com\/fr\/wp-json\/wp\/v2\/posts\/298988\/revisions"}],"wp:featuredmedia":[{"embeddable":true,"href":"https:\/\/www.europesays.com\/fr\/wp-json\/wp\/v2\/media\/298989"}],"wp:attachment":[{"href":"https:\/\/www.europesays.com\/fr\/wp-json\/wp\/v2\/media?parent=298988"}],"wp:term":[{"taxonomy":"category","embeddable":true,"href":"https:\/\/www.europesays.com\/fr\/wp-json\/wp\/v2\/categories?post=298988"},{"taxonomy":"post_tag","embeddable":true,"href":"https:\/\/www.europesays.com\/fr\/wp-json\/wp\/v2\/tags?post=298988"}],"curies":[{"name":"wp","href":"https:\/\/api.w.org\/{rel}","templated":true}]}}