{"id":29899,"date":"2025-04-16T20:15:32","date_gmt":"2025-04-16T20:15:32","guid":{"rendered":"https:\/\/www.europesays.com\/fr\/29899\/"},"modified":"2025-04-16T20:15:32","modified_gmt":"2025-04-16T20:15:32","slug":"un-homme-arrete-pres-de-nantes-apres-avoir-attaque-sa-femme-a-larme-blanche","status":"publish","type":"post","link":"https:\/\/www.europesays.com\/fr\/29899\/","title":{"rendered":"Un homme arr\u00eat\u00e9 pr\u00e8s de Nantes apr\u00e8s avoir attaqu\u00e9 sa femme \u00e0 l\u2019arme blanche"},"content":{"rendered":"<p>En \u00e9tat d\u2019\u00e9bri\u00e9t\u00e9, l\u2019individu a l\u00e9g\u00e8rement bless\u00e9 son \u00e9pouse, dans la nuit de samedi \u00e0 dimanche, dans un h\u00f4tel de Loroux-Bottereau, \u00e0 l\u2019est de l\u2019agglom\u00e9ration nantaise.<\/p>\n<p class=\"fig-paragraph\">Frayeur au Loroux-Bottereau. Ce week-end, dans la nuit du samedi 12 au dimanche 13 avril, un homme a attaqu\u00e9 sa conjointe \u00e0 l\u2019aide d\u2019une arme blanche. Les motifs de l\u2019agression \u00e9taient encore troubles ce lundi matin. Le couple s\u00e9journait avec ses quatre enfants dans un h\u00f4tel du centre-bourg de cette commune situ\u00e9 10 kilom\u00e8tres \u00e0 l\u2019est\u00a0<a href=\"https:\/\/www.lefigaro.fr\/nantes\" target=\"_blank\" data-fig-type=\"Section\" rel=\"noopener\" data-gtm-custom-categorie=\"navigation\" data-gtm-custom-action=\"crossclick\" data-gtm-custom-label=\"Contextuel\" data-gtm-event=\"customEventSPE\" data-fig-domain=\"LEFIGARO\">de Nantes<\/a>\u00a0(Loire-Atlantique).<\/p>\n<p class=\"fig-paragraph\">Selon le service d\u00e9partemental d\u2019incendie et de secours d\u00e9p\u00each\u00e9 sur place, l\u2019incident s\u2019est d\u00e9roul\u00e9 un peu apr\u00e8s minuit. En<a href=\"http:\/\/sante.lefigaro.fr\/social\/sante-publique\/l-alcool-affecte-plus-vite-et-plus-gravement-les-femmes-que-les-hommes-alerte-la-haute-autorite-de-sante-20250227\" target=\"_blank\" data-fig-type=\"NewsFlash\" rel=\"noopener\" data-gtm-custom-categorie=\"navigation\" data-gtm-custom-action=\"crossclick\" data-gtm-custom-label=\"Contextuel\" data-gtm-event=\"customEventSPE\" data-fig-domain=\"SANTE\">\u00a0\u00e9tat d\u2019\u00e9bri\u00e9t\u00e9<\/a>, l\u2019homme, \u00e2g\u00e9 de 36 ans, s\u2019en est pris \u00e0 son \u00e9pouse de 32 ans, la blessant l\u00e9g\u00e8rement. L\u2019individu mena\u00e7ant a finalement \u00e9t\u00e9 interpell\u00e9 au milieu de la nuit apr\u00e8s une intervention du peloton de surveillance et d\u2019intervention de la gendarmerie (PSIG), alors qu\u2019un des enfants du couple se trouvait dans la pi\u00e8ce.<\/p>\n<p class=\"fig-paragraph\">L\u2019\u00e9pouse bless\u00e9e a \u00e9t\u00e9 transport\u00e9e au\u00a0<a href=\"http:\/\/www.lefigaro.fr\/nantes\/chu-de-nantes-vers-un-recours-a-l-ia-pour-ameliorer-la-prise-en-charge-des-cancers-20250212\" target=\"_blank\" data-fig-type=\"NewsFlash\" rel=\"noopener\" data-gtm-custom-categorie=\"navigation\" data-gtm-custom-action=\"crossclick\" data-gtm-custom-label=\"Contextuel\" data-gtm-event=\"customEventSPE\" data-fig-domain=\"LEFIGARO\">CHU de Nantes<\/a>. Les quatre enfants du couple, \u00e2g\u00e9s de 3 \u00e0 10 ans, ont \u00e9t\u00e9 confi\u00e9s aux services p\u00e9diatriques du centre hospitalier. L\u2019assaillant a \u00e9galement \u00e9t\u00e9 bri\u00e8vement confi\u00e9 aux soins du CHU de Nantes, avant d\u2019\u00eatre plac\u00e9 en garde \u00e0 vue. Une enqu\u00eate a \u00e9t\u00e9 ouverte par la brigade de gendarmerie du Loroux-Bottereau, pour retracer les circonstances exactes de l\u2019incident.<\/p>\n","protected":false},"excerpt":{"rendered":"En \u00e9tat d\u2019\u00e9bri\u00e9t\u00e9, l\u2019individu a l\u00e9g\u00e8rement bless\u00e9 son \u00e9pouse, dans la nuit de samedi \u00e0 dimanche, dans un&hellip;\n","protected":false},"author":2,"featured_media":29900,"comment_status":"","ping_status":"","sticky":false,"template":"","format":"standard","meta":{"footnotes":""},"categories":[2818],"tags":[1111,11,1120,1777,674,462,1011,27,2640,2642,766,2638,2643,2637,2639,2646,2645,2641,2635,2644,2647,12,2636,25],"class_list":{"0":"post-29899","1":"post","2":"type-post","3":"status-publish","4":"format-standard","5":"has-post-thumbnail","7":"category-nantes","8":"tag-actu","9":"tag-actualites","10":"tag-agression","11":"tag-eu","12":"tag-europe","13":"tag-fc-nantes","14":"tag-fr","15":"tag-france","16":"tag-hauts-paves-saint-felix","17":"tag-ile-de-nantes","18":"tag-nantes","19":"tag-nantes-bellevue-chantenay-sainte-anne","20":"tag-nantes-breil-barberie","21":"tag-nantes-centre-ville","22":"tag-nantes-dervallieres-zola","23":"tag-nantes-doulon-bottiere","24":"tag-nantes-erdre","25":"tag-nantes-malakoff-saint-donatien","26":"tag-nantes-metropole","27":"tag-nantes-nord","28":"tag-nantes-sud","29":"tag-news","30":"tag-pays-de-la-loire","31":"tag-republique-francaise"},"share_on_mastodon":{"url":"https:\/\/pubeurope.com\/@fr\/114349482039818623","error":""},"_links":{"self":[{"href":"https:\/\/www.europesays.com\/fr\/wp-json\/wp\/v2\/posts\/29899","targetHints":{"allow":["GET"]}}],"collection":[{"href":"https:\/\/www.europesays.com\/fr\/wp-json\/wp\/v2\/posts"}],"about":[{"href":"https:\/\/www.europesays.com\/fr\/wp-json\/wp\/v2\/types\/post"}],"author":[{"embeddable":true,"href":"https:\/\/www.europesays.com\/fr\/wp-json\/wp\/v2\/users\/2"}],"replies":[{"embeddable":true,"href":"https:\/\/www.europesays.com\/fr\/wp-json\/wp\/v2\/comments?post=29899"}],"version-history":[{"count":0,"href":"https:\/\/www.europesays.com\/fr\/wp-json\/wp\/v2\/posts\/29899\/revisions"}],"wp:featuredmedia":[{"embeddable":true,"href":"https:\/\/www.europesays.com\/fr\/wp-json\/wp\/v2\/media\/29900"}],"wp:attachment":[{"href":"https:\/\/www.europesays.com\/fr\/wp-json\/wp\/v2\/media?parent=29899"}],"wp:term":[{"taxonomy":"category","embeddable":true,"href":"https:\/\/www.europesays.com\/fr\/wp-json\/wp\/v2\/categories?post=29899"},{"taxonomy":"post_tag","embeddable":true,"href":"https:\/\/www.europesays.com\/fr\/wp-json\/wp\/v2\/tags?post=29899"}],"curies":[{"name":"wp","href":"https:\/\/api.w.org\/{rel}","templated":true}]}}