{"id":298990,"date":"2025-08-05T21:53:10","date_gmt":"2025-08-05T21:53:10","guid":{"rendered":"https:\/\/www.europesays.com\/fr\/298990\/"},"modified":"2025-08-05T21:53:10","modified_gmt":"2025-08-05T21:53:10","slug":"le-covid-long-nest-pas-un-trouble-psychosomatique-il-est-temps-de-sortir-du-deni","status":"publish","type":"post","link":"https:\/\/www.europesays.com\/fr\/298990\/","title":{"rendered":"Le Covid long n&rsquo;est pas un trouble psychosomatique. Il est temps de sortir du d\u00e9ni"},"content":{"rendered":"<p class=\"ap-StoryElement ap-StoryElement--mb js-paywall-target ap-StoryText\">Parue dans Nature Communications, la premi\u00e8re, qui a \u00e9t\u00e9 men\u00e9e par une \u00e9quipe de l&rsquo;Institut Pasteur, d\u00e9montre la persistance du virus \u00e0 long terme dans le tronc c\u00e9r\u00e9bral de hamsters, alt\u00e9rant l&rsquo;expression de g\u00e8nes li\u00e9s \u00e0 la neurotransmission, la neuroinflammation et aux processus neurod\u00e9g\u00e9n\u00e9ratifs. \u00ab\u00a0Des troubles comportementaux comparables \u00e0 ceux des patients humains y sont observ\u00e9s\u00a0\u00bb, font remarquer les associations.<\/p>\n<p class=\"ap-StoryElement ap-StoryElement--mb ap-StoryText\">Quant \u00e0 la seconde \u00e9tude, publi\u00e9e dans Science Translational Medicine et men\u00e9e par des chercheurs de Harvard, elle montre que le larazotide, administr\u00e9 \u00e0 des enfants atteints de MIS-C post-Covid, acc\u00e9l\u00e8re l&rsquo;\u00e9limination de la prot\u00e9ine Spike circulante, att\u00e9nue les sympt\u00f4mes et favorise un retour plus rapide \u00e0 la vie quotidienne.<\/p>\n<p class=\"ap-StoryElement ap-StoryElement--mb ap-StoryText\">Pour les associations en question, \u00ab\u00a0ces publications renforcent l&rsquo;urgence de d\u00e9velopper et de d\u00e9ployer des antiviraux ciblant cette charge virale circulante et tissulaire\u00a0\u00bb.<\/p>\n<p><a href=\"https:\/\/www.lalibre.be\/planete\/sante\/2024\/06\/05\/profil-symptomes-suivi-ou-en-est-on-aujourdhui-avec-le-covid-long-qui-touche-au-moins-65-millions-de-personnes-XCOUZARAVNF7FJRVIENLJLHXUA\/\" target=\"_blank\" rel=\"noopener noreferrer\" class=\"ap-StoryInterstitialLink ap-StoryElement ap-StoryElement--mb\">Profil, sympt\u00f4mes, suivi: o\u00f9 en est-on aujourd&rsquo;hui avec le Covid long qui touche au moins 65 millions de personnes?<\/a>Acc\u00e9l\u00e9rer les essais cliniques<\/p>\n<p class=\"ap-StoryElement ap-StoryElement--mb ap-StoryText\">Suite \u00e0 ces avanc\u00e9es, Long Covid Belgium et Not Recovered Belgium appellent les autorit\u00e9s sanitaires belges et europ\u00e9ennes \u00e0 \u00ab\u00a0financer et acc\u00e9l\u00e9rer les essais cliniques sur les antiviraux, immunomodulateurs et autres th\u00e9rapeutiques ciblant la persistance virale ; assurer un acc\u00e8s compassionnel ou \u00e9largi aux antiviraux existants pour les patients Covid long, comme cela se pratique pour d&rsquo;autres pathologies virales chroniques ; revoir d&rsquo;urgence les recommandations de prise en charge qui cantonnent les patients \u00e0 des approches purement r\u00e9\u00e9ducatives, en d\u00e9pit des preuves biologiques d\u00e9sormais solides et reconna\u00eetre le Covid long comme une condition \u00e0 haut risque en cas d&rsquo;infection covid, qui implique un acc\u00e8s aux traitements du Covid (traitement ambulatoire ou anticorps monoclonaux)\u00a0\u00bb.<\/p>\n<p><a href=\"https:\/\/www.lalibre.be\/planete\/sante\/2025\/03\/15\/avant-cette-infection-je-travaillais-12-heures-par-jour-jetais-en-pleine-forme-jamais-malade-du-jour-au-lendemain-tout-a-bascule-27VGCXHVYREMLESICLO5FVSK2M\/\" target=\"_blank\" rel=\"noopener noreferrer\" class=\"ap-StoryInterstitialLink ap-StoryElement ap-StoryElement--mb\">\u00ab\u00a0Avant cette infection, je travaillais 12 heures par jour, j&rsquo;\u00e9tais en pleine forme, jamais malade. Du jour au lendemain, tout a bascul\u00e9\u00a0\u00bb<\/a><\/p>\n<p class=\"ap-StoryElement ap-StoryElement--mb ap-StoryText\">Les associations tiennent aussi \u00e0 attirer l&rsquo;attention sur le fait que \u00ab\u00a0l&rsquo;abandon des mesures de pr\u00e9vention alimente une crise sanitaire et \u00e9conomique majeure. Chaque vague infectieuse g\u00e9n\u00e8re des milliers de nouveaux cas de COVID long, tandis que les \u00e9tudes internationales r\u00e9v\u00e8lent une hausse alarmante des maladies chroniques, neurod\u00e9g\u00e9n\u00e9ratives et oncologiques dans les populations expos\u00e9es\u00a0\u00bb.<\/p>\n<p class=\"ap-StoryElement ap-StoryElement--mb ap-StoryText\">Pour ces personnes concern\u00e9es par le Covid long, \u00ab\u00a0il est temps de sortir du d\u00e9ni. Il est inacceptable qu&rsquo;en 2025, des patients y soient encore confront\u00e9s, alors que la litt\u00e9rature scientifique d\u00e9montre la persistance virale, l&rsquo;inflammation chronique et les dommages tissulaires\u00a0\u00bb.<\/p>\n<p><a href=\"https:\/\/www.lalibre.be\/planete\/sante\/2024\/04\/30\/le-covid-long-ce-nest-pas-dans-la-tete-deux-chercheurs-belges-demontrent-la-capacite-du-coronavirus-a-se-repliquer-dans-lorganisme-JJYX5ULK7FG77LJBSG26C7YJ24\/\" target=\"_blank\" rel=\"noopener noreferrer\" class=\"ap-StoryInterstitialLink ap-StoryElement ap-StoryElement--mb\">\u00ab\u00a0Le Covid long, ce n&rsquo;est pas dans la t\u00eate\u00a0\u00bb : deux chercheurs belges d\u00e9montrent la capacit\u00e9 du coronavirus \u00e0 se r\u00e9pliquer dans l&rsquo;organisme<\/a><\/p>\n","protected":false},"excerpt":{"rendered":"Parue dans Nature Communications, la premi\u00e8re, qui a \u00e9t\u00e9 men\u00e9e par une \u00e9quipe de l&rsquo;Institut Pasteur, d\u00e9montre la&hellip;\n","protected":false},"author":2,"featured_media":298991,"comment_status":"","ping_status":"","sticky":false,"template":"","format":"standard","meta":{"footnotes":""},"categories":[10],"tags":[43921,43899,43920,43923,4356,4357,43914,43918,2073,43917,43912,1011,27,72,43922,43907,16751,43911,43906,43905,43898,43908,43925,43919,43910,43924,43909,71,12558,43913,9536,43904,43901,43915,43916,43902,5336,43900,19593,6869,43903],"class_list":{"0":"post-298990","1":"post","2":"type-post","3":"status-publish","4":"format-standard","5":"has-post-thumbnail","7":"category-sante","8":"tag-alone","9":"tag-community-mask","10":"tag-corona","11":"tag-corona-crisis","12":"tag-coronavirus","13":"tag-covid-19","14":"tag-database-rest","15":"tag-depressed","16":"tag-depression","17":"tag-fabric-mask","18":"tag-face-mask","19":"tag-fr","20":"tag-france","21":"tag-health","22":"tag-lonely","23":"tag-longing","24":"tag-look","25":"tag-melancholic","26":"tag-mouth-mask","27":"tag-mouth-nasal-mask","28":"tag-mouth-nose-mask","29":"tag-pandemic","30":"tag-pathogen","31":"tag-pensive","32":"tag-protective-mask","33":"tag-respiratory-mask","34":"tag-sad","35":"tag-sante","36":"tag-simple","37":"tag-simple-mask","38":"tag-single","39":"tag-single-woman","40":"tag-skeptical","41":"tag-spread","42":"tag-textile-mask","43":"tag-thoughtful","44":"tag-virus","45":"tag-vm","46":"tag-window","47":"tag-woman","48":"tag-young-woman"},"share_on_mastodon":{"url":"","error":"Validation failed: Text character limit of 500 exceeded"},"_links":{"self":[{"href":"https:\/\/www.europesays.com\/fr\/wp-json\/wp\/v2\/posts\/298990","targetHints":{"allow":["GET"]}}],"collection":[{"href":"https:\/\/www.europesays.com\/fr\/wp-json\/wp\/v2\/posts"}],"about":[{"href":"https:\/\/www.europesays.com\/fr\/wp-json\/wp\/v2\/types\/post"}],"author":[{"embeddable":true,"href":"https:\/\/www.europesays.com\/fr\/wp-json\/wp\/v2\/users\/2"}],"replies":[{"embeddable":true,"href":"https:\/\/www.europesays.com\/fr\/wp-json\/wp\/v2\/comments?post=298990"}],"version-history":[{"count":0,"href":"https:\/\/www.europesays.com\/fr\/wp-json\/wp\/v2\/posts\/298990\/revisions"}],"wp:featuredmedia":[{"embeddable":true,"href":"https:\/\/www.europesays.com\/fr\/wp-json\/wp\/v2\/media\/298991"}],"wp:attachment":[{"href":"https:\/\/www.europesays.com\/fr\/wp-json\/wp\/v2\/media?parent=298990"}],"wp:term":[{"taxonomy":"category","embeddable":true,"href":"https:\/\/www.europesays.com\/fr\/wp-json\/wp\/v2\/categories?post=298990"},{"taxonomy":"post_tag","embeddable":true,"href":"https:\/\/www.europesays.com\/fr\/wp-json\/wp\/v2\/tags?post=298990"}],"curies":[{"name":"wp","href":"https:\/\/api.w.org\/{rel}","templated":true}]}}