{"id":298994,"date":"2025-08-05T21:55:16","date_gmt":"2025-08-05T21:55:16","guid":{"rendered":"https:\/\/www.europesays.com\/fr\/298994\/"},"modified":"2025-08-05T21:55:16","modified_gmt":"2025-08-05T21:55:16","slug":"ce-nest-pas-a-moi-davoir-honte-jazz-confirme-que-son-mari-laurent-est-infidele-et-le-menace-en-public-une-derniere-chance","status":"publish","type":"post","link":"https:\/\/www.europesays.com\/fr\/298994\/","title":{"rendered":"Ce n\u2019est pas \u00e0 moi d\u2019avoir honte\u00a0\u00bb, Jazz confirme que son mari Laurent est infid\u00e8le et le menace en public : \u00ab\u00a0Une derni\u00e8re chance"},"content":{"rendered":"<p>Elle a souhait\u00e9 <strong>faire taire les mauvaises langues<\/strong>. Ou plut\u00f4t, clarifier la situation de sa vie priv\u00e9e. Depuis de nombreuses semaines, nombre d\u2019internautes \u00e9voquent <a href=\"https:\/\/www.public.fr\/jazz-et-laurent-font-une-enorme-precision-apres-avoir-annonce-leur-rupture-sur-instagram\" target=\"_blank\" rel=\"noopener\">une \u00e9ventuelle s\u00e9paration<\/a> entre <a href=\"https:\/\/www.public.fr\/tag\/jazz\" target=\"_blank\" rel=\"noopener\">Jazz Correia <\/a>et Laurent. Il n\u2019en serait en r\u00e9alit\u00e9 rien, malgr\u00e9 le fait que le jeune homme aurait bel et bien faut\u00e9.<\/p>\n<p>Pour rappel, le principal int\u00e9ress\u00e9 a pris la parole ce lundi 4 ao\u00fbt 2025 pour \u00e9voquer la situation. <strong>Il a souhait\u00e9 se d\u00e9fendre<\/strong> apr\u00e8s avoir d\u00e9couvert qu\u2019une vid\u00e9o de lui circulait sur la Toile. Dans ladite vid\u00e9o, le jeune papa apparaissait en tr\u00e8s bonne compagnie.\u00a0<\/p>\n<p>Laurent prend la parole et se d\u00e9fend face aux rumeurs<\/p>\n<p>Il a donc souhait\u00e9 se d\u00e9fendre et s\u2019expliquer. \u00ab\u00a0Il est temps de parler. Une fois, clairement. Et d\u00e9finitivement. Cela fait bient\u00f4t <strong>neuf ans que je partage ma vie<\/strong> avec la femme que j&rsquo;aime plus que tout. Neuf ann\u00e9es d&rsquo;une relation intense, complexe, riche, marqu\u00e9e par l&rsquo;amour, les erreurs, la croissance, les douleurs&#8230; et la reconstruction\u00a0\u00bb,\u00a0a-t-il d\u2019abord expliqu\u00e9.<\/p>\n<p>Par la suite, <a href=\"https:\/\/www.public.fr\/jazz-et-laurent-separes-depuis-plusieurs-mois-mais-ensemble-pour-limage-les-principaux-interesses-repondent-enfin\" target=\"_blank\" rel=\"noopener\">le compagnon de Jazz Correia<\/a> a pr\u00e9cis\u00e9 que la vid\u00e9o avait \u00e9t\u00e9 tourn\u00e9e \u00ab\u00a0durant une s\u00e9paration\u00a0\u00bb, dans une p\u00e9riode\u00a0\u00ab\u00a0extr\u00eamement difficile\u00a0\u00bb.\u00a0\u00ab\u00a0Ce moment a eu lieu durant cette s\u00e9paration, \u00e0 un moment o\u00f9 j&rsquo;\u00e9tais bris\u00e9 int\u00e9rieurement, mais aussi s\u00e9par\u00e9 de ma femme. Ce n&rsquo;est ni une trahison, ni un mensonge, mais une partie sombre de ma vie que je n&rsquo;ai jamais eu envie d&rsquo;exposer\u00a0\u00bb, a-t-il une nouvelle fois assur\u00e9.<\/p>\n<p>De plus, il assure que la vid\u00e9o refait surface dans un contexte toujours difficile pour sa famille, qui tente de se reconstruire. 24 heures apr\u00e8s cette prise de parole, c\u2019est au tour de Jazz Correia de prendre la parole.<\/p>\n<p>Le coup de gueule de Jazz Correia<\/p>\n<p>Ce mardi 5 ao\u00fbt 2025, <a href=\"https:\/\/vsd.fr\/tag\/jazz-correia\/\" target=\"_blank\" rel=\"noopener\">la candidate de t\u00e9l\u00e9-r\u00e9alit\u00e9<\/a> a \u00e9galement souhait\u00e9 clarifier la situation. \u00ab\u00a0Depuis des mois, j\u2019encaisse. Je laisse parler, juger, inventer. <strong>Mais aujourd&rsquo;hui, je prends la parole<\/strong>\u00ab\u00a0, explique-t-elle dans un premier temps avant de laisser parler sa col\u00e8re : \u00ab\u00a0je n\u2019ai jamais eu honte de mes choix, ni de mes \u00e9preuves parce que ce n\u2019est pas \u00e0 moi d\u2019avoir honte. <strong>Mon mari est revenu vers moi<\/strong>, pas l\u2019inverse\u00a0\u00bb.<\/p>\n<p>La jeune maman assure que Laurent lui a demand\u00e9 pardon et a ainsi choisi de \u00ab\u00a0<strong>lui laisser une derni\u00e8re chance<\/strong>\u00ab\u00a0. \u00ab\u00a0Ce choix, je l\u2019assume, mais je ne suis pas aveugle, ni faible. Je suis une femme qui a trop v\u00e9cu pour croire encore aux promesses en l\u2019air. Alors oui, c\u2019est sa derni\u00e8re chance\u00a0\u00bb, pr\u00e9vient-elle.<\/p>\n<p>Jazz Correia conclut finalement son message en indiquant que, dans le cas o\u00f9 son compagnon ne \u00ab\u00a0comprend pas\u00a0\u00bb, elle <strong>\u00ab\u00a0saura refermer ce chapitre avec dignit\u00e9\u00a0\u00bb. <\/strong><\/p>\n<p>\u00ab\u00a0Ce que je vis, je le vis en priv\u00e9. Mais ce sont toujours des inconnues qui cherchent la lumi\u00e8re. En esp\u00e9rant gratter quelques secondes d\u2019attention. Soyons clairs elles ne veulent pas mon mari, elles veulent ma place. Mais ma place, on ne la prend pas, on la construit et peu en sont capables\u00a0\u00bb, conclut finalement la jeune maman. <\/p>\n<p><img loading=\"lazy\" decoding=\"async\" width=\"472\" height=\"1024\" src=\"data:image\/svg+xml,%3Csvg%20xmlns=\" http:=\"\" alt=\"&quot;Ce n\u2019est pas \u00e0 moi d\u2019avoir honte&quot;, Jazz confirme que son mari Laurent est infid\u00e8le et le menace en public : &quot;Une derni\u00e8re chance&quot;\" data-lazy- data-lazy- data-lazy-src=\"https:\/\/www.europesays.com\/fr\/wp-content\/uploads\/2025\/08\/WhatsApp-Image-2025-08-05-at-19.18.26-472x1024.jpeg\"\/><\/p>\n<p>      Mentionn\u00e9s dans cet article<\/p>\n<p>      Sur le m\u00eame sujet<\/p>\n","protected":false},"excerpt":{"rendered":"Elle a souhait\u00e9 faire taire les mauvaises langues. Ou plut\u00f4t, clarifier la situation de sa vie priv\u00e9e. Depuis&hellip;\n","protected":false},"author":2,"featured_media":298995,"comment_status":"","ping_status":"","sticky":false,"template":"","format":"standard","meta":{"footnotes":""},"categories":[8],"tags":[1193,58,59,1011,27,43927,11256,13559],"class_list":{"0":"post-298994","1":"post","2":"type-post","3":"status-publish","4":"format-standard","5":"has-post-thumbnail","7":"category-divertissement","8":"tag-couple","9":"tag-divertissement","10":"tag-entertainment","11":"tag-fr","12":"tag-france","13":"tag-infidele","14":"tag-jazz-correia","15":"tag-rupture"},"share_on_mastodon":{"url":"https:\/\/pubeurope.com\/@fr\/114978391933099116","error":""},"_links":{"self":[{"href":"https:\/\/www.europesays.com\/fr\/wp-json\/wp\/v2\/posts\/298994","targetHints":{"allow":["GET"]}}],"collection":[{"href":"https:\/\/www.europesays.com\/fr\/wp-json\/wp\/v2\/posts"}],"about":[{"href":"https:\/\/www.europesays.com\/fr\/wp-json\/wp\/v2\/types\/post"}],"author":[{"embeddable":true,"href":"https:\/\/www.europesays.com\/fr\/wp-json\/wp\/v2\/users\/2"}],"replies":[{"embeddable":true,"href":"https:\/\/www.europesays.com\/fr\/wp-json\/wp\/v2\/comments?post=298994"}],"version-history":[{"count":0,"href":"https:\/\/www.europesays.com\/fr\/wp-json\/wp\/v2\/posts\/298994\/revisions"}],"wp:featuredmedia":[{"embeddable":true,"href":"https:\/\/www.europesays.com\/fr\/wp-json\/wp\/v2\/media\/298995"}],"wp:attachment":[{"href":"https:\/\/www.europesays.com\/fr\/wp-json\/wp\/v2\/media?parent=298994"}],"wp:term":[{"taxonomy":"category","embeddable":true,"href":"https:\/\/www.europesays.com\/fr\/wp-json\/wp\/v2\/categories?post=298994"},{"taxonomy":"post_tag","embeddable":true,"href":"https:\/\/www.europesays.com\/fr\/wp-json\/wp\/v2\/tags?post=298994"}],"curies":[{"name":"wp","href":"https:\/\/api.w.org\/{rel}","templated":true}]}}