{"id":298996,"date":"2025-08-05T21:56:10","date_gmt":"2025-08-05T21:56:10","guid":{"rendered":"https:\/\/www.europesays.com\/fr\/298996\/"},"modified":"2025-08-05T21:56:10","modified_gmt":"2025-08-05T21:56:10","slug":"pourquoi-ce-mardi-5-aout-sera-de-tres-peu-lune-des-journees-les-plus-courtes-de-lannee","status":"publish","type":"post","link":"https:\/\/www.europesays.com\/fr\/298996\/","title":{"rendered":"Pourquoi ce mardi 5\u00a0ao\u00fbt sera (de tr\u00e8s peu) l\u2019une des journ\u00e9es les plus courtes de l\u2019ann\u00e9e\u00a0?"},"content":{"rendered":"<p class=\"paragraph text_align_left lp-f-body-02\">Ce mardi 5 ao\u00fbt marque une journ\u00e9e particuli\u00e8re puisqu\u2019il s\u2019agit d\u2019une des <a href=\"https:\/\/www.leparisien.fr\/sciences\/solstice-dhiver-bonne-nouvelle-les-journees-vont-commencer-a-se-rallonger-des-ce-samedi-21-decembre-18-12-2024-KVOHMMJ4QZAEVGWXD7ZAFKII3M.php\" target=\"_blank\" rel=\"noreferrer noopener\">journ\u00e9es les plus courtes<\/a> de l\u2019ann\u00e9e, voire l\u2019une des plus courtes de l\u2019histoire.<\/p>\n<p class=\"paragraph text_align_left lp-f-body-02\">Si l\u2019on sait que les journ\u00e9es en \u00e9t\u00e9 sont <a href=\"https:\/\/www.leparisien.fr\/sciences\/solstice-dete-quest-ce-que-ce-phenomene-astronomique-qui-marque-le-debut-de-lete-ce-jeudi-20-juin-20-06-2024-V6WCRCMMGVB3XMMJWEIMGLO4TE.php\" target=\"_blank\" rel=\"noreferrer noopener\">bien plus longues<\/a> que celles en hiver, le ph\u00e9nom\u00e8ne de ce mardi 5 ao\u00fbt n\u2019a rien \u00e0 voir avec la journ\u00e9e durant laquelle la clart\u00e9 est la plus longue ou la plus courte.<\/p>\n<p class=\"paragraph text_align_left lp-f-body-02\">Il s\u2019agit de la journ\u00e9e durant laquelle la <a href=\"https:\/\/www.leparisien.fr\/sciences\/le-noyau-de-la-terre-serait-en-train-de-changer-de-sens-de-rotation-23-01-2023-5L7HZTKBBRE7LPMFNMC473RQPE.php\" target=\"_blank\" rel=\"noreferrer noopener\">Terre<\/a> va tourner plus vite que le reste de l\u2019ann\u00e9e, et donc nous offrir les 24 heures les plus courtes de l\u2019ann\u00e9e. Ne vous attendez toutefois pas \u00e0 ressentir cette diff\u00e9rence, car cette journ\u00e9e durera environ 1,25 milliseconde de moins qu\u2019une journ\u00e9e \u00ab normale \u00bb, selon <a href=\"https:\/\/www.timeanddate.com\/news\/astronomy\/earth-fast-rotation-2025\" target=\"_self\" rel=\"noopener\">timeanddate<\/a>, site sp\u00e9cialis\u00e9 dans les ph\u00e9nom\u00e8nes astronomiques.<\/p>\n<p class=\"paragraph text_align_left lp-f-body-02\">Alors qu\u2019une journ\u00e9e habituelle dure normalement 86 400 secondes, elle durera donc 86 399,9875 secondes ce mardi 5 ao\u00fbt. Un ph\u00e9nom\u00e8ne pas nouveau, et qui a m\u00eame tendance \u00e0 s\u2019intensifier. Depuis 2020, les journ\u00e9es sont de plus en plus courtes parce que la Terre tourne plus vite sur elle-m\u00eame.<\/p>\n<p>Le mouvement de rotation de la Terre s\u2019acc\u00e9l\u00e8re depuis 2020<\/p>\n<p class=\"paragraph text_align_left lp-f-body-02\">\u00ab \u00c7a va \u00e0 l\u2019encontre du ralentissement de <a href=\"https:\/\/www.leparisien.fr\/sciences\/la-terre-va-t-elle-battre-un-record-de-vitesse-cet-ete-09-07-2025-75X2NOAMUFE6FL5KX4SPFNGPXY.php\" target=\"_blank\" rel=\"noreferrer noopener\">la vitesse de rotation de la Terre<\/a> qu\u2019on a mesur\u00e9 depuis des millions, voire des milliards d\u2019ann\u00e9es \u00bb, indique \u00e0 <a href=\"https:\/\/www.lapresse.ca\/actualites\/sciences\/2025-08-03\/ces-fois-ou-la-terre-tourne-un-peu-plus-vite.php\" target=\"_blank\" rel=\"noreferrer noopener\">La Presse<\/a> Robert Lamontagne, astronome de l\u2019Universit\u00e9 de Montr\u00e9al \u00e0 la retraite. \u00ab On a des preuves g\u00e9ologiques qu\u2019\u00e0 l\u2019\u00e9poque des dinosaures, par exemple, il y a 100 millions d\u2019ann\u00e9es, les journ\u00e9es avaient 23 heures plut\u00f4t que 24. Et il y a 900 millions d\u2019ann\u00e9es, c\u2019\u00e9tait 22 heures \u00bb, ajoute-t-il.<\/p>\n<p class=\"paragraph text_align_left lp-f-body-02\">Si la raison de cette inversion de tendance, qui fait maintenant raccourcir les journ\u00e9es, n\u2019est pas claire, les scientifiques ont remarqu\u00e9 que le mouvement naturel de rotation de la Terre s\u2019acc\u00e9l\u00e8re depuis cinq ans en partie en raison de la fonte des glaces, de l\u2019<a href=\"https:\/\/www.leparisien.fr\/futurs\/seisme-dans-le-pacifique-le-volcan-russe-klioutchevskoi-entre-en-eruption-apres-le-puissant-tremblement-de-terre-30-07-2025-CFFB7ZJ4JFHRRHZLJKHFLJH7G4.php\" target=\"_blank\" rel=\"noreferrer noopener\">activit\u00e9 volcanique<\/a> ou encore de la position de la lune.<\/p>\n<p class=\"paragraph text_align_left lp-f-body-02\">C\u2019est pourquoi les scientifiques de l\u2019International Earth Rotation Service (IERS), l\u2019organisme en charge d\u2019unifier les pendules mondiales, pr\u00e9conisent d\u2019ajouter d\u00e8s 2029 une seconde n\u00e9gative au temps universel coordonn\u00e9 (UTC) pour le maintenir synchronis\u00e9 avec le temps astronomique.<\/p>\n<p class=\"paragraph text_align_left lp-f-body-02\">Une synchronisation pas si rare puisque le Service des syst\u00e8mes de r\u00e9f\u00e9rence de la rotation de la Terre (IERS) avait introduit une seconde suppl\u00e9mentaire appel\u00e9e \u00ab intercalaire \u00bb en 1972. Une seconde intercalaire a \u00e9t\u00e9 ajout\u00e9e \u00e0 24 reprises depuis cette ann\u00e9e-l\u00e0, dont la derni\u00e8re fois en 2016.<\/p>\n","protected":false},"excerpt":{"rendered":"Ce mardi 5 ao\u00fbt marque une journ\u00e9e particuli\u00e8re puisqu\u2019il s\u2019agit d\u2019une des journ\u00e9es les plus courtes de l\u2019ann\u00e9e,&hellip;\n","protected":false},"author":2,"featured_media":298997,"comment_status":"","ping_status":"","sticky":false,"template":"","format":"standard","meta":{"footnotes":""},"categories":[7],"tags":[1011,27,43,40,41,39,42,44],"class_list":{"0":"post-298996","1":"post","2":"type-post","3":"status-publish","4":"format-standard","5":"has-post-thumbnail","7":"category-sciences-et-technologies","8":"tag-fr","9":"tag-france","10":"tag-science","11":"tag-science-and-technology","12":"tag-sciences","13":"tag-sciences-et-technologies","14":"tag-technologies","15":"tag-technology"},"share_on_mastodon":{"url":"https:\/\/pubeurope.com\/@fr\/114978395742639471","error":""},"_links":{"self":[{"href":"https:\/\/www.europesays.com\/fr\/wp-json\/wp\/v2\/posts\/298996","targetHints":{"allow":["GET"]}}],"collection":[{"href":"https:\/\/www.europesays.com\/fr\/wp-json\/wp\/v2\/posts"}],"about":[{"href":"https:\/\/www.europesays.com\/fr\/wp-json\/wp\/v2\/types\/post"}],"author":[{"embeddable":true,"href":"https:\/\/www.europesays.com\/fr\/wp-json\/wp\/v2\/users\/2"}],"replies":[{"embeddable":true,"href":"https:\/\/www.europesays.com\/fr\/wp-json\/wp\/v2\/comments?post=298996"}],"version-history":[{"count":0,"href":"https:\/\/www.europesays.com\/fr\/wp-json\/wp\/v2\/posts\/298996\/revisions"}],"wp:featuredmedia":[{"embeddable":true,"href":"https:\/\/www.europesays.com\/fr\/wp-json\/wp\/v2\/media\/298997"}],"wp:attachment":[{"href":"https:\/\/www.europesays.com\/fr\/wp-json\/wp\/v2\/media?parent=298996"}],"wp:term":[{"taxonomy":"category","embeddable":true,"href":"https:\/\/www.europesays.com\/fr\/wp-json\/wp\/v2\/categories?post=298996"},{"taxonomy":"post_tag","embeddable":true,"href":"https:\/\/www.europesays.com\/fr\/wp-json\/wp\/v2\/tags?post=298996"}],"curies":[{"name":"wp","href":"https:\/\/api.w.org\/{rel}","templated":true}]}}