{"id":298998,"date":"2025-08-05T21:57:25","date_gmt":"2025-08-05T21:57:25","guid":{"rendered":"https:\/\/www.europesays.com\/fr\/298998\/"},"modified":"2025-08-05T21:57:25","modified_gmt":"2025-08-05T21:57:25","slug":"jaguar-land-rover-change-de-patron-trump-crie-au-wokisme-et-a-la-trahison-de-ladn-britannique","status":"publish","type":"post","link":"https:\/\/www.europesays.com\/fr\/298998\/","title":{"rendered":"Jaguar Land Rover change de patron, Trump crie au wokisme et \u00e0 la trahison de l\u2019ADN britannique"},"content":{"rendered":"<p>Quelques jours apr\u00e8s l\u2019annonce du d\u00e9part d\u2019Adrian Mardell, JLR a nomm\u00e9 PB Balaji \u00e0 sa t\u00eate. Mais le virage \u00e9lectrique et identitaire de Jaguar continue de faire grincer des dents. Jusqu\u2019\u00e0 la Maison Blanche o\u00f9 Donald Trump s\u2019en est violemment pris \u00e0 la marque, accus\u00e9e d\u2019avoir reni\u00e9 ses racines.<\/p>\n<p>\u00a0<\/p>\n<p>C\u2019est officiel depuis le 4 ao\u00fbt : <strong>PB Balaji, actuel directeur financier du groupe Tata Motors, prendra les commandes de Jaguar Land Rover<\/strong>, qui appartient au g\u00e9ant indien, en novembre. Il succ\u00e8de \u00e0 <a title=\"Adrian Mardell, en poste depuis trois ans\" href=\"https:\/\/www.automobile-magazine.fr\/toute-l-actualite\/article\/48947-automobile-la-valse-des-pdg-se-poursuit-avec-le-depart-de-celui-de-jaguar-land-rover\" target=\"_blank\" rel=\"noopener\">Adrian Mardell, en poste depuis trois ans<\/a> et qui a \u00e0 la fois remis le groupe dans le vert, mais est aussi l&rsquo;artisan d\u2019un repositionnement ambitieux : celui de recentrer <a href=\"https:\/\/www.automobile-magazine.fr\/marque\/jaguar\" target=\"_blank\" rel=\"noopener\">Jaguar<\/a> sur l\u2019\u00e9lectrique, en modifiant totalement l\u2019image d\u2019une marque devenue vieillissante. <strong>Balaji, premi\u00e8re personnalit\u00e9 indienne \u00e0 occuper ce poste, conna\u00eet bien la maison. Il a contribu\u00e9 au redressement de Tata Motors<\/strong> et \u00e0 l\u2019\u00e9largissement des investissements dans les batteries, les usines britanniques et les futures plateformes \u00e9lectriques du groupe. Son arriv\u00e9e confirme la volont\u00e9 de Tata de piloter directement une transformation strat\u00e9gique lourde, au moment o\u00f9 <a href=\"https:\/\/www.automobile-magazine.fr\/economie-politique\/article\/48829-en-france-jaguar-land-rover-vend-desormais-moins-de-voitures-que-ferrari-ou-cadillac\" target=\"_blank\" rel=\"noopener\">Jaguar suspend toute production thermique<\/a> dans l\u2019attente de sa nouvelle g\u00e9n\u00e9ration de mod\u00e8les \u00e9lectriques.<\/p>\n<p>Une vision qui ne pla\u00eet pas \u00e0 tout le monde<img decoding=\"async\" loading=\"lazy\" alt=\"Une marque &quot;en pleine d\u00e9route&quot; et coupable de s\u2019\u00eatre &quot;vendue au wokisme&quot;, Donald Trump s'en donne \u00e0 coeur joie sur la nouvelle identit\u00e9 de Jaguar. \" src=\"https:\/\/www.europesays.com\/fr\/wp-content\/uploads\/2025\/08\/une-marque-en-pleine-deroute-et-coupable-de-setre-vendue-au-wokisme-donald-trump-sen-donne-a-coeur-j.jpeg\" width=\"800\" height=\"449\"\/>Une marque \u00ab\u00a0en pleine d\u00e9route\u00a0\u00bb et coupable de s\u2019\u00eatre \u00ab\u00a0vendue au wokisme\u00a0\u00bb, Donald Trump s&rsquo;en donne \u00e0 coeur joie sur la nouvelle identit\u00e9 de Jaguar. \u00a9 Jaguar<\/p>\n<p>Mais il n&rsquo;aura pas fallu longtemps avant que le nouveau patron ait d\u00e9j\u00e0 un lourd dossier \u00e0 traiter. Quelques heures seulement apr\u00e8s l\u2019annonce, <strong>Donald Trump a attaqu\u00e9 frontalement Jaguar Land Rover, et plus pr\u00e9cis\u00e9ment Jaguar, d\u00e9non\u00e7ant sur sa plateforme Truth Social une marque \u00ab\u00a0en pleine d\u00e9route\u00a0\u00bb<\/strong>, et coupable de s\u2019\u00eatre \u00ab\u00a0vendue au wokisme\u00a0\u00bb. Le pr\u00e9sident am\u00e9ricain visait notamment la campagne vid\u00e9o d\u00e9voil\u00e9e en 2024, tr\u00e8s stylis\u00e9e, mettant en sc\u00e8ne une diversit\u00e9 de mod\u00e8les humains et de d\u00e9cors abstraits\u2026 sans qu\u2019aucune voiture n\u2019y apparaisse.\u2028 <strong>Trump, fid\u00e8le \u00e0 ses th\u00e8mes de campagne, s\u2019en est pris \u00e0 cette vision \u00ab\u00a0marketing\u00a0\u00bb de l\u2019automobile, l\u2019associant \u00e0 une trahison du design britannique<\/strong>. Il a m\u00eame qualifi\u00e9 le d\u00e9part de Mardell de \u00ab\u00a0d\u00e9mission honteuse\u00a0\u00bb, bien que celui-ci ait pris sa retraite apr\u00e8s 35 ans de carri\u00e8re.<\/p>\n<p>Jaguar, coinc\u00e9e entre image et innovation<\/p>\n<p>Le rebranding de Jaguar a d\u00e9j\u00e0 fait couler beaucoup d&rsquo;encre : sous le slogan \u00ab\u00a0Copy Nothing\u00a0\u00bb, la marque veut se r\u00e9inventer comme un constructeur 100\u202f% \u00e9lectrique haut de gamme, capable de rivaliser avec Bentley ou Lucid, plut\u00f4t que ses rivaux premium BMW ou Mercedes. <strong>Mais cette mont\u00e9e en gamme s\u2019accompagne d\u2019une rupture esth\u00e9tique et identitaire. Les nouveaux mod\u00e8les, attendus \u00e0 partir de 2026, viseront <a title=\"une client\u00e8le plus jeune, plus urbaine, plus mondialis\u00e9e\" href=\"https:\/\/www.automobile-magazine.fr\/toute-l-actualite\/article\/47367-avec-son-exuberante-berline-jaguar-veut-toucher-un-public-riche-urbain-et-plus-jeune\" target=\"_blank\" rel=\"noopener\">une client\u00e8le plus jeune, plus urbaine, plus mondialis\u00e9e<\/a><\/strong>. Mais dans l\u2019intervalle, Jaguar ne produit actuellement aucun v\u00e9hicule, en attendant que sa nouvelle gamme soit pr\u00eate. Outre l&rsquo;imagerie \u00ab\u00a0woke\u00a0\u00bb v\u00e9hicul\u00e9e par Jaguar, Donald Trump s&rsquo;en prend aussi peut-\u00eatre \u00e0 la marque parce que le groupe, bien que vendant majoritairement aux \u00c9tats-Unis, n&rsquo;a aucune usine sur place. En pleine guerre des droits de douane, <strong>le pr\u00e9sident am\u00e9ricain s&rsquo;est peut-\u00eatre trouv\u00e9 une nouvelle coqueluche<\/strong>. Et le changement \u00e0 la t\u00eate du groupe est l&rsquo;occasion de montrer que rien ne lui \u00e9chappe.<\/p>\n<p> <img decoding=\"async\" src=\"https:\/\/www.europesays.com\/fr\/wp-content\/uploads\/2025\/04\/mael-pilven.webp.webp\" alt=\"Ma\u00ebl Pilven\" width=\"120\" height=\"120\" class=\"visu-auteur\" loading=\"lazy\"\/><\/p>\n<p class=\"short-txt\"> Nouvelle ou ancienne, thermique ou \u00e9lectrique, l\u2019automobile me fait vibrer depuis toujours. Au volant comme derri\u00e8re mon \u00e9cran, j\u2019en parle avec autant de passion que possible !<\/p>\n<p> Notez cet article<\/p>\n<p> 2.5\/5 ( 4 votes)<\/p>\n<p>  Publi\u00e9 le  05\/08\/2025 \u00e0 19:30  <\/p>\n","protected":false},"excerpt":{"rendered":"Quelques jours apr\u00e8s l\u2019annonce du d\u00e9part d\u2019Adrian Mardell, JLR a nomm\u00e9 PB Balaji \u00e0 sa t\u00eate. Mais le&hellip;\n","protected":false},"author":2,"featured_media":298999,"comment_status":"","ping_status":"","sticky":false,"template":"","format":"standard","meta":{"footnotes":""},"categories":[6],"tags":[35,33,34,1011,27,622],"class_list":{"0":"post-298998","1":"post","2":"type-post","3":"status-publish","4":"format-standard","5":"has-post-thumbnail","7":"category-economie","8":"tag-business","9":"tag-economie","10":"tag-economy","11":"tag-fr","12":"tag-france","13":"tag-toute-lu0027actualitu00e9"},"share_on_mastodon":{"url":"https:\/\/pubeurope.com\/@fr\/114978399474934449","error":""},"_links":{"self":[{"href":"https:\/\/www.europesays.com\/fr\/wp-json\/wp\/v2\/posts\/298998","targetHints":{"allow":["GET"]}}],"collection":[{"href":"https:\/\/www.europesays.com\/fr\/wp-json\/wp\/v2\/posts"}],"about":[{"href":"https:\/\/www.europesays.com\/fr\/wp-json\/wp\/v2\/types\/post"}],"author":[{"embeddable":true,"href":"https:\/\/www.europesays.com\/fr\/wp-json\/wp\/v2\/users\/2"}],"replies":[{"embeddable":true,"href":"https:\/\/www.europesays.com\/fr\/wp-json\/wp\/v2\/comments?post=298998"}],"version-history":[{"count":0,"href":"https:\/\/www.europesays.com\/fr\/wp-json\/wp\/v2\/posts\/298998\/revisions"}],"wp:featuredmedia":[{"embeddable":true,"href":"https:\/\/www.europesays.com\/fr\/wp-json\/wp\/v2\/media\/298999"}],"wp:attachment":[{"href":"https:\/\/www.europesays.com\/fr\/wp-json\/wp\/v2\/media?parent=298998"}],"wp:term":[{"taxonomy":"category","embeddable":true,"href":"https:\/\/www.europesays.com\/fr\/wp-json\/wp\/v2\/categories?post=298998"},{"taxonomy":"post_tag","embeddable":true,"href":"https:\/\/www.europesays.com\/fr\/wp-json\/wp\/v2\/tags?post=298998"}],"curies":[{"name":"wp","href":"https:\/\/api.w.org\/{rel}","templated":true}]}}