{"id":299006,"date":"2025-08-05T22:02:19","date_gmt":"2025-08-05T22:02:19","guid":{"rendered":"https:\/\/www.europesays.com\/fr\/299006\/"},"modified":"2025-08-05T22:02:19","modified_gmt":"2025-08-05T22:02:19","slug":"charles-dallara-ecrit-a-emmanuel-macron-pour-sauver-la-pilule-contraceptive","status":"publish","type":"post","link":"https:\/\/www.europesays.com\/fr\/299006\/","title":{"rendered":"Charles Dallara \u00e9crit \u00e0 Emmanuel Macron pour sauver la pilule contraceptive"},"content":{"rendered":"<p><img decoding=\"async\" class=\"\" style=\"width:100%\" src=\"https:\/\/www.europesays.com\/fr\/wp-content\/uploads\/2025\/08\/489960343_2761063370757752_876566837051631046_n1754382119665.jpg\" alt=\"Charles Dallara, \u00e9lu \u00e0 Saint-Etienne, est aussi le petit fils de Lucien Neuwirth, p\u00e8re de la pilule\"\/><\/p>\n<p>Charles Dallara, \u00e9lu \u00e0 Saint-Etienne, est aussi le petit fils de Lucien Neuwirth, p\u00e8re de la pilule<\/p>\n<p>Cr\u00e9dit : Facebook<\/p>\n<p>Charles Dallara, \u00e9lu \u00e0 la mairie de Saint-Etienne, partage avec son grand-p\u00e8re le m\u00eame combat : celui des droits des femmes, et notamment d&rsquo;utiliser une pilule contraceptive. Si son grand-p\u00e8re Lucien Neuwirth est \u00e0 l&rsquo;origine de la loi l\u00e9galisant ce comprim\u00e9 en France, lui, Charles Dallara a pris la plume pour sauver des millions de st\u00e9rilets et de pilules.<\/p>\n<p>Destruction des stocks<\/p>\n<p>Fin juillet, le gouvernement Trump a anonc\u00e9 vouloir se d\u00e9barasser des pilules contraceptives et de st\u00e9rilet stock\u00e9s en Belgique : l&rsquo;Agence am\u00e9ricaine pour le d\u00e9veloppement international devait les distribuer aux pays les plus d\u00e9favoris\u00e9s. Il n&rsquo;en sera rien puisque l&rsquo;organisme a \u00e9t\u00e9 d\u00e9mentel\u00e9 et que, donc, les stocks seront d\u00e9tuits. Ils doivent \u00eatre incin\u00e9r\u00e9s bient\u00f4t&#8230; en France.<\/p>\n<p>Plusieurs partis politiques fran\u00e7ais, notamment de gauche, se sont insurg\u00e9s contre cette destruction. Mais aussi Charles Dallara. L&rsquo;\u00e9lu st\u00e9phanois a d\u00e9j\u00e0 \u00e9crit une lettre ouverte \u00e0 Emmanuel Macron, le 27 juillet. Rest\u00e9e sans r\u00e9ponse, il relance ce lundi 4 ao\u00fbt. Il demande au pr\u00e9sident de la R\u00e9publique de suspendre ou d&rsquo;arr\u00eater cette destruction par voie de d\u00e9cret. Il demande \u00e9galement une audience pour pouvoir s&rsquo;entretenir avec lui \u00e0 ce sujet.<\/p>\n","protected":false},"excerpt":{"rendered":"Charles Dallara, \u00e9lu \u00e0 Saint-Etienne, est aussi le petit fils de Lucien Neuwirth, p\u00e8re de la pilule Cr\u00e9dit&hellip;\n","protected":false},"author":2,"featured_media":299007,"comment_status":"","ping_status":"","sticky":false,"template":"","format":"standard","meta":{"footnotes":""},"categories":[9653],"tags":[1111,11,2430,41950,26246,6525,73,1777,674,1011,27,43928,12,26247,25,4001],"class_list":{"0":"post-299006","1":"post","2":"type-post","3":"status-publish","4":"format-standard","5":"has-post-thumbnail","7":"category-saint-etienne","8":"tag-actu","9":"tag-actualites","10":"tag-auvergne-rhone-alpes","11":"tag-charles-dallara","12":"tag-contraception","13":"tag-droit-des-femmes","14":"tag-etats-unis","15":"tag-eu","16":"tag-europe","17":"tag-fr","18":"tag-france","19":"tag-lucien-neuwirth","20":"tag-news","21":"tag-pilule","22":"tag-republique-francaise","23":"tag-saint-etienne"},"share_on_mastodon":{"url":"https:\/\/pubeurope.com\/@fr\/114978419052358185","error":""},"_links":{"self":[{"href":"https:\/\/www.europesays.com\/fr\/wp-json\/wp\/v2\/posts\/299006","targetHints":{"allow":["GET"]}}],"collection":[{"href":"https:\/\/www.europesays.com\/fr\/wp-json\/wp\/v2\/posts"}],"about":[{"href":"https:\/\/www.europesays.com\/fr\/wp-json\/wp\/v2\/types\/post"}],"author":[{"embeddable":true,"href":"https:\/\/www.europesays.com\/fr\/wp-json\/wp\/v2\/users\/2"}],"replies":[{"embeddable":true,"href":"https:\/\/www.europesays.com\/fr\/wp-json\/wp\/v2\/comments?post=299006"}],"version-history":[{"count":0,"href":"https:\/\/www.europesays.com\/fr\/wp-json\/wp\/v2\/posts\/299006\/revisions"}],"wp:featuredmedia":[{"embeddable":true,"href":"https:\/\/www.europesays.com\/fr\/wp-json\/wp\/v2\/media\/299007"}],"wp:attachment":[{"href":"https:\/\/www.europesays.com\/fr\/wp-json\/wp\/v2\/media?parent=299006"}],"wp:term":[{"taxonomy":"category","embeddable":true,"href":"https:\/\/www.europesays.com\/fr\/wp-json\/wp\/v2\/categories?post=299006"},{"taxonomy":"post_tag","embeddable":true,"href":"https:\/\/www.europesays.com\/fr\/wp-json\/wp\/v2\/tags?post=299006"}],"curies":[{"name":"wp","href":"https:\/\/api.w.org\/{rel}","templated":true}]}}