{"id":299008,"date":"2025-08-05T22:05:03","date_gmt":"2025-08-05T22:05:03","guid":{"rendered":"https:\/\/www.europesays.com\/fr\/299008\/"},"modified":"2025-08-05T22:05:03","modified_gmt":"2025-08-05T22:05:03","slug":"installation-sonore-regardez-ce-ciel-de-dominique-petitgand-au-jardin-botanique","status":"publish","type":"post","link":"https:\/\/www.europesays.com\/fr\/299008\/","title":{"rendered":"Installation sonore Regardez ce ciel de Dominique Petitgand au Jardin botanique"},"content":{"rendered":"<p>Du chant d\u2019un oiseau au vacarme d\u2019une tondeuse \u00e0 gazon poss\u00e9d\u00e9e par le d\u00e9mon un dimanche matin \u00e0 7\u00a0h\u00a030 en passant par une suite de Bach, on peut tout \u00e9couter, mais de mille mani\u00e8res diff\u00e9rentes. Pour Dominique Petitgand, il n\u2019y a pas de bonne ou de mauvaise mani\u00e8re de pr\u00eater attention. Depuis des ann\u00e9es, il invente des situations d\u2019\u00e9coute inhabituelles qu\u2019il aime glisser dans les endroits les plus inattendus, comme de fines failles qui fissurent le r\u00e9el. Cette ann\u00e9e, il va investir le jardin botanique pour y distiller ses voix et ses mati\u00e8res sonores au hasard des promenades. L\u2019animation est r\u00e9alis\u00e9e en partenariat avec le CCAM &#8211; Sc\u00e8ne Nationale de Vand\u0153uvre.<\/p>\n<p class=\"note\">Jusqu\u2019au dimanche 31\u00a0ao\u00fbt, de 9\u00a0h \u00e0 18\u00a0h au Jardin botanique Jean-Marie Pelt. 100, rue du Jardin botanique, \u00e0 Villers-l\u00e8s-Nancy.<\/p>\n","protected":false},"excerpt":{"rendered":"Du chant d\u2019un oiseau au vacarme d\u2019une tondeuse \u00e0 gazon poss\u00e9d\u00e9e par le d\u00e9mon un dimanche matin \u00e0&hellip;\n","protected":false},"author":2,"featured_media":299009,"comment_status":"","ping_status":"","sticky":false,"template":"","format":"standard","meta":{"footnotes":""},"categories":[9635],"tags":[1111,11,1687,1704,1777,674,1011,27,775,10262,1702,12,25,10261],"class_list":{"0":"post-299008","1":"post","2":"type-post","3":"status-publish","4":"format-standard","5":"has-post-thumbnail","7":"category-nancy","8":"tag-actu","9":"tag-actualites","10":"tag-culture-loisirs","11":"tag-edition-nancy-et-agglomeration","12":"tag-eu","13":"tag-europe","14":"tag-fr","15":"tag-france","16":"tag-grand-est","17":"tag-metropole-du-grand-nancy-54b5","18":"tag-nancy","19":"tag-news","20":"tag-republique-francaise","21":"tag-villers-les-nancy"},"share_on_mastodon":{"url":"https:\/\/pubeurope.com\/@fr\/114978430813502812","error":""},"_links":{"self":[{"href":"https:\/\/www.europesays.com\/fr\/wp-json\/wp\/v2\/posts\/299008","targetHints":{"allow":["GET"]}}],"collection":[{"href":"https:\/\/www.europesays.com\/fr\/wp-json\/wp\/v2\/posts"}],"about":[{"href":"https:\/\/www.europesays.com\/fr\/wp-json\/wp\/v2\/types\/post"}],"author":[{"embeddable":true,"href":"https:\/\/www.europesays.com\/fr\/wp-json\/wp\/v2\/users\/2"}],"replies":[{"embeddable":true,"href":"https:\/\/www.europesays.com\/fr\/wp-json\/wp\/v2\/comments?post=299008"}],"version-history":[{"count":0,"href":"https:\/\/www.europesays.com\/fr\/wp-json\/wp\/v2\/posts\/299008\/revisions"}],"wp:featuredmedia":[{"embeddable":true,"href":"https:\/\/www.europesays.com\/fr\/wp-json\/wp\/v2\/media\/299009"}],"wp:attachment":[{"href":"https:\/\/www.europesays.com\/fr\/wp-json\/wp\/v2\/media?parent=299008"}],"wp:term":[{"taxonomy":"category","embeddable":true,"href":"https:\/\/www.europesays.com\/fr\/wp-json\/wp\/v2\/categories?post=299008"},{"taxonomy":"post_tag","embeddable":true,"href":"https:\/\/www.europesays.com\/fr\/wp-json\/wp\/v2\/tags?post=299008"}],"curies":[{"name":"wp","href":"https:\/\/api.w.org\/{rel}","templated":true}]}}