{"id":299020,"date":"2025-08-05T22:19:16","date_gmt":"2025-08-05T22:19:16","guid":{"rendered":"https:\/\/www.europesays.com\/fr\/299020\/"},"modified":"2025-08-05T22:19:16","modified_gmt":"2025-08-05T22:19:16","slug":"cest-une-piste-quon-a-exploree-quand-nice-etait-proche-de-signer-cavani","status":"publish","type":"post","link":"https:\/\/www.europesays.com\/fr\/299020\/","title":{"rendered":"\u00abC\u2019est une piste qu\u2019on a explor\u00e9e\u00bb, quand Nice \u00e9tait proche de signer Cavani"},"content":{"rendered":"<p>Dans un entretien accord\u00e9 \u00e0 L\u2019\u00c9quipe, le futur ex-pr\u00e9sident de l\u2019OGC Nice Jean-Pierre Riv\u00e8re a assur\u00e9 que le Matador a \u00e9t\u00e9 proche de rejoindre la C\u00f4te d\u2019Azur en 2022.<\/p>\n<p class=\"fig-paragraph\">En 2022 apr\u00e8s deux saisons mitig\u00e9es \u00e0\u00a0<a href=\"http:\/\/www.lefigaro.fr\/sports\/football\/angleterre\/mercato-manchester-united-et-newcastle-luttent-pour-s-offrir-sesko-20250805\" data-fig-type=\"NewsFlash\" data-gtm-custom-categorie=\"navigation\" data-gtm-custom-action=\"crossclick\" data-gtm-custom-label=\"Contextuel\" data-gtm-event=\"customEventSPE\" data-fig-domain=\"LEFIGARO\" target=\"_blank\" rel=\"noopener\">Manchester United<\/a>, Edinson Cavani \u00e9tait \u00e0 la recherche d\u2019un nouveau d\u00e9fi. Le deuxi\u00e8me meilleur buteur de l\u2019histoire du Paris Saint-Germain a \u00e9t\u00e9 en discussion avec le futur ex-pr\u00e9sident de l\u2019<a href=\"http:\/\/www.lefigaro.fr\/sports\/football\/ligue-des-champions\/ligue-des-champions-si-on-commence-a-etre-effraye-par-les-adversaires-on-reste-chez-nous-lance-haise-avant-nice-benfica-20250805\" data-fig-type=\"NewsFlash\" data-gtm-custom-categorie=\"navigation\" data-gtm-custom-action=\"crossclick\" data-gtm-custom-label=\"Contextuel\" data-gtm-event=\"customEventSPE\" data-fig-domain=\"LEFIGARO\" target=\"_blank\" rel=\"noopener\">OGC Nice\u00a0<\/a>Jean-Pierre Riv\u00e8re avant de finalement signer \u00e0 Valence.<\/p>\n<p class=\"fig-paragraph\">Dans un entretien accord\u00e9 au quotidien sportif\u00a0<a href=\"https:\/\/www.lequipe.fr\/Football\/Article\/Jean-pierre-rivere-tu-vas-perdre-ton-argent-tu-vas-te-faire-laminer\/1582149\" target=\"_blank\" rel=\"nofollow noopener\" data-gtm-custom-categorie=\"navigation\" data-gtm-custom-action=\"crossclick\" data-gtm-custom-label=\"Contextuel\" data-gtm-event=\"customEventSPE\">L\u2019\u00c9quipe<\/a>, M. Riv\u00e8re a assur\u00e9 que c\u2019\u00e9tait \u00abune piste qu\u2019on a explor\u00e9e\u00bb avant de pr\u00e9ciser\u00a0: \u00abon va assez loin, je rencontre son fr\u00e8re qui vient au club, je parle avec Edinson en visio qui \u00e9tait \u00e0 Valence. Si on avait mis 1 million de plus sur la prime, ce qui \u00e9tait ma demande, on aurait pu le faire venir. Mais on m\u2019a dit non, du coup, j\u2019ai arr\u00eat\u00e9 l\u00e0\u00bb.<\/p>\n<p>                                    <a class=\"fig-a11y-skip a11y-hidden\" href=\"#fig-a11y-skip-main-inarticle\"><br \/>\n        Passer la publicit\u00e9<br \/>\n    <\/a><\/p>\n<p>14 ans \u00e0 la t\u00eate des Aiglons<\/p>\n<p class=\"fig-paragraph\">Jean-Pierre Riv\u00e8re a semble-t-il une pointe de regret en \u00e9voquant ce transfert avort\u00e9\u00a0: \u00abon ne peut plus g\u00e9rer ce type de dossiers si on n\u2019est pas le seul d\u00e9cideur\u00bb. L\u2019homme d\u2019affaires, pr\u00e9sident de l\u2019OGCN depuis 2011, va quitter son poste ce 20 ao\u00fbt. Une page est sur le point de se tourner \u00e0 Nice.<\/p>\n","protected":false},"excerpt":{"rendered":"Dans un entretien accord\u00e9 \u00e0 L\u2019\u00c9quipe, le futur ex-pr\u00e9sident de l\u2019OGC Nice Jean-Pierre Riv\u00e8re a assur\u00e9 que le&hellip;\n","protected":false},"author":2,"featured_media":299021,"comment_status":"","ping_status":"","sticky":false,"template":"","format":"standard","meta":{"footnotes":""},"categories":[2819],"tags":[1111,11,43929,1777,674,1011,27,12,2401,2268,882,93,25],"class_list":{"0":"post-299020","1":"post","2":"type-post","3":"status-publish","4":"format-standard","5":"has-post-thumbnail","7":"category-nice","8":"tag-actu","9":"tag-actualites","10":"tag-edinson-cavani","11":"tag-eu","12":"tag-europe","13":"tag-fr","14":"tag-france","15":"tag-news","16":"tag-nice","17":"tag-ogc-nice","18":"tag-provence-alpes-cote-dazur","19":"tag-psg","20":"tag-republique-francaise"},"share_on_mastodon":{"url":"https:\/\/pubeurope.com\/@fr\/114978485886926530","error":""},"_links":{"self":[{"href":"https:\/\/www.europesays.com\/fr\/wp-json\/wp\/v2\/posts\/299020","targetHints":{"allow":["GET"]}}],"collection":[{"href":"https:\/\/www.europesays.com\/fr\/wp-json\/wp\/v2\/posts"}],"about":[{"href":"https:\/\/www.europesays.com\/fr\/wp-json\/wp\/v2\/types\/post"}],"author":[{"embeddable":true,"href":"https:\/\/www.europesays.com\/fr\/wp-json\/wp\/v2\/users\/2"}],"replies":[{"embeddable":true,"href":"https:\/\/www.europesays.com\/fr\/wp-json\/wp\/v2\/comments?post=299020"}],"version-history":[{"count":0,"href":"https:\/\/www.europesays.com\/fr\/wp-json\/wp\/v2\/posts\/299020\/revisions"}],"wp:featuredmedia":[{"embeddable":true,"href":"https:\/\/www.europesays.com\/fr\/wp-json\/wp\/v2\/media\/299021"}],"wp:attachment":[{"href":"https:\/\/www.europesays.com\/fr\/wp-json\/wp\/v2\/media?parent=299020"}],"wp:term":[{"taxonomy":"category","embeddable":true,"href":"https:\/\/www.europesays.com\/fr\/wp-json\/wp\/v2\/categories?post=299020"},{"taxonomy":"post_tag","embeddable":true,"href":"https:\/\/www.europesays.com\/fr\/wp-json\/wp\/v2\/tags?post=299020"}],"curies":[{"name":"wp","href":"https:\/\/api.w.org\/{rel}","templated":true}]}}