{"id":299022,"date":"2025-08-05T22:20:30","date_gmt":"2025-08-05T22:20:30","guid":{"rendered":"https:\/\/www.europesays.com\/fr\/299022\/"},"modified":"2025-08-05T22:20:30","modified_gmt":"2025-08-05T22:20:30","slug":"une-soiree-de-courts-metrages-en-plein-air-a-nantes-le-6-aout-cinema","status":"publish","type":"post","link":"https:\/\/www.europesays.com\/fr\/299022\/","title":{"rendered":"Une soir\u00e9e de courts m\u00e9trages en plein air \u00e0 Nantes le 6 ao\u00fbt . Cin\u00e9ma"},"content":{"rendered":"<p>Six courts-m\u00e9trages qui racontent les histoires de la vie\u00a0: c\u2019est le programme propos\u00e9 par le festival Aux Heures d\u2019\u00e9t\u00e9. Ce mercredi 6\u00a0ao\u00fbt, le parc de la Gaudini\u00e8re, \u00e0 Nantes accueille la cinqui\u00e8me et derni\u00e8re s\u00e9ance de cin\u00e9ma en plein air de la programmation. Une soir\u00e9e intitul\u00e9e <strong>\u00ab\u00a0Les petites surprises de la vie\u00a0\u00bb<\/strong>. La s\u00e9ance commencera \u00e0 22\u00a0h\u00a015 et sera pr\u00e9c\u00e9d\u00e9e d\u2019une pr\u00e9sentation des films par Alexis Th\u00e9baudeau, un sp\u00e9cialiste cin\u00e9ma. Le petit plus\u00a0: la possibilit\u00e9 de pique-niquer avant de visionner pendant 1\u00a0h\u00a030, une s\u00e9rie de petits films sp\u00e9cialement s\u00e9lectionn\u00e9s. \u00c0 l\u2019affiche Delivery to Hell de Micka\u00ebl Dra\u00ef, Piroshki de Tatiana Werner, Pochette Surprise de Fran\u00e7ois Uzan, 30\u00a0minutes par jour de Samuel Lampaert, Kapitalistis de Pablo Mu\u00f1oz Gomez et Millionnaires de St\u00e9phane Bergmans.<\/p>\n<p><strong>Mercredi 9\u00a0ao\u00fbt<\/strong>,<strong>\u00a0<\/strong>\u00e0 22\u00a0h\u00a015, au parc de la Gaudini\u00e8re (entr\u00e9e par la rue Diane) \u00e0 Nantes. Dur\u00e9e\u00a0: 1\u00a0h\u00a030. Pour s\u2019y rendre, prendre le bus C2, arr\u00eat For\u00eat ou le bus 12, arr\u00eat Diane.<\/p>\n<p>\u00a0<\/p>\n","protected":false},"excerpt":{"rendered":"Six courts-m\u00e9trages qui racontent les histoires de la vie\u00a0: c\u2019est le programme propos\u00e9 par le festival Aux Heures&hellip;\n","protected":false},"author":2,"featured_media":298218,"comment_status":"","ping_status":"","sticky":false,"template":"","format":"standard","meta":{"footnotes":""},"categories":[2818],"tags":[28015,1111,11,2965,2863,25005,1777,674,1011,27,43833,766,12,2636,25,953],"class_list":{"0":"post-299022","1":"post","2":"type-post","3":"status-publish","4":"format-standard","5":"has-post-thumbnail","7":"category-nantes","8":"tag-28015","9":"tag-actu","10":"tag-actualites","11":"tag-air","12":"tag-aout","13":"tag-courts","14":"tag-eu","15":"tag-europe","16":"tag-fr","17":"tag-france","18":"tag-metrages","19":"tag-nantes","20":"tag-news","21":"tag-pays-de-la-loire","22":"tag-republique-francaise","23":"tag-soiree"},"share_on_mastodon":{"url":"https:\/\/pubeurope.com\/@fr\/114978489875644932","error":""},"_links":{"self":[{"href":"https:\/\/www.europesays.com\/fr\/wp-json\/wp\/v2\/posts\/299022","targetHints":{"allow":["GET"]}}],"collection":[{"href":"https:\/\/www.europesays.com\/fr\/wp-json\/wp\/v2\/posts"}],"about":[{"href":"https:\/\/www.europesays.com\/fr\/wp-json\/wp\/v2\/types\/post"}],"author":[{"embeddable":true,"href":"https:\/\/www.europesays.com\/fr\/wp-json\/wp\/v2\/users\/2"}],"replies":[{"embeddable":true,"href":"https:\/\/www.europesays.com\/fr\/wp-json\/wp\/v2\/comments?post=299022"}],"version-history":[{"count":0,"href":"https:\/\/www.europesays.com\/fr\/wp-json\/wp\/v2\/posts\/299022\/revisions"}],"wp:featuredmedia":[{"embeddable":true,"href":"https:\/\/www.europesays.com\/fr\/wp-json\/wp\/v2\/media\/298218"}],"wp:attachment":[{"href":"https:\/\/www.europesays.com\/fr\/wp-json\/wp\/v2\/media?parent=299022"}],"wp:term":[{"taxonomy":"category","embeddable":true,"href":"https:\/\/www.europesays.com\/fr\/wp-json\/wp\/v2\/categories?post=299022"},{"taxonomy":"post_tag","embeddable":true,"href":"https:\/\/www.europesays.com\/fr\/wp-json\/wp\/v2\/tags?post=299022"}],"curies":[{"name":"wp","href":"https:\/\/api.w.org\/{rel}","templated":true}]}}