{"id":299035,"date":"2025-08-05T22:28:12","date_gmt":"2025-08-05T22:28:12","guid":{"rendered":"https:\/\/www.europesays.com\/fr\/299035\/"},"modified":"2025-08-05T22:28:12","modified_gmt":"2025-08-05T22:28:12","slug":"rtm-a-marseille-le-corps-dun-homme-decouvert-dans-cette-station-de-metro-ce-que-lon-sait","status":"publish","type":"post","link":"https:\/\/www.europesays.com\/fr\/299035\/","title":{"rendered":"RTM \u00e0 Marseille. Le corps d&rsquo;un homme d\u00e9couvert dans cette station de m\u00e9tro : ce que l&rsquo;on sait"},"content":{"rendered":"<p>            Par<br \/>\n        <strong><br \/>\n            <a href=\"https:\/\/actu.fr\/auteur\/fabien-binacchi\" title=\"Consulter tous les articles de Fabien Binacchi\" target=\"_blank\" rel=\"noopener\">Fabien Binacchi<\/a><br \/>\n        <\/strong><\/p>\n<p>        Publi\u00e9 le<\/p>\n<p>            5 ao\u00fbt 2025 \u00e0 9h28        <\/p>\n<p><strong>INFO ACTU MARSEILLE.<\/strong> Nouveau drame dans le m\u00e9tro de <a href=\"https:\/\/actu.fr\/marseille\/\" target=\"_blank\" rel=\"noopener\">Marseille<\/a>. Ce mardi 5\u00a0ao\u00fbt 2025, avant le d\u00e9but du service, le corps sans vie d\u2019<strong>un homme d\u2019une cinquantaine d\u2019ann\u00e9es<\/strong> a \u00e9t\u00e9 d\u00e9couvert dans une station du 13e arrondissement de la ville, apprend actu Marseille aupr\u00e8s des <a href=\"https:\/\/actu.fr\/tag\/marin-pompier\" target=\"_blank\" rel=\"noopener\">marins-pompiers<\/a>.<\/p>\n<p class=\" wall-content\">Les rames n\u2019y ont pas marqu\u00e9 l\u2019arr\u00eat pendant toute une partie de la matin\u00e9e.<\/p>\n<p>D\u00e9couverte macabre<\/p>\n<p class=\" wall-content\">Les secours sont intervenus un peu apr\u00e8s 5h ce mardi 5 ao\u00fbt 2025, pr\u00e9venus d\u2019une d\u00e9couverte macabre dans <strong>la station Frais-Vallon,<\/strong> sur la ligne M1 de la <a href=\"https:\/\/actu.fr\/tag\/rtm\" target=\"_blank\" rel=\"noopener\">RTM<\/a>.<\/p>\n<p class=\" wall-content\">\u00ab\u2009Un sans domicile fixe \u00e2g\u00e9 d\u2019une cinquantaine d\u2019ann\u00e9es a \u00e9t\u00e9 <strong>d\u00e9clar\u00e9 d\u00e9c\u00e9d\u00e9 par le m\u00e9decin<\/strong>\u2009\u00bb, indique le bataillon \u00e0 notre r\u00e9daction.<\/p>\n<p>La station ferm\u00e9e plus de trois heures<\/p>\n<p class=\" wall-content\">Pendant l\u2019intervention des secours et de la <a href=\"https:\/\/actu.fr\/tag\/police\" target=\"_blank\" rel=\"noopener\">police<\/a>, qui a proc\u00e9d\u00e9 aux constatations d\u2019usage, la station a \u00e9t\u00e9 <strong>ferm\u00e9e au public.<\/strong> Elle n\u2019a pas \u00e9t\u00e9 desservie pendant plus de trois heures.<\/p>\n<p class=\" wall-content\"><strong>Peu apr\u00e8s 9h,<\/strong> ce mardi 5\u00a0ao\u00fbt, la RTM annon\u00e7ait un retour progressif \u00e0 la normale.<\/p>\n<p class=\" wall-content\">Suivez toute l\u2019actualit\u00e9 de vos villes et m\u00e9dias favoris en vous inscrivant \u00e0 <a href=\"https:\/\/moncompte.actu.fr\" title=\"D\u00e9couvez Mon Actu\" rel=\"nofollow noopener\" data-trk=\"{&quot;cta&quot;:{&quot;action&quot;:&quot;https:\\\/\\\/moncompte.actu.fr&quot;,&quot;category&quot;:&quot;mon compte&quot;,&quot;from&quot;:&quot;article footer&quot;,&quot;name&quot;:&quot;Mon actu&quot;,&quot;type&quot;:&quot;cta&quot;}}\" target=\"_blank\">Mon Actu<\/a>.<\/p>\n","protected":false},"excerpt":{"rendered":"Par Fabien Binacchi Publi\u00e9 le 5 ao\u00fbt 2025 \u00e0 9h28 INFO ACTU MARSEILLE. Nouveau drame dans le m\u00e9tro&hellip;\n","protected":false},"author":2,"featured_media":299036,"comment_status":"","ping_status":"","sticky":false,"template":"","format":"standard","meta":{"footnotes":""},"categories":[2814],"tags":[1111,11,1777,674,118,1011,27,884,4047,12,882,25,10783],"class_list":{"0":"post-299035","1":"post","2":"type-post","3":"status-publish","4":"format-standard","5":"has-post-thumbnail","7":"category-marseille","8":"tag-actu","9":"tag-actualites","10":"tag-eu","11":"tag-europe","12":"tag-faits-divers","13":"tag-fr","14":"tag-france","15":"tag-marseille","16":"tag-metro","17":"tag-news","18":"tag-provence-alpes-cote-dazur","19":"tag-republique-francaise","20":"tag-rtm"},"share_on_mastodon":{"url":"https:\/\/pubeurope.com\/@fr\/114978521311585824","error":""},"_links":{"self":[{"href":"https:\/\/www.europesays.com\/fr\/wp-json\/wp\/v2\/posts\/299035","targetHints":{"allow":["GET"]}}],"collection":[{"href":"https:\/\/www.europesays.com\/fr\/wp-json\/wp\/v2\/posts"}],"about":[{"href":"https:\/\/www.europesays.com\/fr\/wp-json\/wp\/v2\/types\/post"}],"author":[{"embeddable":true,"href":"https:\/\/www.europesays.com\/fr\/wp-json\/wp\/v2\/users\/2"}],"replies":[{"embeddable":true,"href":"https:\/\/www.europesays.com\/fr\/wp-json\/wp\/v2\/comments?post=299035"}],"version-history":[{"count":0,"href":"https:\/\/www.europesays.com\/fr\/wp-json\/wp\/v2\/posts\/299035\/revisions"}],"wp:featuredmedia":[{"embeddable":true,"href":"https:\/\/www.europesays.com\/fr\/wp-json\/wp\/v2\/media\/299036"}],"wp:attachment":[{"href":"https:\/\/www.europesays.com\/fr\/wp-json\/wp\/v2\/media?parent=299035"}],"wp:term":[{"taxonomy":"category","embeddable":true,"href":"https:\/\/www.europesays.com\/fr\/wp-json\/wp\/v2\/categories?post=299035"},{"taxonomy":"post_tag","embeddable":true,"href":"https:\/\/www.europesays.com\/fr\/wp-json\/wp\/v2\/tags?post=299035"}],"curies":[{"name":"wp","href":"https:\/\/api.w.org\/{rel}","templated":true}]}}